{"id":996,"date":"2024-11-01T07:26:35","date_gmt":"2024-11-01T12:26:35","guid":{"rendered":"http:\/\/peruanos.nl\/2024\/07\/26\/this-video-game-is-turning-the-pandemic-jobless-into-crypto-traders\/"},"modified":"2025-03-31T14:29:22","modified_gmt":"2025-03-31T12:29:22","slug":"paul-vigo-berrospi-un-emprendedor-peruano-que-fusiona-sabores-y-suenos-en-paises-bajos","status":"publish","type":"post","link":"https:\/\/peruanos.nl\/es\/paul-vigo-berrospi-un-emprendedor-peruano-que-fusiona-sabores-y-suenos-en-paises-bajos\/","title":{"rendered":"Paul Vigo Berrospi: Un Emprendedor Peruano que Fusiona Sabores y Sue\u00f1os en Pa\u00edses Bajos"},"content":{"rendered":"\n<p>La historia de<strong> Paul Vigo Berrospi <\/strong>es la de un peruano, como tantos, que se aventur\u00f3 a dejar su tierra natal, <strong>Cajamarca<\/strong>, para comenzar una nueva vida en los <strong>Pa\u00edses Bajos<\/strong>. Con determinaci\u00f3n, pasi\u00f3n y un amor profundo por su familia y su herencia peruana, Paul ha superado desaf\u00edos, encontrado nuevas oportunidades y ha sabido reinventarse ante las adversidades para compartir la riqueza de los sabores peruanos en Europa. En esta entrevista, nos cuenta sobre sus peripecias, sus ganas de superaci\u00f3n y las lecciones que ha aprendido en el camino.<\/p>\n\n\n\n<h3 class=\"wp-block-heading\"><strong><strong>Cajamarca: Ra\u00edces y Recuerdos<\/strong><\/strong><\/h3>\n\n\n\n<p>Paul naci\u00f3 en Cajamarca, una ciudad que describe con gran cari\u00f1o: \u201cViv\u00ed en Cajamarca hasta mis 33 a\u00f1os, a dos cuadras de la plaza de armas. Tengo muy buenos recuerdos de mi tiempo en Per\u00fa, los mejores y m\u00e1s duraderos en mi ciudad, ya que viv\u00eda rodeado de familia, amigos y sobre todo cultura propia\u201d. Estudi\u00f3 Ciencias de la Comunicaci\u00f3n y, aunque no era un cocinero formal, siempre tuvo inter\u00e9s por la cocina gracias a la influencia de su familia, Su madre, su tia y demas familiares que es su mayoria, todas mujeres, dejaban grabado en su alma los sabores y olores de la deliciosa cocina del hogar.<\/p>\n\n\n\n<h3 class=\"wp-block-heading\"><strong>El Inicio de una Nueva Aventura: Emigrar a Pa\u00edses Bajos<\/strong><\/h3>\n\n\n\n<p>La vida de Paul dio un giro cuando junto a su esposa, Sara, decidi\u00f3 mudarse a Pa\u00edses Bajos en el 2017. \u201cVivimos en Cajamarca con mi esposa Sara, de nacionalidad holandesa, por 9 a\u00f1os m\u00e1s o menos, y cuando naci\u00f3 nuestra primera hija, Julia, decidimos venir a empezar de cero. Sara quer\u00eda regresar a su pa\u00eds, pero entendi\u00f3 cuando le dije que iba a estar muy triste si les pasaba algo a mis padres, ya que estaban mal de salud\u201d.<\/p>\n\n\n\n<figure class=\"wp-block-image size-full is-resized alignnone wp-image-947\"><img fetchpriority=\"high\" decoding=\"async\" width=\"2000\" height=\"2000\" src=\"https:\/\/peruanos.nl\/wp-content\/uploads\/2024\/11\/0Q3A1079_1_11zon.jpg\" alt=\"\" class=\"wp-image-2277\" style=\"width:1170px;height:auto\" srcset=\"https:\/\/peruanos.nl\/wp-content\/uploads\/2024\/11\/0Q3A1079_1_11zon.jpg 2000w, https:\/\/peruanos.nl\/wp-content\/uploads\/2024\/11\/0Q3A1079_1_11zon-300x300.jpg 300w, https:\/\/peruanos.nl\/wp-content\/uploads\/2024\/11\/0Q3A1079_1_11zon-1024x1024.jpg 1024w, https:\/\/peruanos.nl\/wp-content\/uploads\/2024\/11\/0Q3A1079_1_11zon-150x150.jpg 150w, https:\/\/peruanos.nl\/wp-content\/uploads\/2024\/11\/0Q3A1079_1_11zon-768x768.jpg 768w, https:\/\/peruanos.nl\/wp-content\/uploads\/2024\/11\/0Q3A1079_1_11zon-1536x1536.jpg 1536w, https:\/\/peruanos.nl\/wp-content\/uploads\/2024\/11\/0Q3A1079_1_11zon-600x600.jpg 600w, https:\/\/peruanos.nl\/wp-content\/uploads\/2024\/11\/0Q3A1079_1_11zon-100x100.jpg 100w, https:\/\/peruanos.nl\/wp-content\/uploads\/2024\/11\/0Q3A1079_1_11zon-75x75.jpg 75w, https:\/\/peruanos.nl\/wp-content\/uploads\/2024\/11\/0Q3A1079_1_11zon-350x350.jpg 350w, https:\/\/peruanos.nl\/wp-content\/uploads\/2024\/11\/0Q3A1079_1_11zon-750x750.jpg 750w, https:\/\/peruanos.nl\/wp-content\/uploads\/2024\/11\/0Q3A1079_1_11zon-1140x1140.jpg 1140w\" sizes=\"(max-width: 2000px) 100vw, 2000px\" \/><figcaption class=\"wp-element-caption\">Presentaci\u00f3n del Lomo Saltado  | Restaurante \u00abCeviche con Cuchara\u00bb<\/figcaption><\/figure>\n\n\n\n<p>Un buen d\u00eda Paul le comento a su padre la idea de emigrar con su propia Familia a los Paises Bajos: \u201cAncestro &#8211; as\u00ed le dec\u00eda de cari\u00f1o a mi padre-, voy a ir a vivir a Holanda\u201d A lo que padre le respondi\u00f3 con el amor de un padre por su hijo: \u201cNo cholito, te vas cuando yo est\u00e9 bajo tierra\u201d<\/p>\n\n\n\n<p>Su padre lastimosamente falleci\u00f3 algunos meses despu\u00e9s y al a\u00f1o su madre, a quien con mucho amor llamaba \u00abmi acestrita\u201d, tambi\u00e9n falleci\u00f3<\/p>\n\n\n\n<blockquote class=\"wp-block-quote pullquote align-center is-layout-flow wp-block-quote-is-layout-flow\">\n<p>\u201cNo soy un cocinero tradicional, pero llevo a mis platos los sabores que desde ni\u00f1o recuerdo\u201d<\/p>\n<\/blockquote>\n\n\n\n<p>Su decisi\u00f3n fue emotiva, especialmente tras la p\u00e9rdida de sus padres, quienes jugaron un papel fundamental en su vida. Pero con el apoyo de su esposa y sus hijas, Paul decidi\u00f3 empezar una nueva aventura en un pa\u00eds distinto, con una cultura y costumbres diferentes a las que estaba acostumbrado.<\/p>\n\n\n\n<h3 class=\"wp-block-heading\"><strong><strong>El Despertar del Chef en Pa\u00edses Bajos<\/strong><\/strong><\/h3>\n\n\n\n<p>Al llegar a los Pa\u00edses Bajos, Paul encontr\u00f3 su verdadera pasi\u00f3n por la cocina. Aunque al principio tuvo algunas experiencias buenas, positivas pero algunas complicadas y aleccionadoras trabajando en restaurantes, su amor por la gastronom\u00eda lo motiv\u00f3 a seguir adelante. \u201cAl inicio trabaj\u00e9 en dos restaurantes peruanos, pero no fue como esperaba, as\u00ed que decid\u00ed explorar otras oportunidades. Luego conoc\u00ed a Devora, una chef compatriota, y gracias a ella, volv\u00ed a enamorarme de la cocina. Fue como un curso intensivo en el ritmo fren\u00e9tico de una cocina profesional, y me di cuenta de que quer\u00eda quedarme en este mundo\u201d, recuerda Paul.<\/p>\n\n\n\n<p>Su aprendizaje en diferentes restaurantes le permiti\u00f3 descubrir las cosas buenas de cada uno y aprender de las situaciones dif\u00edciles. \u00abEn los malos lugares aprend\u00ed c\u00f3mo no hacer las cosas, y en los buenos aprend\u00ed t\u00e9cnicas, manejo de personal, y, sobre todo, el conocimiento del paladar holand\u00e9s\u00bb.<\/p>\n\n\n\n<h3 class=\"wp-block-heading\"><strong><strong><strong>Emprender en la Cocina Peruana: Una Fusi\u00f3n de Sabores<\/strong><\/strong><\/strong><\/h3>\n\n\n\n<p>Paul no solo se conform\u00f3 con aprender; decidi\u00f3 emprender y fusionar los sabores de su tierra con influencias locales y asi\u00e1ticas. \u201cEn los lugares donde trabajaba propon\u00eda recetas de comida peruana, y ve\u00eda que ten\u00edan buena aceptaci\u00f3n. Esto me motiv\u00f3 a iniciar un proyecto de workshops, donde pod\u00eda mostrar la versatilidad de nuestra gastronom\u00eda\u201d, comenta. Para Paul, emprender signific\u00f3 llevar las ra\u00edces de su cultura a nuevas mesas, adapt\u00e1ndose al gusto local pero manteniendo la esencia peruana.<\/p>\n\n\n\n<p>\u201cNo soy un cocinero tradicional, pero llevo a mis platos los sabores que desde ni\u00f1o recuerdo\u201d, dice con orgullo. Para \u00e9l, no hay un plato en particular que represente su emprendimiento, sino una fusi\u00f3n creativa que explora sabores peruanos e ingredientes de otras culturas. \u201cMe gusta improvisar y combinar, pero lo m\u00e1s importante es que el cliente disfrute de algo sabroso y con historia en su mesa\u201d.<\/p>\n\n\n\n<h3 class=\"wp-block-heading\"><strong><strong><strong><strong>Fortalezas, Retos y Logros: El Rostro del Emprendimiento<\/strong><\/strong><\/strong><\/strong><\/h3>\n\n\n\n<p>Los emprendedores no nacen, se hacen y Paul ha tenido que enfrentarse a desaf\u00edos, pero sus fortalezas lo han ayudado a salir adelante. \u201cMe gusta arriesgar, y cuando trabajo en algo que es m\u00edo, doy el 150%. Me encanta ense\u00f1ar lo que he aprendido aqu\u00ed, y me preocupo mucho por la satisfacci\u00f3n del p\u00fablico\u201d, asegura. Sin embargo, reconoce que la parte administrativa no es su fuerte, y que a\u00fan est\u00e1 aprendiendo a lidiar con temas como la contabilidad y la organizaci\u00f3n financiera.<\/p>\n\n\n\n<p>A pesar de las dificultades, su mayor logro ha sido poder desarrollar un proyecto personal de cocina peruana en un pa\u00eds tan distinto culturalmente como Pa\u00edses Bajos. \u201cPara m\u00ed, el hecho de que mi proyecto tenga aceptaci\u00f3n aqu\u00ed es mi mayor logro, tanto profesional como personal\u201d.<\/p>\n\n\n\n<h3 class=\"wp-block-heading\"><strong><strong><strong><strong><strong>La Gastronom\u00eda Peruana en Europa: Un Futuro Prometedor<\/strong><\/strong><\/strong><\/strong><\/strong><\/h3>\n\n\n\n<p>Cuando se le pregunta sobre la evoluci\u00f3n de la gastronom\u00eda peruana en Europa, Paul tiene una visi\u00f3n clara: \u201cSi las personas que estamos en el rubro gastron\u00f3mico le ponemos el alma y coraz\u00f3n, podremos llegar a posicionar nuestra cultura culinaria muy lejos. Respeto mucho nuestra comida, pero tambi\u00e9n me arriesgo a modificar y adaptar un poco para los gustos locales. Creo que esa fusi\u00f3n y adaptaci\u00f3n son claves para tener mayor aceptaci\u00f3n\u201d.<\/p>\n\n\n\n<p>Para \u00e9l, el ceviche es el plato que m\u00e1s lo conecta emocionalmente con Per\u00fa. \u201cEs un plato que nos acompa\u00f1a pr\u00e1cticamente desde que nacemos, en distintas versiones, y est\u00e1 presente siempre, en reuniones familiares y entre amigos\u201d.<\/p>\n\n\n\n<h3 class=\"wp-block-heading\"><strong><strong><strong><strong><strong><strong>La Familia: El Motor de Su Vida<\/strong><\/strong><\/strong><\/strong><\/strong><\/strong><\/h3>\n\n\n\n<p>Paul destaca que su familia ha sido fundamental para su \u00e9xito. \u201cMi esposa y mis dos peque\u00f1as hijas son los motores principales de esta locura que estoy jug\u00e1ndome aqu\u00ed, y desde el inicio cuento con su apoyo incondicional. Por ellas, estoy haciendo lo que estoy haciendo\u201d.<\/p>\n\n\n\n<p>Para quienes deseen seguir un camino similar, Paul tiene un consejo: \u201cSi tienes un sue\u00f1o, primero pisa tierra, analiza el mercado y, si ves que va a funcionar, \u00a1ve por ese sue\u00f1o! No tengas miedo de arriesgar si sabes que es lo que quieres\u201d.<\/p>\n\n\n\n<h3 class=\"wp-block-heading\"><strong><strong><strong><strong><strong><strong><strong>Un Camino de Aprendizaje y Adaptaci\u00f3n<\/strong><\/strong><\/strong><\/strong><\/strong><\/strong><\/strong><\/h3>\n\n\n\n<p>Al reflexionar sobre su trayectoria, Paul destaca que cada experiencia, buena o mala, ha sido una oportunidad de aprendizaje. \u201cEl camino es muy largo, y todos los d\u00edas se aprenden cosas nuevas. A la fecha, s\u00e9 que no s\u00e9 nada, y eso me motiva a seguir creciendo\u201d.<\/p>\n\n\n\n<p>Con pasi\u00f3n y esfuerzo, Paul Vigo Berrospi ha logrado llevar la esencia de la gastronom\u00eda peruana a Pa\u00edses Bajos, fusionando sabores y mostrando lo mejor de sus aprendizajes, aciertos y esfuerzos por superaci\u00f3n mezclando su cultura peruana con su vida en Pa\u00edses Bajos a un p\u00fablico nuevo y diverso. Su historia es un ejemplo inspirador de c\u00f3mo la perseverancia y la pasi\u00f3n pueden llevarte a alcanzar grandes logros, sin importar la distancia de tu hogar.<\/p>\n\n\n\n<h3 class=\"wp-block-heading\"><strong><strong><strong><strong><strong><strong><strong><strong>\u00a1D\u00e9janos tus Opiniones!<\/strong><\/strong><\/strong><\/strong><\/strong><\/strong><\/strong><\/strong><\/h3>\n\n\n\n<p>No te quedes sin probar sus deliciosos platos en su stand \u201cCeviche con cuchara\u201d ubicado en <a href=\"https:\/\/foodhallarnhem.nl\/\" target=\"_blank\" rel=\"noreferrer noopener\">Foodhall Arnhem<\/a> (<a href=\"https:\/\/www.google.com\/maps\/place\/data=!4m2!3m1!1s0x47c7a59e06802b89:0xadfd07d7242c2cd1?sa=X&amp;ved=1t:8290&amp;ictx=111\" target=\"_blank\" rel=\"noreferrer noopener\">Rijnkade 49, 6811 HB Arnhem)<\/a>. Tambien te invitamos a visitar su p\u00e1gina web <a href=\"https:\/\/www.workshopperuvianfood.nl\/\">www.workshopperuvianfood.nl<\/a> y descubre su talento culinario. \u00a1Comparte este art\u00edculo con tus amigos para que tambi\u00e9n puedan conocer su historia y apoyar a un talento peruano en el mundo de la gastronom\u00eda!<\/p>\n\n\n\n<p>\u00a1Queremos saber tu opini\u00f3n sobre Paul y tu participaci\u00f3n es muy importante, as\u00ed que d\u00e9janos tus comentarios y comparte esta experiencia. \u00a1Gracias por acompa\u00f1arnos en esta aventura culinaria Peruana!<\/p>\n\n\n\n<p><\/p>\n","protected":false},"excerpt":{"rendered":"<p>La historia de Paul Vigo Berrospi es la de un peruano, como tantos, que se aventur\u00f3 a dejar su tierra natal, Cajamarca, para comenzar una nueva vida en los Pa\u00edses Bajos. Con determinaci\u00f3n, pasi\u00f3n y un amor profundo por su familia y su herencia peruana, Paul ha superado desaf\u00edos, encontrado nuevas oportunidades y ha sabido [&hellip;]<\/p>\n","protected":false},"author":1,"featured_media":2272,"comment_status":"open","ping_status":"open","sticky":false,"template":"","format":"standard","meta":{"jnews-multi-image_gallery":[],"jnews_single_post":{"source_name":"","source_url":"","via_name":"","via_url":"","override_template":"0","override":[{"template":"1","single_blog_custom":"","parallax":"1","fullscreen":"1","layout":"right-sidebar","sidebar":"default-sidebar","second_sidebar":"default-sidebar","sticky_sidebar":"1","share_position":"top","share_float_style":"share-monocrhome","show_share_counter":"1","show_view_counter":"1","show_featured":"1","show_post_meta":"1","show_post_author":"1","show_post_author_image":"1","show_post_date":"1","post_date_format":"default","post_date_format_custom":"Y\/m\/d","show_post_category":"1","show_post_reading_time":"0","post_reading_time_wpm":"300","show_zoom_button":"0","zoom_button_out_step":"2","zoom_button_in_step":"3","show_post_tag":"1","show_prev_next_post":"1","show_popup_post":"1","number_popup_post":"1","show_author_box":"0","show_post_related":"0","show_inline_post_related":"0","post_calculate_word_method":"str_word_count"}],"override_image_size":"0","image_override":[{"single_post_thumbnail_size":"crop-500","single_post_gallery_size":"crop-500"}],"trending_post":"0","trending_post_position":"meta","trending_post_label":"Trending","sponsored_post":"0","sponsored_post_label":"Sponsored by","sponsored_post_name":"","sponsored_post_url":"","sponsored_post_logo_enable":"0","sponsored_post_logo":"","sponsored_post_desc":"","format":"standard","video":"https:\/\/www.youtube.com\/watch?v=YdJc7-ZEuT0","disable_ad":"0"},"jnews_primary_category":{"id":"49"},"jnews_social_meta":[],"jnews_override_counter":{"view_counter_number":"0","share_counter_number":"0","like_counter_number":"0","dislike_counter_number":"0"},"footnotes":""},"categories":[1,186],"tags":[295,296,297],"class_list":["post-996","post","type-post","status-publish","format-standard","has-post-thumbnail","hentry","category-culture","category-estilo-de-vida","tag-cajamarca","tag-cocina-peruana","tag-paul-vigo-berospi"],"_links":{"self":[{"href":"https:\/\/peruanos.nl\/es\/wp-json\/wp\/v2\/posts\/996","targetHints":{"allow":["GET"]}}],"collection":[{"href":"https:\/\/peruanos.nl\/es\/wp-json\/wp\/v2\/posts"}],"about":[{"href":"https:\/\/peruanos.nl\/es\/wp-json\/wp\/v2\/types\/post"}],"author":[{"embeddable":true,"href":"https:\/\/peruanos.nl\/es\/wp-json\/wp\/v2\/users\/1"}],"replies":[{"embeddable":true,"href":"https:\/\/peruanos.nl\/es\/wp-json\/wp\/v2\/comments?post=996"}],"version-history":[{"count":10,"href":"https:\/\/peruanos.nl\/es\/wp-json\/wp\/v2\/posts\/996\/revisions"}],"predecessor-version":[{"id":4081,"href":"https:\/\/peruanos.nl\/es\/wp-json\/wp\/v2\/posts\/996\/revisions\/4081"}],"wp:featuredmedia":[{"embeddable":true,"href":"https:\/\/peruanos.nl\/es\/wp-json\/wp\/v2\/media\/2272"}],"wp:attachment":[{"href":"https:\/\/peruanos.nl\/es\/wp-json\/wp\/v2\/media?parent=996"}],"wp:term":[{"taxonomy":"category","embeddable":true,"href":"https:\/\/peruanos.nl\/es\/wp-json\/wp\/v2\/categories?post=996"},{"taxonomy":"post_tag","embeddable":true,"href":"https:\/\/peruanos.nl\/es\/wp-json\/wp\/v2\/tags?post=996"}],"curies":[{"name":"wp","href":"https:\/\/api.w.org\/{rel}","templated":true}]}}