{"id":4838,"date":"2025-05-09T12:48:00","date_gmt":"2025-05-09T10:48:00","guid":{"rendered":"https:\/\/peruanos.nl\/?p=4838"},"modified":"2025-05-10T17:36:46","modified_gmt":"2025-05-10T15:36:46","slug":"milagros-mendez-una-vida-mil-caminos-y-un-tamal-que-cuenta-su-historia","status":"publish","type":"post","link":"https:\/\/peruanos.nl\/es\/milagros-mendez-una-vida-mil-caminos-y-un-tamal-que-cuenta-su-historia\/","title":{"rendered":"Milagros M\u00e9ndez: Una Vida, Mil Caminos, y un Tamal que Cuenta su Historia"},"content":{"rendered":"\n<p><br>En un rinc\u00f3n de La Haya, entre el bullicio urbano y la brisa de los canales, Milagros M\u00e9ndez ha amasado su propia versi\u00f3n de hogar. Nacida en Trujillo (Per\u00fa), su vida ha sido una traves\u00eda constante: Ecuador, Argentina, Espa\u00f1a , Reino Unido y, ahora, los Pa\u00edses Bajos. Con cada mudanza, fue recogiendo conocimiento, sabores y recuerdos que hoy cobran vida en Tamales Uchu8, su emprendimiento de <strong>tamales peruanos.<\/strong><\/p>\n\n\n\n<p>Curiosamente, su vocaci\u00f3n naci\u00f3 de una telenovela brasile\u00f1a \u2014<em>Vale Tudo<\/em>\u2014 que despert\u00f3 en ella una pasi\u00f3n inesperada: la cocina. Tras formarse y trabajar en renombrados restaurantes europeos, como Astrid &amp; Gast\u00f3n en Madrid, decidi\u00f3 fundar Tamales Uchu8 en La Haya, un peque\u00f1o santuario del sabor peruano donde cada tamal conecta continentes y memorias.<\/p>\n\n\n\n<p>Este art\u00edculo te invita a explorar sus ra\u00edces, conocer sus desaf\u00edos como migrante y descubrir c\u00f3mo un simple tamal puede convertirse en s\u00edmbolo de identidad, coraje y pasi\u00f3n. Y, por supuesto, c\u00f3mo Milagros logr\u00f3 recrear un rinc\u00f3n del Per\u00fa en el coraz\u00f3n de los Pa\u00edses Bajos.<\/p>\n\n\n\n<h2 class=\"wp-block-heading\"><strong>Ra\u00edces y Pasiones: entre sabores latinos<\/strong><\/h2>\n\n\n\n<p>La infancia de Milagros fue un mosaico de culturas: el saz\u00f3n ecuatoriano de su abuela (ella era de Ecuador), la calidez coste\u00f1a de su padre en Trujillo y el esp\u00edritu porte\u00f1o de Argentina. En cada hogar donde vivi\u00f3, descubri\u00f3 recetas que hablaban de memoria, afecto y tradici\u00f3n.<\/p>\n\n\n\n<p>\u201cMis vacaciones en Per\u00fa eran un festival de sabores: pollo a la brasa, helados D\u2019Onofrio, risas y abrazos familiares\u201d, recuerda. Aquellos primeros encuentros con la gastronom\u00eda peruana y latinoamericana encendieron una pasi\u00f3n que, aunque tard\u00eda, terminar\u00eda marcando su rumbo.<\/p>\n\n\n\n<p>A los 14 a\u00f1os, su madre se mud\u00f3 a Argentina y Milagros qued\u00f3 instalada en Buenos Aires. All\u00ed, entre clases y tareas escolares, absorbi\u00f3 la riqueza de la cocina local, sin dejar de lado sus ra\u00edces. \u201cLa comida peruana era un tesoro de sabores que siempre aliment\u00f3 mi curiosidad culinaria\u201d, dice hoy con una sonrisa.<\/p>\n\n\n\n<figure class=\"wp-block-image size-large is-resized\"><img fetchpriority=\"high\" decoding=\"async\" width=\"1024\" height=\"766\" src=\"https:\/\/peruanos.nl\/wp-content\/uploads\/2025\/05\/milagros_mendez_inside_articulo_1-1024x766.webp\" alt=\"\" class=\"wp-image-4849\" style=\"width:1170px;height:auto\" srcset=\"https:\/\/peruanos.nl\/wp-content\/uploads\/2025\/05\/milagros_mendez_inside_articulo_1-1024x766.webp 1024w, https:\/\/peruanos.nl\/wp-content\/uploads\/2025\/05\/milagros_mendez_inside_articulo_1-300x224.webp 300w, https:\/\/peruanos.nl\/wp-content\/uploads\/2025\/05\/milagros_mendez_inside_articulo_1-768x575.webp 768w, https:\/\/peruanos.nl\/wp-content\/uploads\/2025\/05\/milagros_mendez_inside_articulo_1-600x449.webp 600w, https:\/\/peruanos.nl\/wp-content\/uploads\/2025\/05\/milagros_mendez_inside_articulo_1-750x561.webp 750w, https:\/\/peruanos.nl\/wp-content\/uploads\/2025\/05\/milagros_mendez_inside_articulo_1.webp 1140w\" sizes=\"(max-width: 1024px) 100vw, 1024px\" \/><figcaption class=\"wp-element-caption\">Milagros Mendez con Ferran Adria &amp; Gaston Acurio en Madrid<\/figcaption><\/figure>\n\n\n\n<h2 class=\"wp-block-heading\"><strong>El Llamado de la Cocina: de la novela a los fogones<\/strong><\/h2>\n\n\n\n<p>Su amor por la cocina naci\u00f3 a los 7 a\u00f1os, influenciado por la telenovela brasile\u00f1a \u00abVale Tudo\u00bb, donde los fogones y las recetas eran protagonistas. Sin saberlo, aquella historia televisiva plant\u00f3 en su interior la semilla de un sue\u00f1o. Pasaron 17 a\u00f1os antes de que decidiera estudiar gastronom\u00eda, momento en el que comprendi\u00f3 que cada t\u00e9cnica y cada sabor eran piezas de un rompecabezas que formaba su identidad.<\/p>\n\n\n\n<h2 class=\"wp-block-heading\"><strong>Formaci\u00f3n y Experiencia Profesional: de Buenos Aires a Astrid &amp; Gast\u00f3n<\/strong><\/h2>\n\n\n\n<p>Con el empuje de su pasi\u00f3n, Milagros dej\u00f3 Argentina a los 19 a\u00f1os para reunirse con su madre en Barcelona. Lejos de sentir miedo, encontr\u00f3 un ambiente cosmopolita que la acogi\u00f3 con los brazos abiertos: \u201cA mis 19 ya estaba acostumbrada a viajar y a hacer nuevas amistades\u201d, confiesa. Lleg\u00f3 sin muchos recursos, pero con determinaci\u00f3n. Tras cuatro a\u00f1os de arduo trabajo y ahorro, a los 23 a\u00f1os comenz\u00f3 sus estudios en la Escuela Superior de Hosteler\u00eda de Barcelona (ESHOB), una base fundamental en su formaci\u00f3n profesional.<\/p>\n\n\n\n<p>Una vez terminados sus estudios, viaj\u00f3 a Madrid para realizar pr\u00e1cticas en <em><strong>Astrid &amp; Gast\u00f3n<\/strong> <\/em>, del chef Gast\u00f3n Acurio. Lo que empez\u00f3 como una experiencia formativa se convirti\u00f3 en una oportunidad laboral real: tras tres meses, le ofrecieron continuar trabajando en el equipo, donde profundiz\u00f3 su conocimiento sobre las salsas madres, fondos y aderezos que definen la cocina peruana contempor\u00e1nea, pilares que hoy sustentan su estilo creativo. M\u00e1s tarde, dio un salto importante al unirse al prestigioso equipo de Ram\u00f3n Freixa, restaurante con dos estrellas Michelin, en el que perfeccion\u00f3 t\u00e9cnicas cl\u00e1sicas y vanguardistas, afianzando una \u00e9tica basada en la disciplina y el respeto por la materia prima.<\/p>\n\n\n\n<blockquote class=\"wp-block-quote is-layout-flow wp-block-quote-is-layout-flow\">\n<blockquote class=\"wp-block-quote is-layout-flow wp-block-quote-is-layout-flow\">\n<p><em>\u201cEleg\u00ed el nombre Uchu porque en quechua significa aj\u00ed, ese ingrediente esencial que da alma, car\u00e1cter y picard\u00eda a la cocina peruana. Cada tamal que preparo lleva un pedacito de esa herencia.\u201d \u2014 Milagros M\u00e9ndez, fundadora de Tamales Uchu8<\/em><\/p>\n<\/blockquote>\n<\/blockquote>\n\n\n\n<p>Su inquietud la llev\u00f3 m\u00e1s all\u00e1 de Espa\u00f1a: viaj\u00f3 a Londres, donde trabaj\u00f3 en restaurantes reconocidos como <em>Barra Fina <\/em>e <em>Ib\u00e9rica <\/em>, este \u00faltimo bajo la direcci\u00f3n de Nacho Manzano. En cada destino, Milagros ampli\u00f3 su conocimiento culinario y cultural, forjando una identidad gastron\u00f3mica \u00fanica, cargada de influencias internacionales y ra\u00edces emocionales profundas. Su trayectoria refleja una mezcla de rigor, creatividad y b\u00fasqueda constante de nuevos retos.<\/p>\n\n\n\n<h2 class=\"wp-block-heading\"><strong>Tamales Uchu8 en Den Haag: tradici\u00f3n y emprendimiento<\/strong><\/h2>\n\n\n\n<p>Al llegar a Holanda, Milagros comenz\u00f3 a forjar su camino en la alta cocina local trabajando en reconocidos restaurantes como <em>Lake House <\/em>en R\u00f3terdam. M\u00e1s tarde, al mudarse a La Haya, asumi\u00f3 el rol de jefa de cocina en <em>Callao <\/em>, restaurante del prestigioso chef Jaime Pesaque. Estas experiencias no solo le permitieron consolidar su identidad culinaria, sino tambi\u00e9n desarrollar un profundo respeto por la materia prima, la t\u00e9cnica y la narrativa detr\u00e1s de cada plato \u2014valores que hoy son la base de su proyecto personal: <em>Uchu8<\/em>.<\/p>\n\n\n\n<p>Ya en La Haya, supo que quer\u00eda ofrecer algo aut\u00e9ntico y profundamente personal: una experiencia gastron\u00f3mica que contara su historia. Elegir los tamales como esencia de su negocio no fue casualidad, pues representan sus ra\u00edces, su infancia y su amor por la cocina tradicional. El nombre <em>Uchu8 <\/em>une lo cultural y lo personal: <em>\u00ab<\/em><em>U<\/em><em>chu\u00bb <\/em>significa aj\u00ed en quechua, ingrediente ic\u00f3nico de la gastronom\u00eda peruana, mientras que el n\u00famero <em>8 <\/em>simboliza para Milagros la suerte y el infinito, reflejando su visi\u00f3n de un proyecto en constante evoluci\u00f3n. Aunque por ahora su \u00fanico punto de venta es online, la ambici\u00f3n de <em>Uchu8 <\/em>es contar con un espacio f\u00edsico donde los clientes puedan disfrutar de un tamal caliente, acompa\u00f1ado de sus salsas caseras y un buen pan artesanal, creando as\u00ed una experiencia completa, cercana y llena de sabor.<\/p>\n\n\n\n<figure class=\"wp-block-image size-large is-resized\"><img decoding=\"async\" width=\"1024\" height=\"766\" src=\"https:\/\/peruanos.nl\/wp-content\/uploads\/2025\/05\/milagros_mendez_inside_articulo_2-1024x766.webp\" alt=\"\" class=\"wp-image-4852\" style=\"width:1170px;height:auto\" srcset=\"https:\/\/peruanos.nl\/wp-content\/uploads\/2025\/05\/milagros_mendez_inside_articulo_2-1024x766.webp 1024w, https:\/\/peruanos.nl\/wp-content\/uploads\/2025\/05\/milagros_mendez_inside_articulo_2-300x224.webp 300w, https:\/\/peruanos.nl\/wp-content\/uploads\/2025\/05\/milagros_mendez_inside_articulo_2-768x575.webp 768w, https:\/\/peruanos.nl\/wp-content\/uploads\/2025\/05\/milagros_mendez_inside_articulo_2-600x449.webp 600w, https:\/\/peruanos.nl\/wp-content\/uploads\/2025\/05\/milagros_mendez_inside_articulo_2-750x561.webp 750w, https:\/\/peruanos.nl\/wp-content\/uploads\/2025\/05\/milagros_mendez_inside_articulo_2.webp 1140w\" sizes=\"(max-width: 1024px) 100vw, 1024px\" \/><figcaption class=\"wp-element-caption\">Tamal de Pollo &#8211; Tamales Uchu8<\/figcaption><\/figure>\n\n\n\n<p>Para Milagros, estos envueltos tradicionales representan la historia viva de su tierra. Sin embargo, conseguir aj\u00ed amarillo fresco en los Pa\u00edses Bajos fue un desaf\u00edo. Gracias al crecimiento del mercado latino y nuevos proveedores, hoy mantiene su despensa abastecida y ofrece cada semana un \u201ctamal especial\u201d que fusiona ingredientes locales: desde langostinos con pindakaas hasta especias holandesas.<\/p>\n\n\n\n<p>Sin embargo, el emprendimiento no estuvo exento de desaf\u00edos. Conseguir <strong>aj\u00ed amarillo<\/strong> fresco en los Pa\u00edses Bajos result\u00f3 casi imposible al principio, oblig\u00e1ndola a buscar proveedores internacionales y planificar compras con antelaci\u00f3n. Con el tiempo, el auge de la demanda de productos latinos en Europa ha facilitado el acceso a insumos peruanos, permiti\u00e9ndole garantizar siempre la calidad de sus tamales.<\/p>\n\n\n\n<h2 class=\"wp-block-heading\"><strong>El Alma del Emprendimiento: Pasi\u00f3n Diaria<\/strong><\/h2>\n\n\n\n<p>Lejos del glamour de grandes cocinas, M\u00e1s all\u00e1 de la cocina, Tamales Uchu es un espacio de creaci\u00f3n colectiva, lo m\u00e1s gratificante para Milagros es levantarse cada ma\u00f1ana con el aroma del ma\u00edz y el fuego en la cocina. Junto a su equipo, sue\u00f1a recetas, dise\u00f1a estrategias de marketing y experimenta con nuevas combinaciones que sorprendan al paladar europeo.<\/p>\n\n\n\n<p>Por ahora, su \u00fanico punto de venta es online, pero la visi\u00f3n a futuro es abrir un espacio f\u00edsico donde los clientes puedan disfrutar de una experiencia gastron\u00f3mica completa: un tamal caliente, con sus salsas y un buen pan artesanal. La idea es crear un lugar que invite a descubrir, compartir y sentirse un poco m\u00e1s cerca de casa, llevando la cultura del Per\u00fa al coraz\u00f3n de Europa.<\/p>\n\n\n\n<blockquote class=\"wp-block-quote is-layout-flow wp-block-quote-is-layout-flow\">\n<blockquote class=\"wp-block-quote is-layout-flow wp-block-quote-is-layout-flow\">\n<p>\u201cCada tamal que hago lleva una historia, un recuerdo y una parte de m\u00ed. No vendo solo comida, comparto un pedazo de mi vida.\u201d \u2014 Milagros M\u00e9ndez<\/p>\n<\/blockquote>\n<\/blockquote>\n\n\n\n<h2 class=\"wp-block-heading\"><strong>Desaf\u00edos y Lecciones: resiliencia migrante<\/strong><\/h2>\n\n\n\n<p>La pandemia de covid-19 puso en pausa su mundo acelerado. Fue un tiempo para reflexionar, reencontrarse con la creatividad y reforzar su convicci\u00f3n: \u201cDesanimarse fue moment\u00e1neo; rendirme, nunca\u201d. Ser mujer latina y emprendedora en La Haya exige fuerza y valent\u00eda, pero su experiencia cosmopolita le brinda confianza para enfrentar prejuicios y transformar obst\u00e1culos en oportunidades.<\/p>\n\n\n\n<p>Su consejo a quienes quieran emprender en el extranjero es claro: <strong>constancia<\/strong>, <strong>pasi\u00f3n<\/strong> y <strong>confianza<\/strong> en uno mismo. Para ella, cada obst\u00e1culo es una oportunidad de aprendizaje y cada tamal, una lecci\u00f3n de vida.<\/p>\n\n\n\n<figure class=\"wp-block-image size-full is-resized\"><img decoding=\"async\" width=\"1140\" height=\"853\" src=\"https:\/\/peruanos.nl\/wp-content\/uploads\/2025\/05\/milagros_mendez_inside_articulo_3.webp\" alt=\"\" class=\"wp-image-4873\" style=\"width:1170px;height:auto\" srcset=\"https:\/\/peruanos.nl\/wp-content\/uploads\/2025\/05\/milagros_mendez_inside_articulo_3.webp 1140w, https:\/\/peruanos.nl\/wp-content\/uploads\/2025\/05\/milagros_mendez_inside_articulo_3-300x224.webp 300w, https:\/\/peruanos.nl\/wp-content\/uploads\/2025\/05\/milagros_mendez_inside_articulo_3-1024x766.webp 1024w, https:\/\/peruanos.nl\/wp-content\/uploads\/2025\/05\/milagros_mendez_inside_articulo_3-768x575.webp 768w, https:\/\/peruanos.nl\/wp-content\/uploads\/2025\/05\/milagros_mendez_inside_articulo_3-600x449.webp 600w, https:\/\/peruanos.nl\/wp-content\/uploads\/2025\/05\/milagros_mendez_inside_articulo_3-750x561.webp 750w\" sizes=\"(max-width: 1140px) 100vw, 1140px\" \/><figcaption class=\"wp-element-caption\">Tamales Uchu8 &#8211; Den Haag<\/figcaption><\/figure>\n\n\n\n<h2 class=\"wp-block-heading\"><strong>Conexi\u00f3n con Per\u00fa y Proyecci\u00f3n<\/strong><\/h2>\n\n\n\n<p>Tras superar la incertidumbre de la pandemia y los desaf\u00edos de adaptaci\u00f3n, Milagros mira al futuro con ambici\u00f3n. Sue\u00f1a con que Tamales Uchu8 llegue a ser tan reconocido como los tacos mexicanos en Europa, llevando consigo el mensaje de que la cocina tradicional peruana es rica, diversa y profundamente humana.<\/p>\n\n\n\n<p>Aunque no participa activamente en eventos de la comunidad peruana, siente el coraz\u00f3n del Per\u00fa latiendo en cada tamal, en la m\u00fasica criolla que suena en su cocina y en el orgullo de mantener viva una herencia. Sus clientes descubren, en cada bocado, un pedazo aut\u00e9ntico de Per\u00fa.<\/p>\n\n\n\n<p>Mientras tanto, invita a los amantes del buen comer a saborear su historia y compartirla. Porque en cada hoja de pl\u00e1tano que envuelve un tamal, late la voz de una tradici\u00f3n peruana que encontr\u00f3 su lugar \u2014y su prop\u00f3sito\u2014 en la cocina europea.<\/p>\n\n\n\n<p><strong>\u00bfTe pareci\u00f3 interesante este art\u00edculo? <\/strong>Nos encantar\u00eda conocer tu opini\u00f3n. D\u00e9janos un comentario y comparte este contenido con tus contactos.<br>Si conoces a peruanos en los Pa\u00edses Bajos que est\u00e9n haciendo cosas valiosas y crees que deber\u00edan aparecer en nuestra p\u00e1gina, no dudes en escribirnos.<br>Tambi\u00e9n puedes seguirnos en redes sociales para estar al tanto de nuestras pr\u00f3ximas publicaciones. <strong>peruanos.nl lo construimos contigo.<\/strong><\/p>\n\n\n\n<div class=\"wp-block-columns is-layout-flex wp-container-core-columns-is-layout-9d6595d7 wp-block-columns-is-layout-flex\">\n<div class=\"wp-block-column is-vertically-aligned-center is-layout-flow wp-block-column-is-layout-flow\">\n<p><br>\u00bfTe atreves a probar un pedazo de Per\u00fa en La Haya? Visita Tamales Uchu8 o haz tu pedido online. S\u00edguela en sus redes y descubre cada semana su tamal especial. \u00a1D\u00e9jate envolver por los recuerdos y la pasi\u00f3n de Milagros.<\/p>\n\n\n\n<p><br><strong><a href=\"https:\/\/www.instagram.com\/uchu8.nl\/?__pwa=1\">@tamalesuchu8<\/a><\/strong><\/p>\n<\/div>\n\n\n\n<div class=\"wp-block-column is-layout-flow wp-block-column-is-layout-flow\">\n<figure class=\"wp-block-image size-full is-resized\"><img loading=\"lazy\" decoding=\"async\" width=\"430\" height=\"430\" src=\"https:\/\/peruanos.nl\/wp-content\/uploads\/2025\/05\/cta_peruanos_nl_tamales_uchu.webp\" alt=\"\" class=\"wp-image-4845\" style=\"width:569px;height:auto\" srcset=\"https:\/\/peruanos.nl\/wp-content\/uploads\/2025\/05\/cta_peruanos_nl_tamales_uchu.webp 430w, https:\/\/peruanos.nl\/wp-content\/uploads\/2025\/05\/cta_peruanos_nl_tamales_uchu-300x300.webp 300w, https:\/\/peruanos.nl\/wp-content\/uploads\/2025\/05\/cta_peruanos_nl_tamales_uchu-150x150.webp 150w, https:\/\/peruanos.nl\/wp-content\/uploads\/2025\/05\/cta_peruanos_nl_tamales_uchu-100x100.webp 100w, https:\/\/peruanos.nl\/wp-content\/uploads\/2025\/05\/cta_peruanos_nl_tamales_uchu-75x75.webp 75w, https:\/\/peruanos.nl\/wp-content\/uploads\/2025\/05\/cta_peruanos_nl_tamales_uchu-350x350.webp 350w\" sizes=\"(max-width: 430px) 100vw, 430px\" \/><\/figure>\n<\/div>\n<\/div>\n","protected":false},"excerpt":{"rendered":"<p>En un rinc\u00f3n de La Haya, entre el bullicio urbano y la brisa de los canales, Milagros M\u00e9ndez ha amasado su propia versi\u00f3n de hogar. Nacida en Trujillo (Per\u00fa), su vida ha sido una traves\u00eda constante: Ecuador, Argentina, Espa\u00f1a , Reino Unido y, ahora, los Pa\u00edses Bajos. Con cada mudanza, fue recogiendo conocimiento, sabores y [&hellip;]<\/p>\n","protected":false},"author":1,"featured_media":4840,"comment_status":"open","ping_status":"open","sticky":false,"template":"","format":"standard","meta":{"jnews-multi-image_gallery":[],"jnews_single_post":{"format":"standard","override":[{"template":"1","parallax":"1","fullscreen":"1","layout":"right-sidebar","sidebar":"default-sidebar","second_sidebar":"default-sidebar","sticky_sidebar":"1","share_position":"top","share_float_style":"share-monocrhome","show_share_counter":"1","show_view_counter":"1","show_featured":"1","show_post_meta":"1","show_post_author":"1","show_post_date":"1","post_date_format":"default","post_date_format_custom":"Y\/m\/d","show_post_category":"1","show_post_reading_time":"0","post_reading_time_wpm":"300","post_calculate_word_method":"str_word_count","show_zoom_button":"0","zoom_button_out_step":"2","zoom_button_in_step":"3","show_post_tag":"1","show_popup_post":"1","number_popup_post":"1","show_author_box":"0","show_post_related":"1","show_inline_post_related":"0"}],"image_override":[{"single_post_thumbnail_size":"crop-500","single_post_gallery_size":"crop-500"}],"trending_post_position":"meta","trending_post_label":"Trending","sponsored_post_label":"Sponsored by","disable_ad":"0"},"jnews_primary_category":{"id":"49"},"jnews_social_meta":[],"jnews_override_counter":{"view_counter_number":"1087","share_counter_number":"59","like_counter_number":"106","dislike_counter_number":"0","override_dislike_counter":"1","override_like_counter":"1","override_share_counter":"1","override_view_counter":"1"},"footnotes":""},"categories":[186],"tags":[296,523,522,520,521],"class_list":["post-4838","post","type-post","status-publish","format-standard","has-post-thumbnail","hentry","category-estilo-de-vida","tag-cocina-peruana","tag-den-haag","tag-gaston-acurio","tag-tamales","tag-tamales-peruanos"],"_links":{"self":[{"href":"https:\/\/peruanos.nl\/es\/wp-json\/wp\/v2\/posts\/4838","targetHints":{"allow":["GET"]}}],"collection":[{"href":"https:\/\/peruanos.nl\/es\/wp-json\/wp\/v2\/posts"}],"about":[{"href":"https:\/\/peruanos.nl\/es\/wp-json\/wp\/v2\/types\/post"}],"author":[{"embeddable":true,"href":"https:\/\/peruanos.nl\/es\/wp-json\/wp\/v2\/users\/1"}],"replies":[{"embeddable":true,"href":"https:\/\/peruanos.nl\/es\/wp-json\/wp\/v2\/comments?post=4838"}],"version-history":[{"count":18,"href":"https:\/\/peruanos.nl\/es\/wp-json\/wp\/v2\/posts\/4838\/revisions"}],"predecessor-version":[{"id":4897,"href":"https:\/\/peruanos.nl\/es\/wp-json\/wp\/v2\/posts\/4838\/revisions\/4897"}],"wp:featuredmedia":[{"embeddable":true,"href":"https:\/\/peruanos.nl\/es\/wp-json\/wp\/v2\/media\/4840"}],"wp:attachment":[{"href":"https:\/\/peruanos.nl\/es\/wp-json\/wp\/v2\/media?parent=4838"}],"wp:term":[{"taxonomy":"category","embeddable":true,"href":"https:\/\/peruanos.nl\/es\/wp-json\/wp\/v2\/categories?post=4838"},{"taxonomy":"post_tag","embeddable":true,"href":"https:\/\/peruanos.nl\/es\/wp-json\/wp\/v2\/tags?post=4838"}],"curies":[{"name":"wp","href":"https:\/\/api.w.org\/{rel}","templated":true}]}}