{"id":4715,"date":"2025-05-02T12:12:00","date_gmt":"2025-05-02T10:12:00","guid":{"rendered":"https:\/\/peruanos.nl\/?p=4715"},"modified":"2025-05-03T20:41:25","modified_gmt":"2025-05-03T18:41:25","slug":"deportado-una-maquina-de-cortar-cabello-y-fe-el-peruano-que-encontro-una-nueva-vida-en-amsterdam","status":"publish","type":"post","link":"https:\/\/peruanos.nl\/es\/deportado-una-maquina-de-cortar-cabello-y-fe-el-peruano-que-encontro-una-nueva-vida-en-amsterdam\/","title":{"rendered":"Deportado, una m\u00e1quina de cortar cabello y fe: el peruano que encontr\u00f3 una nueva vida en \u00c1msterdam"},"content":{"rendered":"\n<p>Imagina tener cinco a\u00f1os y dejar atr\u00e1s todo lo que conoces: tu calle en el distrito de La Victoria (Lima), el olor del almuerzo de tu abuela, los gritos de los ni\u00f1os jugando en la cuadra 13 del jir\u00f3n S\u00e1enz Pe\u00f1a. Luego imagina aterrizar en Miami y subirte a un auto rumbo al Bronx en Nueva York. As\u00ed comenz\u00f3 la historia de V\u00edctor Rosas Salcedo, un ni\u00f1o peruano que creci\u00f3 entre dos mundos, pero que nunca se sinti\u00f3 completamente parte de ninguno.<\/p>\n\n\n\n<p>A los 26 a\u00f1os, V\u00edctor fue deportado a Per\u00fa, un pa\u00eds que apenas reconoc\u00eda como suyo. Sin idioma, sin dinero y con solo una mochila y una m\u00e1quina de cortar cabello, enfrent\u00f3 una realidad hostil. Pero en medio de la adversidad, encontr\u00f3 algo inquebrantable: su fe y su deseo de reconstruirse.<\/p>\n\n\n\n<p>Hoy, V\u00edctor vive en \u00c1msterdam, donde trabaja como barbero en una de las barber\u00edas m\u00e1s ic\u00f3nicas de la ciudad. Su historia no es solo de superaci\u00f3n personal, sino tambi\u00e9n de c\u00f3mo un peruano puede encontrar esperanza incluso en los momentos m\u00e1s oscuros.<\/p>\n\n\n\n<p>Esta es la vida de V\u00edctor Rosas Salcedo: de Lima al Bronx, de una celda en Florida a los Andes peruanos, y finalmente, a una barber\u00eda en el coraz\u00f3n de \u00c1msterdam. Una historia que demuestra que, cuando se tiene prop\u00f3sito, siempre es posible volver a empezar.<\/p>\n\n\n\n<h2 class=\"wp-block-heading\"><strong>De Lima al Bronx: El ni\u00f1o que dej\u00f3 Per\u00fa sin saber que regresar\u00eda<\/strong><\/h2>\n\n\n\n<p>Victor naci\u00f3 en Lima, Per\u00fa, en mayo de 1978. Sus primeros a\u00f1os transcurrieron en La Victoria, en la cuadra 13 del jir\u00f3n S\u00e1enz Pe\u00f1a, donde creci\u00f3 rodeado del bullicio de las calles y el calor del hogar peruano. Pero a los cinco a\u00f1os, su vida cambi\u00f3 radicalmente cuando su familia decidi\u00f3 emigrar a Estados Unidos en busca de mejores oportunidades. Su padre fue el primero en partir, estableci\u00e9ndose en Nueva York, mientras su madre, su hermana y \u00e9l lo siguieron poco despu\u00e9s. Aterrizaron en Miami en julio de 1983 y, desde all\u00ed, condujeron hasta el Bronx, donde comenzaron una nueva vida.<\/p>\n\n\n\n<p>El Bronx de los a\u00f1os 80 no era un lugar f\u00e1cil para un ni\u00f1o latino. Apenas hablaba ingl\u00e9s, pero Victor insisti\u00f3 en integrarse r\u00e1pidamente, rechazando las clases de ESL para asistir a clases regulares, lo que lo expuso a situaciones dif\u00edciles como ser apu\u00f1alado en las piernas con un l\u00e1piz por otros ni\u00f1os. Estos momentos dejaron cicatrices f\u00edsicas y emocionales, pero tambi\u00e9n forjaron su car\u00e1cter. A pesar de estar lejos de Per\u00fa, los recuerdos de su familia y la comida peruana lo manten\u00edan conectado a sus ra\u00edces. En 1992, sus padres se mudaron a Hialeah, Florida, en busca de mejores oportunidades laborales, pero esto no mejor\u00f3 su vida: entre 1990 y 1996, Victor fue detenido frecuentemente por la polic\u00eda sin motivo, golpeado, fotografiado en la calle y liberado sin cargos, una pr\u00e1ctica que, aunque com\u00fan, nunca dej\u00f3 de ser traum\u00e1tica.<\/p>\n\n\n\n<p>A los 18 a\u00f1os, las cosas empeoraron. Comenzaron a arrestarlo sin motivo alguno, encontrando cualquier excusa para detenerlo por uno o dos d\u00edas antes de liberarlo sin cargos. En 2003, tras ser arrestado injustamente por posesi\u00f3n de marihuana en un club nocturno, Victor pas\u00f3 tres a\u00f1os en prisi\u00f3n antes de ser deportado a Per\u00fa. Durante ese tiempo, encontr\u00f3 a Dios, quien se convirti\u00f3 en su refugio en medio de la adversidad y le dio la fuerza para enfrentar los desaf\u00edos que estaban por venir.<\/p>\n\n\n\n<figure class=\"wp-block-image size-large is-resized\"><img fetchpriority=\"high\" decoding=\"async\" width=\"1024\" height=\"766\" src=\"https:\/\/peruanos.nl\/wp-content\/uploads\/2025\/05\/victor_rosas_inside_articulo_2-1024x766.webp\" alt=\"\" class=\"wp-image-4768\" style=\"width:1170px;height:auto\" srcset=\"https:\/\/peruanos.nl\/wp-content\/uploads\/2025\/05\/victor_rosas_inside_articulo_2-1024x766.webp 1024w, https:\/\/peruanos.nl\/wp-content\/uploads\/2025\/05\/victor_rosas_inside_articulo_2-300x224.webp 300w, https:\/\/peruanos.nl\/wp-content\/uploads\/2025\/05\/victor_rosas_inside_articulo_2-768x575.webp 768w, https:\/\/peruanos.nl\/wp-content\/uploads\/2025\/05\/victor_rosas_inside_articulo_2-600x449.webp 600w, https:\/\/peruanos.nl\/wp-content\/uploads\/2025\/05\/victor_rosas_inside_articulo_2-750x561.webp 750w, https:\/\/peruanos.nl\/wp-content\/uploads\/2025\/05\/victor_rosas_inside_articulo_2.webp 1140w\" sizes=\"(max-width: 1024px) 100vw, 1024px\" \/><figcaption class=\"wp-element-caption\">Victor con su familia <\/figcaption><\/figure>\n\n\n\n<h2 class=\"wp-block-heading\"><strong>\u00abBienvenido a Per\u00fa\u00bb: La dura realidad de un retorno forzado<\/strong><\/h2>\n\n\n\n<p>En 1997, Victor se gradu\u00f3 del colegio y, al no contar con suficiente dinero para pagar la universidad, comenz\u00f3 a trabajar en almacenes Target. En 2000, intent\u00f3 avanzar con estudios superiores en el Broward County Community College, pero abandon\u00f3 en 2002 para obtener un t\u00edtulo como Asistente M\u00e9dico en el Keiser College. Durante este tiempo, acumul\u00f3 multas por infracciones menores, como beber en la v\u00eda p\u00fablica e invadir propiedad, lo que aument\u00f3 su inestabilidad. En 2003, su vida dio un giro dr\u00e1stico cuando fue arrestado en un club por posesi\u00f3n de siete gramos de marihuana. Aunque inicialmente los cargos fueron retirados, lo acusaron falsamente de intenci\u00f3n de distribuir drogas, lo que llev\u00f3 a una orden de arresto. Sin recursos legales ni apoyo, acept\u00f3 18 meses de libertad condicional para evitar la c\u00e1rcel. Sin embargo, al manejar con licencia suspendida, viol\u00f3 su libertad condicional y fue sentenciado a seis meses de prisi\u00f3n. En lugar de ser liberado, pas\u00f3 tres a\u00f1os tras las rejas antes de ser deportado a Per\u00fa en 2014. Durante ese tiempo, se neg\u00f3 a firmar su deportaci\u00f3n porque ten\u00eda tarjeta de residencia y hab\u00eda vivido y trabajado toda su vida en EE. UU., pero el consulado peruano en Miami firm\u00f3 por \u00e9l sin ofrecerle apoyo. \u00abEl poco amor que ten\u00eda por mi pa\u00eds desapareci\u00f3\u00bb, dice. Sin embargo, en prisi\u00f3n encontr\u00f3 algo invaluable: a Dios.<\/p>\n\n\n\n<p>Al llegar a Lima, Victor apenas hablaba espa\u00f1ol y no conoc\u00eda a su familia peruana. En el aeropuerto, un oficial de migraci\u00f3n lo detuvo para pedirle dinero antes de dejarlo salir. \u00abBienvenido a Per\u00fa\u00bb, le dijo despu\u00e9s de recibir los pocos billetes que Victor llevaba. Fue una bienvenida cruel, pero tambi\u00e9n el comienzo de un cap\u00edtulo lleno de incertidumbre. Al salir de migraciones, sus t\u00edas Miriam y Elena lo reconocieron y lo llevaron a casa de su abuela en Los Olivos. Sin embargo, la desconexi\u00f3n fue evidente. Su familia era pr\u00e1cticamente desconocida para \u00e9l, y la sociedad lo trataba como un extranjero. \u00abEra como estar en prisi\u00f3n, pero con las puertas abiertas\u00bb, reflexiona. Sin trabajo ni amigos, Victor luch\u00f3 por encontrar estabilidad. Consigui\u00f3 empleo en un call center gracias a su ingl\u00e9s nativo, pero pronto estas empresas comenzaron a preferir contratar inmigrantes por salarios m\u00e1s bajos, dej\u00e1ndolo nuevamente sin ingresos.<\/p>\n\n\n\n<h2 class=\"wp-block-heading\"><strong><strong>Un coraz\u00f3n dividido: Redescubriendo el amor por Per\u00fa<\/strong><\/strong><\/h2>\n\n\n\n<p>Durante muchos a\u00f1os, V\u00edctor se sinti\u00f3 ajeno a su propia tierra, como si su identidad peruana se hubiera ido diluyendo en la distancia, vi\u00e9ndose m\u00e1s como un extranjero que como parte de algo. Pero un d\u00eda, todo cambi\u00f3. Mientras caminaba por la Av. Arequipa en Lima, buscando trabajo y con la mente llena de preocupaciones, V\u00edctor se detuvo al ver una multitud reunida, emocionada, frente a una pantalla gigante que transmit\u00eda un partido decisivo de la selecci\u00f3n peruana de f\u00fatbol. En medio de los gritos, los abrazos y la alegr\u00eda compartida, se sorprendi\u00f3 llorando, conmovido por una emoci\u00f3n que lo desbordaba: por primera vez en mucho tiempo, no se sinti\u00f3 solo. \u201cFue la primera vez que nadie me pregunt\u00f3 si era peruano\u201d, recuerda con ternura.<\/p>\n\n\n\n<p>Ese momento, simple en apariencia pero profundo en el alma, toc\u00f3 una herida silenciosa y la empez\u00f3 a curar. Fue como si algo dormido dentro de V\u00edctor despertara al fin: una emoci\u00f3n que lo reconectaba con sus ra\u00edces, con su gente, su cultura y su historia. Aunque siempre supo que era peruano, fue en ese instante cuando lo sinti\u00f3 de verdad, como un latido firme en el pecho, una calidez que lo envolv\u00eda por completo y le recordaba que nunca dej\u00f3 de pertenecer. El amor por su pa\u00eds \u2014que quiz\u00e1s hab\u00eda estado quieto, esperando\u2014 volvi\u00f3 a florecer con una fuerza luminosa, d\u00e1ndole sentido y hogar a su identidad..<\/p>\n\n\n\n<blockquote class=\"wp-block-quote is-layout-flow wp-block-quote-is-layout-flow\">\n<blockquote class=\"wp-block-quote is-layout-flow wp-block-quote-is-layout-flow\">\n<p><strong>\u00abPonlo en manos de Dios y sigue adelante. Pap\u00e1 Dios conoce tu coraz\u00f3n y el tipo de hombre que eres.\u00bb<\/strong> &#8211; Victor Rosas<\/p>\n<\/blockquote>\n<\/blockquote>\n\n\n\n<h2 class=\"wp-block-heading\"><strong>Entre tijeras y esperanza: C\u00f3mo la barber\u00eda se convirti\u00f3 en su salvaci\u00f3n<\/strong><\/h2>\n\n\n\n<p>Sin dominio del espa\u00f1ol y sin oportunidades laborales que le permitieran reinventarse, V\u00edctor recurri\u00f3 a algo que siempre hab\u00eda sabido hacer: cortar cabello. Aunque nunca fue un barbero profesional, sab\u00eda manejar las tijeras y las m\u00e1quinas de cortar lo suficientemente bien como para ofrecer un servicio b\u00e1sico en Lima. Durante ese tiempo, a\u00fan albergaba la esperanza de reunirse con su familia en Estados Unidos, y su madre contrat\u00f3 a un abogado para intentar traerlo de vuelta. Sin embargo, el 15 de noviembre de 2017, recibi\u00f3 un correo devastador del abogado que veia su caso ante la corte: \u00abNo hay nada m\u00e1s que pueda hacer por ti en cuanto a tu caso\u00bb. Ese d\u00eda marc\u00f3 un punto de inflexi\u00f3n. Decidido a tomar las riendas de su vida, V\u00edctor pregunt\u00f3 a la gente d\u00f3nde pod\u00eda encontrar una ciudad bonita con fr\u00edo, nieve y lluvia, elementos que le recordaban sus a\u00f1os felices en Nueva York. Le respondieron: \u00abHuaraz\u00bb. Sin pensarlo dos veces, tom\u00f3 un autob\u00fas rumbo a esa ciudad y comenz\u00f3 a viajar con su mochila, dejando atr\u00e1s sus planes de regresar a EE.UU.<\/p>\n\n\n\n<figure class=\"wp-block-image size-large is-resized\"><img decoding=\"async\" width=\"1024\" height=\"766\" src=\"https:\/\/peruanos.nl\/wp-content\/uploads\/2025\/05\/victor_rosas_inside_articulo_1-1024x766.webp\" alt=\"\" class=\"wp-image-4771\" style=\"width:1170px;height:auto\" srcset=\"https:\/\/peruanos.nl\/wp-content\/uploads\/2025\/05\/victor_rosas_inside_articulo_1-1024x766.webp 1024w, https:\/\/peruanos.nl\/wp-content\/uploads\/2025\/05\/victor_rosas_inside_articulo_1-300x224.webp 300w, https:\/\/peruanos.nl\/wp-content\/uploads\/2025\/05\/victor_rosas_inside_articulo_1-768x575.webp 768w, https:\/\/peruanos.nl\/wp-content\/uploads\/2025\/05\/victor_rosas_inside_articulo_1-600x449.webp 600w, https:\/\/peruanos.nl\/wp-content\/uploads\/2025\/05\/victor_rosas_inside_articulo_1-750x561.webp 750w, https:\/\/peruanos.nl\/wp-content\/uploads\/2025\/05\/victor_rosas_inside_articulo_1.webp 1140w\" sizes=\"(max-width: 1024px) 100vw, 1024px\" \/><\/figure>\n\n\n\n<p>Con menos de 50 soles (aproximadamente \u20ac20) en el bolsillo y sus herramientas de barber\u00eda, lleg\u00f3 a Huaraz en busca de nuevas oportunidades y, sobre todo, de paz. All\u00ed encontr\u00f3 un lugar donde pudo empezar de nuevo. Sin dinero, comenz\u00f3 a trabajar como voluntario en hostales a cambio de alojamiento y comida. Durante cuatro horas al d\u00eda limpiaba o ayudaba en la recepci\u00f3n, y en su tiempo libre ofrec\u00eda cortes de cabello a quienes lo necesitaban. \u00abSentir que mi vida estaba nuevamente en mis manos fue incre\u00edble\u00bb, dice. Pronto, su talento llam\u00f3 la atenci\u00f3n de locales y turistas, y comenz\u00f3 a trabajar en peque\u00f1as barber\u00edas de la ciudad.<\/p>\n\n\n\n<p>La barber\u00eda no solo le dio un ingreso, sino tambi\u00e9n una conexi\u00f3n profunda con las personas. En Huaraz, la gente lo acept\u00f3 como uno de ellos, algo que nunca sinti\u00f3 en Lima, donde siempre lo trataron como un extranjero. \u00abHuaraz me mostr\u00f3 un lado diferente de Per\u00fa\u00bb, reflexiona. All\u00ed, nadie cuestion\u00f3 su identidad peruana ni lo juzg\u00f3 por su pasado. Por primera vez en a\u00f1os, V\u00edctor sinti\u00f3 que pertenec\u00eda a alg\u00fan lugar. La barber\u00eda se convirti\u00f3 en su salvaci\u00f3n emocional y espiritual, permiti\u00e9ndole reconectar con su pa\u00eds y consigo mismo. Mientras cortaba cabello, V\u00edctor encontr\u00f3 paz, prop\u00f3sito y una nueva forma de ver la vida.<\/p>\n\n\n\n<h2 class=\"wp-block-heading\"><strong>Cruzando fronteras: De Sudam\u00e9rica a Europa en busca de un nuevo comienzo<\/strong><\/h2>\n\n\n\n<p>Despu\u00e9s de a\u00f1os de luchar por encontrar su lugar en Per\u00fa, Victor Rosas Salcedo tom\u00f3 una decisi\u00f3n audaz: cruzar el oc\u00e9ano hacia Europa en busca de una nueva oportunidad. En 2020, con algo de dinero ahorrado y la ayuda de su madre, Victor plane\u00f3 su viaje desde Lima. Sin embargo, enfrent\u00f3 un desaf\u00edo inesperado: el costo del vuelo directo a Madrid era prohibitivo (1500 d\u00f3lares). Entonces, decidi\u00f3 ir \u00abmochileando\u00bb hasta Bogot\u00e1, Colombia, donde los boletos hacia Europa eran m\u00e1s accesibles (650 d\u00f3lares).<\/p>\n\n\n\n<p>El destino ten\u00eda otros planes. La pandemia de COVID-19 retras\u00f3 sus intenciones de viajar, pero lo que pudo haber sido una tragedia se convirti\u00f3 en una bendici\u00f3n disfrazada. Durante su tiempo en Colombia, Victor experiment\u00f3 una calidez humana que nunca olvidar\u00e1. La gente lo acogi\u00f3 como si fuera parte de su familia, ayud\u00e1ndolo a encontrar trabajo y un lugar donde vivir. \u00abColombia me acept\u00f3 como uno de ellos\u00bb, dice. Este per\u00edodo fortaleci\u00f3 su fe en la humanidad y le record\u00f3 que no todos son indiferentes al sufrimiento de los dem\u00e1s.<\/p>\n\n\n\n<p>Finalmente, cuando las restricciones de viaje se levantaron, Victor tom\u00f3 un vuelo hacia Madrid. Pero su destino final no ser\u00eda Espa\u00f1a. Durante una breve visita a Par\u00eds, conoci\u00f3 a una chica en un hostal que cambiar\u00eda el rumbo de su vida. Ella le habl\u00f3 sobre \u00c1msterdam, donde viv\u00eda y trabajaba, y le asegur\u00f3 que ser\u00eda un lugar ideal para alguien como \u00e9l. Inspirado por su consejo, Victor subi\u00f3 al autob\u00fas con ella hacia \u00c1msterdam. Esa decisi\u00f3n marcar\u00eda el inicio de una nueva etapa llena de esperanza y posibilidades.<\/p>\n\n\n\n<figure class=\"wp-block-image size-large is-resized\"><img decoding=\"async\" width=\"1024\" height=\"766\" src=\"https:\/\/peruanos.nl\/wp-content\/uploads\/2025\/05\/victor_rosas_inside_articulo_5-1024x766.webp\" alt=\"\" class=\"wp-image-4741\" style=\"width:1170px;height:auto\" srcset=\"https:\/\/peruanos.nl\/wp-content\/uploads\/2025\/05\/victor_rosas_inside_articulo_5-1024x766.webp 1024w, https:\/\/peruanos.nl\/wp-content\/uploads\/2025\/05\/victor_rosas_inside_articulo_5-300x224.webp 300w, https:\/\/peruanos.nl\/wp-content\/uploads\/2025\/05\/victor_rosas_inside_articulo_5-768x575.webp 768w, https:\/\/peruanos.nl\/wp-content\/uploads\/2025\/05\/victor_rosas_inside_articulo_5-600x449.webp 600w, https:\/\/peruanos.nl\/wp-content\/uploads\/2025\/05\/victor_rosas_inside_articulo_5-750x561.webp 750w, https:\/\/peruanos.nl\/wp-content\/uploads\/2025\/05\/victor_rosas_inside_articulo_5.webp 1140w\" sizes=\"(max-width: 1024px) 100vw, 1024px\" \/><\/figure>\n\n\n\n<h2 class=\"wp-block-heading\"><strong>\u00c1msterdam: La ciudad que le abri\u00f3 las puertas cuando m\u00e1s lo necesitaba<\/strong><\/h2>\n\n\n\n<p>Al llegar a \u00c1msterdam, V\u00edctor sab\u00eda que deb\u00eda empezar desde cero una vez m\u00e1s, algo que ya se hab\u00eda vuelto familiar para \u00e9l. Comenz\u00f3 trabajando en peque\u00f1as barber\u00edas, pero pronto enfrent\u00f3 otro obst\u00e1culo: el due\u00f1o de la barber\u00eda donde trabajaba cerr\u00f3 el negocio de manera inesperada. Sin rendirse, V\u00edctor recorri\u00f3 incansablemente las calles de la ciudad en busca de nuevas oportunidades, como buen peruano. Fue entonces cuando descubri\u00f3 <strong>Betty B Tattoo + Barbershop <\/strong>, un lugar que inmediatamente le pareci\u00f3 especial y conectado con su esp\u00edritu creativo. Decidi\u00f3 dejar su n\u00famero, confiando en esa fuerte conexi\u00f3n instant\u00e1nea, sin saber cu\u00e1ndo aunque seguro recibir\u00eda una respuesta.<\/p>\n\n\n\n<blockquote class=\"wp-block-quote is-layout-flow wp-block-quote-is-layout-flow\">\n<blockquote class=\"wp-block-quote is-layout-flow wp-block-quote-is-layout-flow\">\n<p><strong>La fuerza y perseverancia de V\u00edctor inspiran de verdad. Sigui\u00f3 adelante donde otros se habr\u00edan detenido. Con su talento y su sonrisa c\u00e1lida, seguro llegar\u00e1 muy lejos. &#8211; Frits Voet<\/strong><\/p>\n<\/blockquote>\n<\/blockquote>\n\n\n\n<p>Dos meses despu\u00e9s, su perseverancia dio frutos. Elena &amp; Frits Voet , los propietarios de <strong>Betty B Tattoo + Barbershop<\/strong>, lo llamaron para una entrevista y, poco despu\u00e9s, V\u00edctor se uni\u00f3 al equipo. Desde ese momento, encontr\u00f3 un hogar en esta vibrante barber\u00eda, donde trabaja junto a talentosos artistas tatuadores y especialistas en piercings. Su habilidad como barbero, combinada con su actitud positiva y amabilidad, r\u00e1pidamente lo hizo destacar entre los clientes. Victor es cercano y espont\u00e1neo con todos, cada corte de cabello es una oportunidad para compartir su historia y conectar profundamente con las personas. \u00abAqu\u00ed he encontrado un lugar donde pertenezco\u00bb, dice V\u00edctor con gratitud.<\/p>\n\n\n\n<p>A pesar de todo lo que ha construido lejos de casa, el anhelo m\u00e1s profundo de V\u00edctor sigue siendo volver a abrazar a su familia. No importa si es en Per\u00fa o en Estados Unidos; su mayor sue\u00f1o es estar juntos otra vez, mirar a los ojos a su mamita Nancy, a su pap\u00e1 Eduardo, a su hermana Nancy y a su hermano Jonathan, y decirles con el alma en la voz: \u201cLos amo, los he extra\u00f1ado cada d\u00eda\u201d. M\u00e1s que palabras, sue\u00f1a con esos momentos sencillos pero llenos de amor: sentarse todos alrededor de una mesa, compartir un ceviche reci\u00e9n hecho, un buen arroz con pollo, y brindar con una Inca Kola bien helada mientras las risas y los recuerdos llenan el aire. Para \u00e9l, eso es felicidad pura..<\/p>\n\n\n\n<p>Mientras tanto, \u00c1msterdam le ha ofrecido un nuevo comienzo. En sus calles y en su rutina diaria, V\u00edctor ha ido tejiendo una nueva vida, sin olvidar nunca de d\u00f3nde viene. Cada paso que da lleva consigo la esencia de su Per\u00fa querido, como un susurro constante que lo acompa\u00f1a y lo fortalece.<\/p>\n\n\n\n<blockquote class=\"wp-block-quote is-layout-flow wp-block-quote-is-layout-flow\">\n<blockquote class=\"wp-block-quote is-layout-flow wp-block-quote-is-layout-flow\">\n<p><strong>\u00ab\u00a1Este ser\u00e1 mi barbero de ahora en adelante! \u00a1Simplemente perfecto y muy bueno! El lugar es muy c\u00f3modo\u00bb<\/strong>. &#8211; Rese\u00f1a de Roy el 5 de abril de 2025<\/p>\n<\/blockquote>\n<\/blockquote>\n\n\n\n<h2 class=\"wp-block-heading\"><strong>Fe, familia y futuro: El mensaje de V\u00edctor para quienes buscan empezar de nuevo<\/strong><\/h2>\n\n\n\n<p>La historia de Victor es mucho m\u00e1s que una serie de eventos dif\u00edciles y triunfos personales; es un testimonio vivo de c\u00f3mo la adversidad puede transformarse en oportunidad cuando se tiene fe y determinaci\u00f3n. Para aquellos que enfrentan desaf\u00edos similares, su mensaje es claro: \u00abCree en Dios. Jes\u00fas es mi salvador y tambi\u00e9n es el tuyo. Teme a Dios y no temas a ning\u00fan hombre\u00bb.<\/p>\n\n\n\n<p>Si te encuentras en los Pa\u00edses Bajos , no dudes en visitar a V\u00edctor en <strong><a href=\"https:\/\/bettybamsterdam.nl\/\">Betty B Tattoo + Barbershop<\/a> <\/strong>, ubicada en Rokin 124, 1012LC, <strong>\u00c1msterdam<\/strong>. All\u00ed podr\u00e1s conocerlo personalmente, obtener un corte de cabello hecho con dedicaci\u00f3n y pasi\u00f3n, o incluso hacerte un tatuaje con sus incre\u00edbles artistas.<\/p>\n\n\n\n<div class=\"wp-block-columns is-layout-flex wp-container-core-columns-is-layout-9d6595d7 wp-block-columns-is-layout-flex\">\n<div class=\"wp-block-column is-vertically-aligned-center is-layout-flow wp-block-column-is-layout-flow\">\n<p>Si deseas conocer m\u00e1s sobre Victor,<\/p>\n\n\n\n<p>s\u00edguelo en su cuenta de instagram: <\/p>\n\n\n\n<p><a href=\"https:\/\/www.instagram.com\/m_g_o_t_b_a_g_s\" target=\"_blank\" rel=\"noreferrer noopener\">@m_g_o_t_b_a_g_s<\/a><\/p>\n\n\n\n<p><\/p>\n<\/div>\n\n\n\n<div class=\"wp-block-column is-layout-flow wp-block-column-is-layout-flow\">\n<figure class=\"wp-block-image size-large\"><img loading=\"lazy\" decoding=\"async\" width=\"1024\" height=\"1024\" src=\"https:\/\/peruanos.nl\/wp-content\/uploads\/2025\/05\/victor_rosas_peruanos_nl-1024x1024.webp\" alt=\"\" class=\"wp-image-4733\" srcset=\"https:\/\/peruanos.nl\/wp-content\/uploads\/2025\/05\/victor_rosas_peruanos_nl-1024x1024.webp 1024w, https:\/\/peruanos.nl\/wp-content\/uploads\/2025\/05\/victor_rosas_peruanos_nl-300x300.webp 300w, https:\/\/peruanos.nl\/wp-content\/uploads\/2025\/05\/victor_rosas_peruanos_nl-150x150.webp 150w, https:\/\/peruanos.nl\/wp-content\/uploads\/2025\/05\/victor_rosas_peruanos_nl-768x768.webp 768w, https:\/\/peruanos.nl\/wp-content\/uploads\/2025\/05\/victor_rosas_peruanos_nl-600x600.webp 600w, https:\/\/peruanos.nl\/wp-content\/uploads\/2025\/05\/victor_rosas_peruanos_nl-100x100.webp 100w, https:\/\/peruanos.nl\/wp-content\/uploads\/2025\/05\/victor_rosas_peruanos_nl-75x75.webp 75w, https:\/\/peruanos.nl\/wp-content\/uploads\/2025\/05\/victor_rosas_peruanos_nl-350x350.webp 350w, https:\/\/peruanos.nl\/wp-content\/uploads\/2025\/05\/victor_rosas_peruanos_nl-750x750.webp 750w, https:\/\/peruanos.nl\/wp-content\/uploads\/2025\/05\/victor_rosas_peruanos_nl-1140x1140.webp 1140w, https:\/\/peruanos.nl\/wp-content\/uploads\/2025\/05\/victor_rosas_peruanos_nl.webp 1200w\" sizes=\"(max-width: 1024px) 100vw, 1024px\" \/><\/figure>\n<\/div>\n<\/div>\n\n\n\n<p>\u00bfQu\u00e9 te pareci\u00f3 la historia de V\u00edctor? Su viaje est\u00e1 lleno de lecciones de resiliencia, fe y superaci\u00f3n que pueden inspirarnos a todos. Si te identificas con su experiencia o conoces a alguien que haya pasado por algo similar, nos encantar\u00eda leer tu historia o tus reflexiones en los comentarios.<\/p>\n\n\n\n<p>Adem\u00e1s, si deseas mantenerte al tanto de m\u00e1s historias como esta, suscr\u00edbete a nuestra p\u00e1gina web peruanos.nl, donde compartimos contenido relevante para nuestra comunidad peruana en los Pa\u00edses Bajos y en todo el mundo. Tu opini\u00f3n y participaci\u00f3n son importantes para nosotros. \u00a1Esperamos tu comentario y nos vemos en nuestra pr\u00f3xima publicaci\u00f3n!<\/p>\n","protected":false},"excerpt":{"rendered":"<p>Imagina tener cinco a\u00f1os y dejar atr\u00e1s todo lo que conoces: tu calle en el distrito de La Victoria (Lima), el olor del almuerzo de tu abuela, los gritos de los ni\u00f1os jugando en la cuadra 13 del jir\u00f3n S\u00e1enz Pe\u00f1a. Luego imagina aterrizar en Miami y subirte a un auto rumbo al Bronx en [&hellip;]<\/p>\n","protected":false},"author":1,"featured_media":4717,"comment_status":"open","ping_status":"open","sticky":false,"template":"","format":"standard","meta":{"jnews-multi-image_gallery":[],"jnews_single_post":{"format":"standard","override":[{"template":"1","parallax":"1","fullscreen":"1","layout":"right-sidebar","sidebar":"default-sidebar","second_sidebar":"default-sidebar","sticky_sidebar":"1","share_position":"top","share_float_style":"share-monocrhome","show_share_counter":"1","show_view_counter":"1","show_featured":"1","show_post_meta":"1","show_post_author":"1","show_post_date":"1","post_date_format":"default","post_date_format_custom":"Y\/m\/d","show_post_category":"1","show_post_reading_time":"0","post_reading_time_wpm":"300","post_calculate_word_method":"str_word_count","show_zoom_button":"0","zoom_button_out_step":"2","zoom_button_in_step":"3","show_post_tag":"1","show_popup_post":"1","number_popup_post":"1","show_author_box":"0","show_post_related":"1","show_inline_post_related":"0"}],"image_override":[{"single_post_thumbnail_size":"crop-500","single_post_gallery_size":"crop-500"}],"trending_post_position":"meta","trending_post_label":"Trending","sponsored_post_label":"Sponsored by","disable_ad":"0"},"jnews_primary_category":[],"jnews_social_meta":[],"jnews_override_counter":{"view_counter_number":"867","share_counter_number":"97","like_counter_number":"578","dislike_counter_number":"0","override_dislike_counter":"1","override_like_counter":"1","override_share_counter":"1","override_view_counter":"1"},"footnotes":""},"categories":[186],"tags":[514,513,319],"class_list":["post-4715","post","type-post","status-publish","format-standard","has-post-thumbnail","hentry","category-estilo-de-vida","tag-amsterdam-es","tag-barbero","tag-peruanos-en-paises-bajos-es"],"_links":{"self":[{"href":"https:\/\/peruanos.nl\/es\/wp-json\/wp\/v2\/posts\/4715","targetHints":{"allow":["GET"]}}],"collection":[{"href":"https:\/\/peruanos.nl\/es\/wp-json\/wp\/v2\/posts"}],"about":[{"href":"https:\/\/peruanos.nl\/es\/wp-json\/wp\/v2\/types\/post"}],"author":[{"embeddable":true,"href":"https:\/\/peruanos.nl\/es\/wp-json\/wp\/v2\/users\/1"}],"replies":[{"embeddable":true,"href":"https:\/\/peruanos.nl\/es\/wp-json\/wp\/v2\/comments?post=4715"}],"version-history":[{"count":49,"href":"https:\/\/peruanos.nl\/es\/wp-json\/wp\/v2\/posts\/4715\/revisions"}],"predecessor-version":[{"id":4803,"href":"https:\/\/peruanos.nl\/es\/wp-json\/wp\/v2\/posts\/4715\/revisions\/4803"}],"wp:featuredmedia":[{"embeddable":true,"href":"https:\/\/peruanos.nl\/es\/wp-json\/wp\/v2\/media\/4717"}],"wp:attachment":[{"href":"https:\/\/peruanos.nl\/es\/wp-json\/wp\/v2\/media?parent=4715"}],"wp:term":[{"taxonomy":"category","embeddable":true,"href":"https:\/\/peruanos.nl\/es\/wp-json\/wp\/v2\/categories?post=4715"},{"taxonomy":"post_tag","embeddable":true,"href":"https:\/\/peruanos.nl\/es\/wp-json\/wp\/v2\/tags?post=4715"}],"curies":[{"name":"wp","href":"https:\/\/api.w.org\/{rel}","templated":true}]}}