{"id":4645,"date":"2025-04-28T14:31:23","date_gmt":"2025-04-28T12:31:23","guid":{"rendered":"https:\/\/peruanos.nl\/?p=4645"},"modified":"2025-04-26T14:31:58","modified_gmt":"2025-04-26T12:31:58","slug":"alpacas-llamas-vicunas-y-guanacos-descubre-las-diferencias-de-estos-seres-ancestrales-de-los-andes","status":"publish","type":"post","link":"https:\/\/peruanos.nl\/es\/alpacas-llamas-vicunas-y-guanacos-descubre-las-diferencias-de-estos-seres-ancestrales-de-los-andes\/","title":{"rendered":"Alpacas, Llamas, Vicu\u00f1as y Guanacos: Descubre las Diferencias de Estos Seres Ancestrales de los Andes"},"content":{"rendered":"\n<p>En lo alto de las monta\u00f1as, donde el aire es fresco y la tierra parece estar m\u00e1s cerca de las estrellas, habitan seres que han acompa\u00f1ado a las civilizaciones andinas por siglos. Las alpacas, llamas, vicu\u00f1as y guanacos no solo son animales, sino s\u00edmbolos de la conexi\u00f3n profunda entre los pueblos de los Andes y la naturaleza que los rodea. Estos cam\u00e9lidos, con sus ojos inteligentes y cuerpos esbeltos, son mucho m\u00e1s que simples habitantes de las monta\u00f1as: son guardianes de la historia, del equilibrio ecol\u00f3gico y de la tradici\u00f3n de una regi\u00f3n ancestral.<\/p>\n\n\n\n<p>Desde tiempos ancestrales, alpacas, llamas, vicu\u00f1as y guanacos han sido compa\u00f1eros silenciosos de las civilizaciones andinas. Cada uno, con su propio esp\u00edritu, belleza y prop\u00f3sito, ha tejido su historia junto a los hombres y mujeres que aprendieron a respetarlos.<\/p>\n\n\n\n<p>A trav\u00e9s de este art\u00edculo, exploraremos las diferencias y similitudes entre estas fascinantes especies, su importancia en la vida cotidiana de los pueblos andinos, y c\u00f3mo su presencia sigue siendo esencial tanto para la cultura como para la econom\u00eda de Per\u00fa, Bolivia, Chile y Argentina. Si alguna vez has o\u00eddo hablar de estos animales sin saber exactamente qu\u00e9 los distingue, este es el momento perfecto para descubrir sus secretos y su inquebrantable v\u00ednculo con la tierra de los Incas.<\/p>\n\n\n\n<h2 class=\"wp-block-heading\">\u00bfQu\u00e9 son los cam\u00e9lidos andinos?<\/h2>\n\n\n\n<p>Los cam\u00e9lidos andinos son una familia de animales originarios de Sudam\u00e9rica, adaptados a vivir en altitudes extremas, donde otros seres dif\u00edcilmente sobreviven. Su importancia no solo es ecol\u00f3gica: han sido fundamentales para la vida econ\u00f3mica, espiritual y cultural de los pueblos ind\u00edgenas desde hace miles de a\u00f1os.<\/p>\n\n\n\n<p>Existen cuatro especies principales:<\/p>\n\n\n\n<ul class=\"wp-block-list\">\n<li>Alpacas<\/li>\n\n\n\n<li>Llamas<\/li>\n\n\n\n<li>Vicu\u00f1as<\/li>\n\n\n\n<li>Guanacos<\/li>\n<\/ul>\n\n\n\n<p>Aunque a primera vista pueden parecer similares, cada una tiene rasgos \u00fanicos que las distinguen.<\/p>\n\n\n\n<figure class=\"wp-block-image size-large is-resized\"><img fetchpriority=\"high\" decoding=\"async\" width=\"1024\" height=\"577\" src=\"https:\/\/peruanos.nl\/wp-content\/uploads\/2025\/04\/diferencias_camelidos_andinos_inside_articulo_5-1024x577.webp\" alt=\"\" class=\"wp-image-4660\" style=\"width:1170px;height:auto\" srcset=\"https:\/\/peruanos.nl\/wp-content\/uploads\/2025\/04\/diferencias_camelidos_andinos_inside_articulo_5-1024x577.webp 1024w, https:\/\/peruanos.nl\/wp-content\/uploads\/2025\/04\/diferencias_camelidos_andinos_inside_articulo_5-300x169.webp 300w, https:\/\/peruanos.nl\/wp-content\/uploads\/2025\/04\/diferencias_camelidos_andinos_inside_articulo_5-768x433.webp 768w, https:\/\/peruanos.nl\/wp-content\/uploads\/2025\/04\/diferencias_camelidos_andinos_inside_articulo_5-600x338.webp 600w, https:\/\/peruanos.nl\/wp-content\/uploads\/2025\/04\/diferencias_camelidos_andinos_inside_articulo_5-750x422.webp 750w, https:\/\/peruanos.nl\/wp-content\/uploads\/2025\/04\/diferencias_camelidos_andinos_inside_articulo_5.webp 1140w\" sizes=\"(max-width: 1024px) 100vw, 1024px\" \/><\/figure>\n\n\n\n<h2 class=\"wp-block-heading\">Las Diferencias Clave: Alpacas, Llamas, Vicu\u00f1as y Guanacos<\/h2>\n\n\n\n<p>Los cam\u00e9lidos andinos son una familia de animales originarios de Sudam\u00e9rica, adaptados a vivir en altitudes extremas, donde otros seres dif\u00edcilmente sobreviven. Su importancia no solo es ecol\u00f3gica: han sido fundamentales para la vida econ\u00f3mica, espiritual y cultural de los pueblos ind\u00edgenas desde hace miles de a\u00f1os.<br><\/p>\n\n\n\n<h2 class=\"wp-block-heading\">Alpaca: La joya de los Andes<\/h2>\n\n\n\n<p>La <strong>alpaca<\/strong> (Vicugna pacos) a menudo la m\u00e1s conocida fuera de los Andes, es sin duda la reina de la lana. Con su pelaje suave y esponjoso, este cam\u00e9lido es criado principalmente por su fibra, que es una de las m\u00e1s finas y c\u00e1lidas del mundo. A diferencia de la llama, la alpaca tiene un tama\u00f1o m\u00e1s peque\u00f1o y una personalidad m\u00e1s tranquila, lo que la convierte en un animal ideal para la producci\u00f3n de lana.<\/p>\n\n\n\n<p>Caracter\u00edsticas principales:<\/p>\n\n\n\n<ul class=\"wp-block-list\">\n<li>Tama\u00f1o peque\u00f1o a mediano (aproximadamente 1 metro de altura).<\/li>\n\n\n\n<li>Cara redonda y lanuda.<\/li>\n\n\n\n<li>Orejas peque\u00f1as y puntiagudas.<\/li>\n\n\n\n<li>Lana muy densa, suave y c\u00e1lida.<\/li>\n\n\n\n<li>No se utilizan como animales de carga.<\/li>\n<\/ul>\n\n\n\n<figure class=\"wp-block-image size-large is-resized\"><img decoding=\"async\" width=\"1024\" height=\"766\" src=\"https:\/\/peruanos.nl\/wp-content\/uploads\/2025\/04\/diferencias_camelidos_andinos_inside_articulo_1-1024x766.webp\" alt=\"\" class=\"wp-image-4663\" style=\"width:1170px;height:auto\" srcset=\"https:\/\/peruanos.nl\/wp-content\/uploads\/2025\/04\/diferencias_camelidos_andinos_inside_articulo_1-1024x766.webp 1024w, https:\/\/peruanos.nl\/wp-content\/uploads\/2025\/04\/diferencias_camelidos_andinos_inside_articulo_1-300x224.webp 300w, https:\/\/peruanos.nl\/wp-content\/uploads\/2025\/04\/diferencias_camelidos_andinos_inside_articulo_1-768x575.webp 768w, https:\/\/peruanos.nl\/wp-content\/uploads\/2025\/04\/diferencias_camelidos_andinos_inside_articulo_1-600x449.webp 600w, https:\/\/peruanos.nl\/wp-content\/uploads\/2025\/04\/diferencias_camelidos_andinos_inside_articulo_1-750x561.webp 750w, https:\/\/peruanos.nl\/wp-content\/uploads\/2025\/04\/diferencias_camelidos_andinos_inside_articulo_1.webp 1140w\" sizes=\"(max-width: 1024px) 100vw, 1024px\" \/><\/figure>\n\n\n\n<p><strong>Dato curioso:<\/strong> La fibra de alpaca es considerada m\u00e1s ligera y m\u00e1s caliente que la lana de oveja. La producci\u00f3n de fibra de alpaca es tan valiosa que la industria textil en Per\u00fa ha crecido enormemente en las \u00faltimas d\u00e9cadas.<\/p>\n\n\n\n<h2 class=\"wp-block-heading\">Llama: El fiel compa\u00f1ero de los caminos<br><\/h2>\n\n\n\n<p>La <strong>llama<\/strong> (Lama glama) es la m\u00e1s robusta y la que m\u00e1s contacto ha tenido con los humanos en labores diarias. Durante siglos, fue el \u00abcami\u00f3n\u00bb de los Andes, cargando mercanc\u00edas y conectando pueblos aislados a trav\u00e9s de intrincados caminos de monta\u00f1a. Con su porte imponente y su esp\u00edritu independiente, la llama ha sido la compa\u00f1era fiel de los pueblos andinos durante milenios. Aunque se parece a la alpaca en muchos aspectos, la llama es mucho m\u00e1s grande y su pelaje es menos denso, lo que la hace m\u00e1s adecuada para los trabajos de carga que para la producci\u00f3n de lana.<\/p>\n\n\n\n<p><strong>Caracter\u00edsticas principales:<\/strong><\/p>\n\n\n\n<ul class=\"wp-block-list\">\n<li>Mayor tama\u00f1o (hasta 1,2 metros de altura).<\/li>\n\n\n\n<li>Orejas largas en forma de pl\u00e1tano.<\/li>\n\n\n\n<li>Pelo menos denso que la alpaca.<\/li>\n\n\n\n<li>Capacidad de cargar hasta 25-30 kilos.<\/li>\n\n\n\n<li>Personalidad independiente, a veces terca.<\/li>\n<\/ul>\n\n\n\n<figure class=\"wp-block-image size-large is-resized\"><img decoding=\"async\" width=\"1024\" height=\"766\" src=\"https:\/\/peruanos.nl\/wp-content\/uploads\/2025\/04\/diferencias_camelidos_andinos_inside_articulo_2-1024x766.webp\" alt=\"\" class=\"wp-image-4666\" style=\"width:1170px;height:auto\" srcset=\"https:\/\/peruanos.nl\/wp-content\/uploads\/2025\/04\/diferencias_camelidos_andinos_inside_articulo_2-1024x766.webp 1024w, https:\/\/peruanos.nl\/wp-content\/uploads\/2025\/04\/diferencias_camelidos_andinos_inside_articulo_2-300x224.webp 300w, https:\/\/peruanos.nl\/wp-content\/uploads\/2025\/04\/diferencias_camelidos_andinos_inside_articulo_2-768x575.webp 768w, https:\/\/peruanos.nl\/wp-content\/uploads\/2025\/04\/diferencias_camelidos_andinos_inside_articulo_2-600x449.webp 600w, https:\/\/peruanos.nl\/wp-content\/uploads\/2025\/04\/diferencias_camelidos_andinos_inside_articulo_2-750x561.webp 750w, https:\/\/peruanos.nl\/wp-content\/uploads\/2025\/04\/diferencias_camelidos_andinos_inside_articulo_2.webp 1140w\" sizes=\"(max-width: 1024px) 100vw, 1024px\" \/><\/figure>\n\n\n\n<p><strong>Dato curioso:<\/strong> Si una llama se siente amenazada&#8230; \u00a1escupir\u00e1! Pero normalmente solo lo hace para establecer jerarqu\u00edas entre ellas.<\/p>\n\n\n\n<h2 class=\"wp-block-heading\">Vicu\u00f1a: El tesoro salvaje de los Andes<\/h2>\n\n\n\n<p>La <strong>vicu\u00f1a<\/strong> (Vicugna vicugna) es una criatura salvaje, el\u00e1stica y delicada, considerada un s\u00edmbolo nacional del Per\u00fa. Su lana es la m\u00e1s fina y valiosa del mundo, y durante siglos estuvo reservada solo para la realeza inca. <\/p>\n\n\n\n<p>La vicu\u00f1a es quiz\u00e1s el cam\u00e9lido m\u00e1s elegante y esquivo de todos. Su cuerpo delgado y su pelaje suave como el terciopelo la convierten en un animal muy apreciado. Aunque las vicu\u00f1as fueron hist\u00f3ricamente cazadas por sus finas fibras, hoy en d\u00eda est\u00e1n protegidas por leyes que regulan su captura. Es un animal salvaje que habita en las altas llanuras de los Andes y, debido a su capacidad para adaptarse a las condiciones extremas, es considerado un s\u00edmbolo de resistencia.<\/p>\n\n\n\n<p><strong>Caracter\u00edsticas principales:<\/strong><\/p>\n\n\n\n<ul class=\"wp-block-list\">\n<li>Tama\u00f1o peque\u00f1o y delgado.<\/li>\n\n\n\n<li>Pelaje corto y fin\u00edsimo de color dorado y blanco.<\/li>\n\n\n\n<li>Extremadamente \u00e1gil y r\u00e1pida.<\/li>\n\n\n\n<li>Vive en estado salvaje en altitudes superiores a los 3,500 metros.<\/li>\n<\/ul>\n\n\n\n<figure class=\"wp-block-image size-large is-resized\"><img loading=\"lazy\" decoding=\"async\" width=\"1024\" height=\"766\" src=\"https:\/\/peruanos.nl\/wp-content\/uploads\/2025\/04\/diferencias_camelidos_andinos_inside_articulo_3-1024x766.webp\" alt=\"\" class=\"wp-image-4669\" style=\"width:1170px;height:auto\" srcset=\"https:\/\/peruanos.nl\/wp-content\/uploads\/2025\/04\/diferencias_camelidos_andinos_inside_articulo_3-1024x766.webp 1024w, https:\/\/peruanos.nl\/wp-content\/uploads\/2025\/04\/diferencias_camelidos_andinos_inside_articulo_3-300x224.webp 300w, https:\/\/peruanos.nl\/wp-content\/uploads\/2025\/04\/diferencias_camelidos_andinos_inside_articulo_3-768x575.webp 768w, https:\/\/peruanos.nl\/wp-content\/uploads\/2025\/04\/diferencias_camelidos_andinos_inside_articulo_3-600x449.webp 600w, https:\/\/peruanos.nl\/wp-content\/uploads\/2025\/04\/diferencias_camelidos_andinos_inside_articulo_3-750x561.webp 750w, https:\/\/peruanos.nl\/wp-content\/uploads\/2025\/04\/diferencias_camelidos_andinos_inside_articulo_3.webp 1140w\" sizes=\"(max-width: 1024px) 100vw, 1024px\" \/><\/figure>\n\n\n\n<p><strong>Dato curioso:<\/strong><br>La lana de vicu\u00f1a es tan preciosa que para esquilarlas debe realizarse un ritual comunitario llamado \u00abChaccu\u00bb, que respeta el bienestar de los animales.<\/p>\n\n\n\n<h2 class=\"wp-block-heading\">Guanaco: El esp\u00edritu libre de Sudam\u00e9rica<\/h2>\n\n\n\n<p>El <strong>guanaco<\/strong> (Lama guanicoe) aunque menos conocido fuera de Am\u00e9rica del Sur, es el primo salvaje de la llama. Habita en las regiones m\u00e1s \u00e1ridas y fr\u00edas de la Patagonia y otras zonas de Argentina y Chile. A diferencia de la vicu\u00f1a, que se encuentra principalmente en los Andes peruanos, el guanaco es m\u00e1s resistente a las temperaturas extremas y a los terrenos duros, lo que lo hace un animal adaptado a los desaf\u00edos de la regi\u00f3n.. El guanaco es la imagen misma de la libertad: resistente, \u00e1gil y salvaje.<\/p>\n\n\n\n<p><strong>Caracter\u00edsticas principales:<\/strong><\/p>\n\n\n\n<ul class=\"wp-block-list\">\n<li>Altura media (similar a la llama, pero m\u00e1s esbelto).<\/li>\n\n\n\n<li>Pelaje corto y r\u00fastico.<\/li>\n\n\n\n<li>Car\u00e1cter extremadamente reservado.<\/li>\n\n\n\n<li>Vive en manadas peque\u00f1as.<\/li>\n<\/ul>\n\n\n\n<figure class=\"wp-block-image size-large\"><img loading=\"lazy\" decoding=\"async\" width=\"1024\" height=\"766\" src=\"https:\/\/peruanos.nl\/wp-content\/uploads\/2025\/04\/diferencias_camelidos_andinos_inside_articulo_4-1024x766.webp\" alt=\"\" class=\"wp-image-4672\" srcset=\"https:\/\/peruanos.nl\/wp-content\/uploads\/2025\/04\/diferencias_camelidos_andinos_inside_articulo_4-1024x766.webp 1024w, https:\/\/peruanos.nl\/wp-content\/uploads\/2025\/04\/diferencias_camelidos_andinos_inside_articulo_4-300x224.webp 300w, https:\/\/peruanos.nl\/wp-content\/uploads\/2025\/04\/diferencias_camelidos_andinos_inside_articulo_4-768x575.webp 768w, https:\/\/peruanos.nl\/wp-content\/uploads\/2025\/04\/diferencias_camelidos_andinos_inside_articulo_4-600x449.webp 600w, https:\/\/peruanos.nl\/wp-content\/uploads\/2025\/04\/diferencias_camelidos_andinos_inside_articulo_4-750x561.webp 750w, https:\/\/peruanos.nl\/wp-content\/uploads\/2025\/04\/diferencias_camelidos_andinos_inside_articulo_4.webp 1140w\" sizes=\"(max-width: 1024px) 100vw, 1024px\" \/><\/figure>\n\n\n\n<p><strong>Dato curioso:<\/strong> Los guanacos pueden sobrevivir sin beber agua durante largos per\u00edodos, extrayendo la humedad de las plantas que consumen.<\/p>\n\n\n\n<h2 class=\"wp-block-heading\">Diferencias resumidas en una mirada r\u00e1pida<\/h2>\n\n\n\n<figure class=\"wp-block-table\"><table class=\"has-fixed-layout\"><thead><tr><th>Caracter\u00edstica<\/th><th>Alpaca<\/th><th>Llama<\/th><th>Vicu\u00f1a<\/th><th>Guanaco<\/th><\/tr><\/thead><tbody><tr><td>Estado<\/td><td>Dom\u00e9stica<\/td><td>Dom\u00e9stica<\/td><td>Salvaje<\/td><td>Salvaje<\/td><\/tr><tr><td>Tama\u00f1o<\/td><td>Peque\u00f1a<\/td><td>Grande<\/td><td>Muy peque\u00f1a<\/td><td>Mediana<\/td><\/tr><tr><td>Lana<\/td><td>Muy fina<\/td><td>Regular<\/td><td>Extra fina<\/td><td>M\u00e1s r\u00fastica<\/td><\/tr><tr><td>Uso principal<\/td><td>Fibra<\/td><td>Carga y fibra<\/td><td>Fibra<\/td><td>Fibra y carne<\/td><\/tr><tr><td>Personalidad<\/td><td>Tranquila<\/td><td>Firme<\/td><td>Cautelosa<\/td><td>Salvaje<\/td><\/tr><\/tbody><\/table><\/figure>\n\n\n\n<h2 class=\"wp-block-heading\"><strong>El V\u00ednculo Profundo con la Cultura Andina<\/strong><\/h2>\n\n\n\n<p><br>Desde tiempos preincaicos, los cam\u00e9lidos andinos han sido m\u00e1s que simples recursos. Han jugado un papel crucial en la mitolog\u00eda y en la vida diaria de los pueblos andinos. En algunas comunidades, la alpaca es considerada un \u00abanimal sagrado\u00bb, que representa la conexi\u00f3n con los dioses y la naturaleza. Adem\u00e1s, en diversas celebraciones andinas, como la Fiesta de la Candelaria en Puno, las llamas y vicu\u00f1as son honradas en rituales de agradecimiento a la Pachamama (Madre Tierra).<\/p>\n\n\n\n<p>Este v\u00ednculo espiritual y cultural con los cam\u00e9lidos sigue siendo fuerte, y cada vez m\u00e1s turistas y estudiosos se interesan por conocer estas criaturas en su h\u00e1bitat natural. Son s\u00edmbolos de resistencia y adaptaci\u00f3n, que nos ense\u00f1an lecciones valiosas sobre la relaci\u00f3n arm\u00f3nica entre los seres humanos y la naturaleza.<\/p>\n\n\n\n<h2 class=\"wp-block-heading\"><strong>Importancia Ecol\u00f3gica y Econ\u00f3mica en la Actualidad<\/strong><\/h2>\n\n\n\n<p>En los tiempos modernos, los cam\u00e9lidos andinos siguen siendo un pilar en la econom\u00eda de las regiones andinas. La lana de alpaca, por ejemplo, es exportada a todo el mundo y utilizada para hacer productos de lujo como ropa, alfombras y mantas. Adem\u00e1s, el guanaco y la vicu\u00f1a tambi\u00e9n tienen su espacio en el mercado de la fibra, aunque de manera m\u00e1s restringida debido a su estatus protegido.<\/p>\n\n\n\n<p><br>Desde un punto de vista ecol\u00f3gico, los cam\u00e9lidos tienen una funci\u00f3n vital en los ecosistemas de los Andes, ya que sus h\u00e1bitos alimenticios ayudan a mantener el equilibrio de las plantas que crecen a grandes altitudes. Su capacidad para pastar sin destruir el terreno es un factor que ayuda a mantener la biodiversidad en las zonas m\u00e1s fr\u00e1giles de la regi\u00f3n.<\/p>\n\n\n\n<h2 class=\"wp-block-heading\">Un V\u00ednculo Perdura a lo Largo de los Siglos<\/h2>\n\n\n\n<p>Alpacas, llamas, vicu\u00f1as y guanacos no son solo animales: son s\u00edmbolos vivientes de una historia que se remonta a tiempos inmemoriales. Su presencia contin\u00faa siendo vital para la vida en los Andes, y su legado perdura no solo en las monta\u00f1as, sino tambi\u00e9n en la cultura peruana que los honra y cuida con respeto.<br><\/p>\n\n\n\n<p>Si alguna vez tienes la oportunidad de caminar por los Andes, detenerte frente a estos majestuosos animales ser\u00e1 una experiencia que te conectar\u00e1 con una historia profunda, cargada de misticismo y sabidur\u00eda ancestral.<\/p>\n\n\n\n<p><strong>\u00bfTe ha fascinado el mundo de los cam\u00e9lidos andinos?<\/strong><\/p>\n\n\n\n<p>\u00a1D\u00e9janos tu comentario abajo y comparte este art\u00edculo con tus amigos para que m\u00e1s personas descubran el misterio y la belleza de estas criaturas ancestrales! Adem\u00e1s, si te interesa aprender m\u00e1s sobre la cultura peruana y los secretos de los Andes, suscr\u00edbete a nuestro bolet\u00edn para recibir art\u00edculos exclusivos directamente en tu bandeja de entrada.<\/p>\n\n\n\n<p><br><\/p>\n","protected":false},"excerpt":{"rendered":"<p>En lo alto de las monta\u00f1as, donde el aire es fresco y la tierra parece estar m\u00e1s cerca de las estrellas, habitan seres que han acompa\u00f1ado a las civilizaciones andinas por siglos. Las alpacas, llamas, vicu\u00f1as y guanacos no solo son animales, sino s\u00edmbolos de la conexi\u00f3n profunda entre los pueblos de los Andes y [&hellip;]<\/p>\n","protected":false},"author":2,"featured_media":4656,"comment_status":"open","ping_status":"open","sticky":false,"template":"","format":"standard","meta":{"jnews-multi-image_gallery":[],"jnews_single_post":{"format":"standard","override":[{"template":"1","parallax":"1","fullscreen":"1","layout":"right-sidebar","sidebar":"default-sidebar","second_sidebar":"default-sidebar","sticky_sidebar":"1","share_position":"top","share_float_style":"share-monocrhome","show_share_counter":"1","show_view_counter":"1","show_featured":"1","show_post_meta":"1","show_post_author":"1","show_post_date":"1","post_date_format":"default","post_date_format_custom":"Y\/m\/d","show_post_category":"1","show_post_reading_time":"0","post_reading_time_wpm":"300","post_calculate_word_method":"str_word_count","show_zoom_button":"0","zoom_button_out_step":"2","zoom_button_in_step":"3","show_post_tag":"1","show_popup_post":"1","number_popup_post":"1","show_author_box":"0","show_post_related":"1","show_inline_post_related":"0"}],"image_override":[{"single_post_thumbnail_size":"crop-500","single_post_gallery_size":"crop-500"}],"trending_post_position":"meta","trending_post_label":"Trending","sponsored_post_label":"Sponsored by","disable_ad":"0"},"jnews_primary_category":{"id":"5"},"jnews_social_meta":[],"jnews_override_counter":{"view_counter_number":"2034","share_counter_number":"361","like_counter_number":"584","dislike_counter_number":"0","override_dislike_counter":"1","override_like_counter":"1","override_share_counter":"1","override_view_counter":"1"},"footnotes":""},"categories":[187],"tags":[],"class_list":["post-4645","post","type-post","status-publish","format-standard","has-post-thumbnail","hentry","category-ciencia-y-tecnologia"],"_links":{"self":[{"href":"https:\/\/peruanos.nl\/es\/wp-json\/wp\/v2\/posts\/4645","targetHints":{"allow":["GET"]}}],"collection":[{"href":"https:\/\/peruanos.nl\/es\/wp-json\/wp\/v2\/posts"}],"about":[{"href":"https:\/\/peruanos.nl\/es\/wp-json\/wp\/v2\/types\/post"}],"author":[{"embeddable":true,"href":"https:\/\/peruanos.nl\/es\/wp-json\/wp\/v2\/users\/2"}],"replies":[{"embeddable":true,"href":"https:\/\/peruanos.nl\/es\/wp-json\/wp\/v2\/comments?post=4645"}],"version-history":[{"count":8,"href":"https:\/\/peruanos.nl\/es\/wp-json\/wp\/v2\/posts\/4645\/revisions"}],"predecessor-version":[{"id":4676,"href":"https:\/\/peruanos.nl\/es\/wp-json\/wp\/v2\/posts\/4645\/revisions\/4676"}],"wp:featuredmedia":[{"embeddable":true,"href":"https:\/\/peruanos.nl\/es\/wp-json\/wp\/v2\/media\/4656"}],"wp:attachment":[{"href":"https:\/\/peruanos.nl\/es\/wp-json\/wp\/v2\/media?parent=4645"}],"wp:term":[{"taxonomy":"category","embeddable":true,"href":"https:\/\/peruanos.nl\/es\/wp-json\/wp\/v2\/categories?post=4645"},{"taxonomy":"post_tag","embeddable":true,"href":"https:\/\/peruanos.nl\/es\/wp-json\/wp\/v2\/tags?post=4645"}],"curies":[{"name":"wp","href":"https:\/\/api.w.org\/{rel}","templated":true}]}}