{"id":4595,"date":"2025-04-23T14:50:00","date_gmt":"2025-04-23T12:50:00","guid":{"rendered":"https:\/\/peruanos.nl\/?p=4595"},"modified":"2025-04-21T17:08:59","modified_gmt":"2025-04-21T15:08:59","slug":"el-condor-andino-el-majestuoso-guardian-de-los-andes","status":"publish","type":"post","link":"https:\/\/peruanos.nl\/es\/el-condor-andino-el-majestuoso-guardian-de-los-andes\/","title":{"rendered":"El C\u00f3ndor Andino: El Majestuoso Guardi\u00e1n de los Andes"},"content":{"rendered":"\n<h2 class=\"wp-block-heading\">Un esp\u00edritu que surca los cielos<\/h2>\n\n\n\n<p>En las alturas vertiginosas de los Andes peruanos, donde el cielo parece abrazar la tierra y el viento canta lenguas ancestrales, habita una criatura tan imponente como enigm\u00e1tica. Con alas que rozan los tres metros de envergadura y una mirada que atraviesa el tiempo, el c\u00f3ndor andino no es simplemente un ave: es un s\u00edmbolo, un guardi\u00e1n, un esp\u00edritu sagrado.<\/p>\n\n\n\n<p>Para las culturas andinas, el c\u00f3ndor es m\u00e1s que fauna; es una presencia divina, un mensajero entre el mundo terrenal y el mundo de los dioses. Hoy, su silueta majestuosa sigue inspirando asombro, respeto y una urgente necesidad de protecci\u00f3n.<\/p>\n\n\n\n<p>En este art\u00edculo, exploraremos la historia, mitolog\u00eda, biolog\u00eda y simbolismo del c\u00f3ndor andino con una mirada profunda y fascinante, pensada especialmente para quienes desean descubrir la riqueza de la cultura peruana desde Europa o los Pa\u00edses Bajos.<\/p>\n\n\n\n<h2 class=\"wp-block-heading\">El C\u00f3ndor en la cosmovisi\u00f3n andina: Ave, esp\u00edritu y s\u00edmbolo eterno<\/h2>\n\n\n\n<p>Para los antiguos pueblos del Tahuantinsuyo (el Imperio Incaico), el c\u00f3ndor era parte de la trilog\u00eda sagrada junto al puma y la serpiente. Cada uno representaba un mundo:<\/p>\n\n\n\n<ul class=\"wp-block-list\">\n<li><strong>C\u00f3ndor<\/strong> \u2013 Hanan Pacha: el mundo de arriba, lo celestial y divino<\/li>\n\n\n\n<li><strong>Puma<\/strong> \u2013 Kay Pacha: el mundo terrenal<\/li>\n\n\n\n<li><strong>Serpiente<\/strong> \u2013 Ukhu Pacha: el mundo subterr\u00e1neo, lo espiritual<\/li>\n<\/ul>\n\n\n\n<figure class=\"wp-block-image size-large is-resized\"><img fetchpriority=\"high\" decoding=\"async\" width=\"1024\" height=\"766\" src=\"https:\/\/peruanos.nl\/wp-content\/uploads\/2025\/04\/condor_guardian_inside_articulo_1-1024x766.webp\" alt=\"\" class=\"wp-image-4606\" style=\"width:1170px;height:auto\" srcset=\"https:\/\/peruanos.nl\/wp-content\/uploads\/2025\/04\/condor_guardian_inside_articulo_1-1024x766.webp 1024w, https:\/\/peruanos.nl\/wp-content\/uploads\/2025\/04\/condor_guardian_inside_articulo_1-300x224.webp 300w, https:\/\/peruanos.nl\/wp-content\/uploads\/2025\/04\/condor_guardian_inside_articulo_1-768x575.webp 768w, https:\/\/peruanos.nl\/wp-content\/uploads\/2025\/04\/condor_guardian_inside_articulo_1-600x449.webp 600w, https:\/\/peruanos.nl\/wp-content\/uploads\/2025\/04\/condor_guardian_inside_articulo_1-750x561.webp 750w, https:\/\/peruanos.nl\/wp-content\/uploads\/2025\/04\/condor_guardian_inside_articulo_1.webp 1140w\" sizes=\"(max-width: 1024px) 100vw, 1024px\" \/><\/figure>\n\n\n\n<p>El c\u00f3ndor era el v\u00ednculo entre los hombres y los dioses, el que transportaba las almas al m\u00e1s all\u00e1. Su vuelo silencioso y elevado simboliza la libertad, la trascendencia y la conexi\u00f3n con el cosmos.<\/p>\n\n\n\n<blockquote class=\"wp-block-quote is-layout-flow wp-block-quote-is-layout-flow\">\n<p>\u201cEl c\u00f3ndor no solo vuela: medita, observa, viaja entre mundos que el ser humano ha olvidado.\u201d<br>\u2014 Frase tradicional andina<\/p>\n<\/blockquote>\n\n\n\n<h2 class=\"wp-block-heading\">Un gigante del aire: Caracter\u00edsticas f\u00edsicas del c\u00f3ndor andino<\/h2>\n\n\n\n<p>Conocido cient\u00edficamente como <em>Vultur gryphus<\/em>, el c\u00f3ndor andino es una de las aves voladoras m\u00e1s grandes del planeta.<\/p>\n\n\n\n<h3 class=\"wp-block-heading\">Caracter\u00edsticas principales:<\/h3>\n\n\n\n<ul class=\"wp-block-list\">\n<li>Envergadura de alas: hasta 3.3 metros<\/li>\n\n\n\n<li>Peso: entre 11 y 15 kg<\/li>\n\n\n\n<li>Color: cuerpo negro con plumas blancas en el cuello y las alas<\/li>\n\n\n\n<li>Longevidad: puede vivir hasta 70 a\u00f1os en cautiverio<\/li>\n<\/ul>\n\n\n\n<p>A pesar de su tama\u00f1o, el c\u00f3ndor no necesita batir sus alas constantemente. Se desliza gracias a las t\u00e9rmicas de aire caliente de los Andes, lo que le permite recorrer grandes distancias sin esfuerzo aparente.<\/p>\n\n\n\n<h2 class=\"wp-block-heading\">Su h\u00e1bitat en el Per\u00fa: Donde reina el viento<\/h2>\n\n\n\n<p>El c\u00f3ndor andino habita en regiones monta\u00f1osas y ca\u00f1ones profundos, donde hay escasa intervenci\u00f3n humana. Uno de los lugares m\u00e1s emblem\u00e1ticos para observarlo es el Ca\u00f1\u00f3n del Colca, en Arequipa (Per\u00fa), considerado uno de los ca\u00f1ones m\u00e1s profundos del mundo.<\/p>\n\n\n\n<h3 class=\"wp-block-heading\">Otros lugares donde puede avistarse:<\/h3>\n\n\n\n<ul class=\"wp-block-list\">\n<li>Parque Nacional Huascar\u00e1n (Ancash)<\/li>\n\n\n\n<li>Reserva Nacional Salinas y Aguada Blanca (Arequipa)<\/li>\n\n\n\n<li>Ca\u00f1\u00f3n de Cotahuasi<\/li>\n\n\n\n<li>Zonas elevadas de Cusco y Puno<\/li>\n<\/ul>\n\n\n\n<p>Su presencia es cada vez m\u00e1s rara, lo que convierte cada avistamiento en una experiencia casi espiritual.<\/p>\n\n\n\n<h2 class=\"wp-block-heading\">Biolog\u00eda y comportamiento: El arte de vivir en las alturas<\/h2>\n\n\n\n<p>Aunque muchos piensan que el c\u00f3ndor es un depredador, en realidad es carro\u00f1ero. Se alimenta de animales muertos, desempe\u00f1ando un rol fundamental en los ecosistemas al mantener el equilibrio natural.<\/p>\n\n\n\n<h3 class=\"wp-block-heading\">Aspectos curiosos:<\/h3>\n\n\n\n<ul class=\"wp-block-list\">\n<li><strong>Mon\u00f3gamos:<\/strong> forman parejas de por vida<\/li>\n\n\n\n<li><strong>Nidificaci\u00f3n lenta:<\/strong> s\u00f3lo ponen un huevo cada 2-3 a\u00f1os<\/li>\n\n\n\n<li><strong>Alta dependencia del viento:<\/strong> no pueden levantar vuelo desde superficies planas f\u00e1cilmente<\/li>\n<\/ul>\n\n\n\n<p>Estos factores, junto con la destrucci\u00f3n de su h\u00e1bitat, han contribuido a su estado de conservaci\u00f3n vulnerable.<\/p>\n\n\n\n<figure class=\"wp-block-image size-large is-resized\"><img decoding=\"async\" width=\"1024\" height=\"766\" src=\"https:\/\/peruanos.nl\/wp-content\/uploads\/2025\/04\/condor_guardian_inside_articulo_3-1024x766.webp\" alt=\"\" class=\"wp-image-4600\" style=\"width:1170px;height:auto\" srcset=\"https:\/\/peruanos.nl\/wp-content\/uploads\/2025\/04\/condor_guardian_inside_articulo_3-1024x766.webp 1024w, https:\/\/peruanos.nl\/wp-content\/uploads\/2025\/04\/condor_guardian_inside_articulo_3-300x224.webp 300w, https:\/\/peruanos.nl\/wp-content\/uploads\/2025\/04\/condor_guardian_inside_articulo_3-768x575.webp 768w, https:\/\/peruanos.nl\/wp-content\/uploads\/2025\/04\/condor_guardian_inside_articulo_3-600x449.webp 600w, https:\/\/peruanos.nl\/wp-content\/uploads\/2025\/04\/condor_guardian_inside_articulo_3-750x561.webp 750w, https:\/\/peruanos.nl\/wp-content\/uploads\/2025\/04\/condor_guardian_inside_articulo_3.webp 1140w\" sizes=\"(max-width: 1024px) 100vw, 1024px\" \/><\/figure>\n\n\n\n<h2 class=\"wp-block-heading\">El c\u00f3ndor en la cultura y arte peruano contempor\u00e1neo<\/h2>\n\n\n\n<p>El c\u00f3ndor no ha quedado atrapado en los mitos. Hoy en d\u00eda, sigue siendo fuente de inspiraci\u00f3n en la m\u00fasica, literatura, danza, arte urbano y hasta tatuajes.<\/p>\n\n\n\n<p>Canciones como \u201cEl C\u00f3ndor Pasa\u201d han viajado por todo el mundo, mostrando al ave como s\u00edmbolo de nostalgia, libertad y orgullo andino.<\/p>\n\n\n\n<blockquote class=\"wp-block-quote is-layout-flow wp-block-quote-is-layout-flow\">\n<p>\u00abCuando el c\u00f3ndor pase, lleva consigo nuestras memorias, esperanzas y plegarias.\u00bb<br>\u2014 Adaptaci\u00f3n popular del huayno andino<\/p>\n<\/blockquote>\n\n\n\n<h2 class=\"wp-block-heading\">Amenazas actuales y esfuerzos de conservaci\u00f3n<\/h2>\n\n\n\n<p>Hoy, el c\u00f3ndor andino enfrenta una lucha silenciosa por sobrevivir. Las amenazas incluyen:<\/p>\n\n\n\n<ul class=\"wp-block-list\">\n<li>Envenenamiento accidental por cebos t\u00f3xicos<\/li>\n\n\n\n<li>P\u00e9rdida de h\u00e1bitat por expansi\u00f3n agr\u00edcola<\/li>\n\n\n\n<li>Caza ilegal, a veces por supersticiones<\/li>\n<\/ul>\n\n\n\n<p>Pero tambi\u00e9n hay esperanza. Organizaciones en Per\u00fa, como el SERNANP y asociaciones locales, trabajan en la conservaci\u00f3n y educaci\u00f3n ambiental. En los Pa\u00edses Bajos y Europa, tambi\u00e9n hay iniciativas colaborativas enfocadas en proteger especies emblem\u00e1ticas de Am\u00e9rica Latina.<\/p>\n\n\n\n<h2 class=\"wp-block-heading\">Lo que el c\u00f3ndor puede ense\u00f1arnos<\/h2>\n\n\n\n<p>En una era donde todo va r\u00e1pido, el c\u00f3ndor nos recuerda la importancia de mirar desde lo alto, tomar perspectiva, valorar el equilibrio natural y vivir con conexi\u00f3n espiritual con la Tierra.<\/p>\n\n\n\n<p>En muchas culturas, el c\u00f3ndor representa la resiliencia, la sabidur\u00eda ancestral y el poder de lo invisible.<\/p>\n\n\n\n<h2 class=\"wp-block-heading\">\u00bfTe gustar\u00eda ver un c\u00f3ndor en su h\u00e1bitat natural?<\/h2>\n\n\n\n<p>Visitar Per\u00fa y conocer al c\u00f3ndor es una experiencia transformadora. Desde los miradores del Colca hasta las alturas de los Andes centrales, su aparici\u00f3n corta la respiraci\u00f3n y despierta algo profundo en el alma.<\/p>\n\n\n\n<p>\u00bfTe gustar\u00eda saber m\u00e1s sobre viajes sostenibles en Per\u00fa? \u00bfO prefieres aprender c\u00f3mo las culturas andinas han vivido en armon\u00eda con la naturaleza durante siglos?<\/p>\n\n\n\n<h2 class=\"wp-block-heading\">Con\u00e9ctate con Per\u00fa<\/h2>\n\n\n\n<p>Suscr\u00edbete a nuestro bolet\u00edn para recibir art\u00edculos, entrevistas y gu\u00edas sobre la cultura peruana, naturaleza y experiencias aut\u00e9nticas en los Andes. Y si conoces a alguien que haya tenido una experiencia cercana con el c\u00f3ndor en Per\u00fa, escr\u00edbenos. Nos encantar\u00eda contar su historia.<\/p>\n\n\n\n<p><\/p>\n","protected":false},"excerpt":{"rendered":"<p>Un esp\u00edritu que surca los cielos En las alturas vertiginosas de los Andes peruanos, donde el cielo parece abrazar la tierra y el viento canta lenguas ancestrales, habita una criatura tan imponente como enigm\u00e1tica. Con alas que rozan los tres metros de envergadura y una mirada que atraviesa el tiempo, el c\u00f3ndor andino no es [&hellip;]<\/p>\n","protected":false},"author":3,"featured_media":4597,"comment_status":"open","ping_status":"open","sticky":false,"template":"","format":"standard","meta":{"jnews-multi-image_gallery":[],"jnews_single_post":{"format":"standard","override":[{"template":"1","parallax":"1","fullscreen":"1","layout":"right-sidebar","sidebar":"default-sidebar","second_sidebar":"default-sidebar","sticky_sidebar":"1","share_position":"top","share_float_style":"share-monocrhome","show_share_counter":"1","show_view_counter":"1","show_featured":"1","show_post_meta":"1","show_post_author":"1","show_post_date":"1","post_date_format":"default","post_date_format_custom":"Y\/m\/d","show_post_category":"1","show_post_reading_time":"0","post_reading_time_wpm":"300","post_calculate_word_method":"str_word_count","show_zoom_button":"0","zoom_button_out_step":"2","zoom_button_in_step":"3","show_post_tag":"1","show_popup_post":"1","number_popup_post":"1","show_author_box":"0","show_post_related":"1","show_inline_post_related":"0"}],"image_override":[{"single_post_thumbnail_size":"crop-500","single_post_gallery_size":"crop-500"}],"trending_post_position":"meta","trending_post_label":"Trending","sponsored_post_label":"Sponsored by","disable_ad":"0"},"jnews_primary_category":{"id":"1"},"jnews_social_meta":[],"jnews_override_counter":{"view_counter_number":"971","share_counter_number":"21","like_counter_number":"357","dislike_counter_number":"0","override_dislike_counter":"1","override_like_counter":"1","override_share_counter":"1","override_view_counter":"1"},"footnotes":""},"categories":[154],"tags":[503,501,502],"class_list":["post-4595","post","type-post","status-publish","format-standard","has-post-thumbnail","hentry","category-cultura-es","tag-condor","tag-condor-andino","tag-condor-peruano"],"_links":{"self":[{"href":"https:\/\/peruanos.nl\/es\/wp-json\/wp\/v2\/posts\/4595","targetHints":{"allow":["GET"]}}],"collection":[{"href":"https:\/\/peruanos.nl\/es\/wp-json\/wp\/v2\/posts"}],"about":[{"href":"https:\/\/peruanos.nl\/es\/wp-json\/wp\/v2\/types\/post"}],"author":[{"embeddable":true,"href":"https:\/\/peruanos.nl\/es\/wp-json\/wp\/v2\/users\/3"}],"replies":[{"embeddable":true,"href":"https:\/\/peruanos.nl\/es\/wp-json\/wp\/v2\/comments?post=4595"}],"version-history":[{"count":6,"href":"https:\/\/peruanos.nl\/es\/wp-json\/wp\/v2\/posts\/4595\/revisions"}],"predecessor-version":[{"id":4624,"href":"https:\/\/peruanos.nl\/es\/wp-json\/wp\/v2\/posts\/4595\/revisions\/4624"}],"wp:featuredmedia":[{"embeddable":true,"href":"https:\/\/peruanos.nl\/es\/wp-json\/wp\/v2\/media\/4597"}],"wp:attachment":[{"href":"https:\/\/peruanos.nl\/es\/wp-json\/wp\/v2\/media?parent=4595"}],"wp:term":[{"taxonomy":"category","embeddable":true,"href":"https:\/\/peruanos.nl\/es\/wp-json\/wp\/v2\/categories?post=4595"},{"taxonomy":"post_tag","embeddable":true,"href":"https:\/\/peruanos.nl\/es\/wp-json\/wp\/v2\/tags?post=4595"}],"curies":[{"name":"wp","href":"https:\/\/api.w.org\/{rel}","templated":true}]}}