{"id":4546,"date":"2025-04-14T11:39:49","date_gmt":"2025-04-14T09:39:49","guid":{"rendered":"https:\/\/peruanos.nl\/?p=4546"},"modified":"2025-04-14T11:52:11","modified_gmt":"2025-04-14T09:52:11","slug":"mario-vargas-llosa-el-adios-a-un-gigante-de-la-literatura-peruana-y-universal","status":"publish","type":"post","link":"https:\/\/peruanos.nl\/es\/mario-vargas-llosa-el-adios-a-un-gigante-de-la-literatura-peruana-y-universal\/","title":{"rendered":"Mario Vargas Llosa: El Adi\u00f3s a un Gigante de la Literatura Peruana y Universal"},"content":{"rendered":"\n<p><strong>Hoy el Per\u00fa y el mundo de las letras est\u00e1n de luto.<\/strong> Ha fallecido <strong>Mario Vargas Llosa<\/strong>, Premio Nobel de Literatura y una de las figuras m\u00e1s influyentes de la literatura en espa\u00f1ol del siglo XX y XXI. Su partida representa una p\u00e9rdida irreparable para la cultura peruana, la literatura hispanoamericana y la intelectualidad global.<\/p>\n\n\n\n<h4 class=\"wp-block-heading\"><strong>Una vida dedicada a las letras<\/strong><\/h4>\n\n\n\n<p>Nacido en Arequipa, Per\u00fa, en 1936, Jorge Mario Pedro Vargas Llosa se convirti\u00f3 en uno de los autores m\u00e1s destacados del llamado \u00abBoom Latinoamericano\u00bb, junto a Gabriel Garc\u00eda M\u00e1rquez, Julio Cort\u00e1zar y Carlos Fuentes. Su obra, extensa y diversa, combina una rigurosa t\u00e9cnica narrativa con una mirada cr\u00edtica y profunda sobre la realidad latinoamericana.<\/p>\n\n\n\n<h4 class=\"wp-block-heading\"><strong>Obras inolvidables y una voz universal<\/strong><\/h4>\n\n\n\n<p>Entre sus novelas m\u00e1s reconocidas se encuentran:<\/p>\n\n\n\n<ul class=\"wp-block-list\">\n<li><strong>La ciudad y los perros<\/strong> (1963), con la que rompi\u00f3 esquemas y gan\u00f3 el Premio Biblioteca Breve.<br><\/li>\n\n\n\n<li><strong>Conversaci\u00f3n en La Catedral<\/strong> (1969), una compleja radiograf\u00eda del poder y la corrupci\u00f3n en el Per\u00fa.<br><\/li>\n\n\n\n<li><strong>La guerra del fin del mundo<\/strong> (1981), ambientada en Brasil pero con ecos universales sobre el fanatismo y la pol\u00edtica.<br><\/li>\n\n\n\n<li><strong>La fiesta del chivo<\/strong> (2000), sobre la dictadura de Trujillo en Rep\u00fablica Dominicana.<br><\/li>\n<\/ul>\n\n\n\n<p>Vargas Llosa no solo fue un novelista, sino tambi\u00e9n un destacado ensayista, cr\u00edtico literario, periodista y defensor de la democracia liberal.<\/p>\n\n\n\n<figure class=\"wp-block-image size-large is-resized\"><img fetchpriority=\"high\" decoding=\"async\" width=\"1024\" height=\"766\" src=\"https:\/\/peruanos.nl\/wp-content\/uploads\/2025\/04\/mvll_inside_articulo_2-1024x766.webp\" alt=\"\" class=\"wp-image-4552\" style=\"width:1170px;height:auto\" srcset=\"https:\/\/peruanos.nl\/wp-content\/uploads\/2025\/04\/mvll_inside_articulo_2-1024x766.webp 1024w, https:\/\/peruanos.nl\/wp-content\/uploads\/2025\/04\/mvll_inside_articulo_2-300x224.webp 300w, https:\/\/peruanos.nl\/wp-content\/uploads\/2025\/04\/mvll_inside_articulo_2-768x575.webp 768w, https:\/\/peruanos.nl\/wp-content\/uploads\/2025\/04\/mvll_inside_articulo_2-600x449.webp 600w, https:\/\/peruanos.nl\/wp-content\/uploads\/2025\/04\/mvll_inside_articulo_2-750x561.webp 750w, https:\/\/peruanos.nl\/wp-content\/uploads\/2025\/04\/mvll_inside_articulo_2.webp 1140w\" sizes=\"(max-width: 1024px) 100vw, 1024px\" \/><\/figure>\n\n\n\n<h4 class=\"wp-block-heading\"><strong>Premio Nobel y reconocimiento mundial<\/strong><\/h4>\n\n\n\n<p>En 2010, fue galardonado con el <strong>Premio Nobel de Literatura<\/strong>, siendo el primer escritor peruano en recibirlo y el sexto hispanoamericano. El jurado reconoci\u00f3 \u00absu cartograf\u00eda de las estructuras de poder y sus im\u00e1genes mordaces de la resistencia del individuo, su rebeli\u00f3n y su derrota\u00bb.<\/p>\n\n\n\n<p>Tambi\u00e9n recibi\u00f3 m\u00faltiples distinciones internacionales como el <strong>Premio Cervantes<\/strong>, el <strong>Pr\u00edncipe de Asturias<\/strong>, y fue miembro de la <strong>Academia Francesa de la Lengua<\/strong>.<\/p>\n\n\n\n<h4 class=\"wp-block-heading\"><strong>Un legado que trasciende generaciones<\/strong><\/h4>\n\n\n\n<p>Mario Vargas Llosa fue un referente para escritores, lectores, periodistas, estudiantes y pensadores en todo el mundo. Su obra no solo explor\u00f3 el alma humana, sino que tambi\u00e9n fue un espejo cr\u00edtico del Per\u00fa, de Am\u00e9rica Latina y de la condici\u00f3n humana.<br><\/p>\n\n\n\n<figure class=\"wp-block-image size-large is-resized\"><img decoding=\"async\" width=\"1024\" height=\"766\" src=\"https:\/\/peruanos.nl\/wp-content\/uploads\/2025\/04\/mvll_inside_articulo_3-1-1024x766.webp\" alt=\"\" class=\"wp-image-4581\" style=\"width:1170px;height:auto\" srcset=\"https:\/\/peruanos.nl\/wp-content\/uploads\/2025\/04\/mvll_inside_articulo_3-1-1024x766.webp 1024w, https:\/\/peruanos.nl\/wp-content\/uploads\/2025\/04\/mvll_inside_articulo_3-1-300x224.webp 300w, https:\/\/peruanos.nl\/wp-content\/uploads\/2025\/04\/mvll_inside_articulo_3-1-768x575.webp 768w, https:\/\/peruanos.nl\/wp-content\/uploads\/2025\/04\/mvll_inside_articulo_3-1-600x449.webp 600w, https:\/\/peruanos.nl\/wp-content\/uploads\/2025\/04\/mvll_inside_articulo_3-1-750x561.webp 750w, https:\/\/peruanos.nl\/wp-content\/uploads\/2025\/04\/mvll_inside_articulo_3-1.webp 1140w\" sizes=\"(max-width: 1024px) 100vw, 1024px\" \/><\/figure>\n\n\n\n<p>Su muerte deja un vac\u00edo inmenso, pero tambi\u00e9n una herencia literaria que vivir\u00e1 por siempre.<\/p>\n\n\n\n<h4 class=\"wp-block-heading\"><strong>Un peruano universal<\/strong><\/h4>\n\n\n\n<p>Pese a vivir gran parte de su vida fuera del Per\u00fa, Vargas Llosa nunca dej\u00f3 de hablar, pensar y escribir sobre su pa\u00eds. A veces desde la nostalgia, otras desde la cr\u00edtica, pero siempre con la pasi\u00f3n de quien ama profundamente sus ra\u00edces.<strong><br><\/strong><\/p>\n\n\n\n<figure class=\"wp-block-image size-large is-resized\"><img decoding=\"async\" width=\"1024\" height=\"766\" src=\"https:\/\/peruanos.nl\/wp-content\/uploads\/2025\/04\/mvll_inside_articulo_3-1024x766.webp\" alt=\"\" class=\"wp-image-4558\" style=\"width:1170px;height:auto\" srcset=\"https:\/\/peruanos.nl\/wp-content\/uploads\/2025\/04\/mvll_inside_articulo_3-1024x766.webp 1024w, https:\/\/peruanos.nl\/wp-content\/uploads\/2025\/04\/mvll_inside_articulo_3-300x224.webp 300w, https:\/\/peruanos.nl\/wp-content\/uploads\/2025\/04\/mvll_inside_articulo_3-768x575.webp 768w, https:\/\/peruanos.nl\/wp-content\/uploads\/2025\/04\/mvll_inside_articulo_3-600x449.webp 600w, https:\/\/peruanos.nl\/wp-content\/uploads\/2025\/04\/mvll_inside_articulo_3-750x561.webp 750w, https:\/\/peruanos.nl\/wp-content\/uploads\/2025\/04\/mvll_inside_articulo_3.webp 1140w\" sizes=\"(max-width: 1024px) 100vw, 1024px\" \/><figcaption class=\"wp-element-caption\">Mario Vargas Llosa y junto a su madre &#8211; 1940<\/figcaption><\/figure>\n\n\n\n<h4 class=\"wp-block-heading\"><strong><strong>Mario Vargas Llosa ha partido, pero su voz permanece.<\/strong><\/strong><\/h4>\n\n\n\n<p>Desde peruanos.nl nos unimos al homenaje global a este maestro de las letras y compartimos el duelo con todos los peruanos en los Pa\u00edses Bajos y el mundo.<br><\/p>\n\n\n\n<p><strong>\u00bfQu\u00e9 signific\u00f3 Mario Vargas Llosa para ti?<\/strong><\/p>\n\n\n\n<p>Comparte tu libro favorito, una frase que te marc\u00f3 o simplemente unas palabras de despedida. <strong>Hoy honramos su legado, juntos.<\/strong><\/p>\n\n\n\n<p><strong><br><\/strong><\/p>\n\n\n\n<p><\/p>\n","protected":false},"excerpt":{"rendered":"<p>Hoy el Per\u00fa y el mundo de las letras est\u00e1n de luto. Ha fallecido Mario Vargas Llosa, Premio Nobel de Literatura y una de las figuras m\u00e1s influyentes de la literatura en espa\u00f1ol del siglo XX y XXI. Su partida representa una p\u00e9rdida irreparable para la cultura peruana, la literatura hispanoamericana y la intelectualidad global. [&hellip;]<\/p>\n","protected":false},"author":4,"featured_media":4575,"comment_status":"open","ping_status":"open","sticky":false,"template":"","format":"standard","meta":{"jnews-multi-image_gallery":[],"jnews_single_post":{"format":"standard","override":[{"template":"1","parallax":"1","fullscreen":"1","layout":"right-sidebar","sidebar":"default-sidebar","second_sidebar":"default-sidebar","sticky_sidebar":"1","share_position":"top","share_float_style":"share-monocrhome","show_share_counter":"1","show_view_counter":"1","show_featured":"1","show_post_meta":"1","show_post_author":"1","show_post_date":"1","post_date_format":"default","post_date_format_custom":"Y\/m\/d","show_post_category":"1","show_post_reading_time":"0","post_reading_time_wpm":"300","post_calculate_word_method":"str_word_count","show_zoom_button":"0","zoom_button_out_step":"2","zoom_button_in_step":"3","show_post_tag":"1","show_popup_post":"1","number_popup_post":"1","show_author_box":"0","show_post_related":"1","show_inline_post_related":"0"}],"image_override":[{"single_post_thumbnail_size":"crop-500","single_post_gallery_size":"crop-500"}],"trending_post_position":"meta","trending_post_label":"Trending","sponsored_post_label":"Sponsored by","disable_ad":"0"},"jnews_primary_category":{"id":"1"},"jnews_social_meta":[],"jnews_override_counter":{"view_counter_number":"2570","share_counter_number":"12","like_counter_number":"567","dislike_counter_number":"0","override_dislike_counter":"1","override_like_counter":"1","override_share_counter":"1","override_view_counter":"1"},"footnotes":""},"categories":[154,189],"tags":[],"class_list":["post-4546","post","type-post","status-publish","format-standard","has-post-thumbnail","hentry","category-cultura-es","category-noticias"],"_links":{"self":[{"href":"https:\/\/peruanos.nl\/es\/wp-json\/wp\/v2\/posts\/4546","targetHints":{"allow":["GET"]}}],"collection":[{"href":"https:\/\/peruanos.nl\/es\/wp-json\/wp\/v2\/posts"}],"about":[{"href":"https:\/\/peruanos.nl\/es\/wp-json\/wp\/v2\/types\/post"}],"author":[{"embeddable":true,"href":"https:\/\/peruanos.nl\/es\/wp-json\/wp\/v2\/users\/4"}],"replies":[{"embeddable":true,"href":"https:\/\/peruanos.nl\/es\/wp-json\/wp\/v2\/comments?post=4546"}],"version-history":[{"count":5,"href":"https:\/\/peruanos.nl\/es\/wp-json\/wp\/v2\/posts\/4546\/revisions"}],"predecessor-version":[{"id":4584,"href":"https:\/\/peruanos.nl\/es\/wp-json\/wp\/v2\/posts\/4546\/revisions\/4584"}],"wp:featuredmedia":[{"embeddable":true,"href":"https:\/\/peruanos.nl\/es\/wp-json\/wp\/v2\/media\/4575"}],"wp:attachment":[{"href":"https:\/\/peruanos.nl\/es\/wp-json\/wp\/v2\/media?parent=4546"}],"wp:term":[{"taxonomy":"category","embeddable":true,"href":"https:\/\/peruanos.nl\/es\/wp-json\/wp\/v2\/categories?post=4546"},{"taxonomy":"post_tag","embeddable":true,"href":"https:\/\/peruanos.nl\/es\/wp-json\/wp\/v2\/tags?post=4546"}],"curies":[{"name":"wp","href":"https:\/\/api.w.org\/{rel}","templated":true}]}}