{"id":4445,"date":"2025-04-25T16:00:00","date_gmt":"2025-04-25T14:00:00","guid":{"rendered":"https:\/\/peruanos.nl\/?p=4445"},"modified":"2025-04-25T15:16:26","modified_gmt":"2025-04-25T13:16:26","slug":"lo-que-no-sabias-de-la-salsa-canciones-famosas-de-autoria-peruana-vol-1","status":"publish","type":"post","link":"https:\/\/peruanos.nl\/es\/lo-que-no-sabias-de-la-salsa-canciones-famosas-de-autoria-peruana-vol-1\/","title":{"rendered":"Lo Que No Sab\u00edas de la Salsa: Canciones Famosas de Autor\u00eda Peruana &#8211; Vol 1"},"content":{"rendered":"\n<p><strong>La<\/strong> <strong>Salsa<\/strong> tiene algo magn\u00e9tico. No importa en qu\u00e9 parte del mundo est\u00e9s: basta que suenen los primeros acordes para que los hombros se relajen, los pies cobren vida y el coraz\u00f3n empiece a latir con m\u00e1s fuerza. Es un ritmo que hipnotiza, que cruza fronteras y se vuelve universal. Suena en fiestas, mercados, radios y grandes escenarios, y en cada rinc\u00f3n del planeta, se siente como parte de casa.<\/p>\n\n\n\n<p>Desde Nueva York hasta La Habana, pasando por Medell\u00edn, Caracas&#8230; y <strong>s\u00ed, tambi\u00e9n Lima<\/strong>.<\/p>\n\n\n\n<p>\u00bfLima? As\u00ed es. Porque el Per\u00fa tiene mucho m\u00e1s que ver con la salsa de lo que muchos imaginan.<\/p>\n\n\n\n<p>Lo que pocos saben \u2014y hoy lo vas a descubrir\u2014 es que algunas de las canciones m\u00e1s emblem\u00e1ticas del g\u00e9nero fueron escritas por peruanos. Temas que han hecho historia, coreados por multitudes, interpretados por leyendas como <strong>Celia Cruz<\/strong>, <strong>H\u00e9ctor Lavoe<\/strong>, <strong>Oscar D\u2019Le\u00f3n<\/strong>, entre muchos otros. Letras nacidas en barrios del Callao, en estudios lime\u00f1os, en la inspiraci\u00f3n de compositores que dejaron huella sin hacer ruido.<\/p>\n\n\n\n<p>\u00bfTe sorprende? No eres el \u00fanico. Durante a\u00f1os hemos bailado y cantado estos cl\u00e1sicos sin imaginar que detr\u00e1s de su \u00e9xito hay talento peruano.<\/p>\n\n\n\n<p>En este <strong>primer art\u00edculo<\/strong>, te presentamos <strong>6 canciones de salsa con alma peruana<\/strong>. Conocer\u00e1s qui\u00e9n las escribi\u00f3, c\u00f3mo llegaron a los grandes escenarios y por qu\u00e9 su historia merece ser contada.<\/p>\n\n\n\n<p>Y esto es solo el comienzo.<\/p>\n\n\n\n<p>Porque el Per\u00fa no solo export\u00f3 letras y melod\u00edas: tambi\u00e9n <strong>cultiv\u00f3 una escena salsera propia<\/strong>, vibrante, intensa y apasionada. Un movimiento que ha recibido a los \u00edconos m\u00e1s grandes del g\u00e9nero y ha formado generaciones de m\u00fasicos, bailarines y fan\u00e1ticos.<\/p>\n\n\n\n<p>De eso hablaremos en la segunda parte de esta serie.<\/p>\n\n\n\n<p>Pero primero, acomp\u00e1\u00f1anos a redescubrir estas joyas salseras con <strong>ADN peruano<\/strong>.<strong> Te prometemos que despu\u00e9s de leerlas, no volver\u00e1s a escucharlas igual.<\/strong><\/p>\n\n\n\n<h2 class=\"wp-block-heading\">1. Lleg\u00f3 la Banda<\/h2>\n\n\n\n<ul class=\"wp-block-list\">\n<li><strong>Autores peruanos:<\/strong> Walter Fuentes Barriga &amp; Enrique Lynch<\/li>\n\n\n\n<li><strong>Interpretada por:<\/strong> Willie Col\u00f3n &amp; H\u00e9ctor Lavoe<\/li>\n<\/ul>\n\n\n\n<p>Esta potente canci\u00f3n abri\u00f3 muchos conciertos legendarios de la Fania. Lo que pocos saben es que fue escrita en el Per\u00fa por Walter Fuentes Barriga y Enrique Lynch, dos referentes de la escena tropical lime\u00f1a de principios de los 70&#8217;s. La versi\u00f3n m\u00e1s famosa la popularizaron Willie Col\u00f3n y H\u00e9ctor Lavoe, convirti\u00e9ndola en un himno salsero, pero su origen es 100% peruano. Un cl\u00e1sico que viaj\u00f3 desde Lima hasta Nueva York\u2026 y se qued\u00f3 en el coraz\u00f3n de la salsa.<\/p>\n\n\n\n<h3 class=\"wp-block-heading\">Versi\u00f3n original &#8211; Enrique Lynch<\/h3>\n\n\n\n<figure class=\"wp-block-embed is-type-video is-provider-youtube wp-block-embed-youtube wp-embed-aspect-4-3 wp-has-aspect-ratio\"><div class=\"wp-block-embed__wrapper\">\n<div class=\"jeg_video_container jeg_video_content\"><iframe title=\"Llego La Banda - Enrique Lynch Y Su Conjunto - ( Peru - 1973 : Original Long Version )\" width=\"500\" height=\"375\" src=\"https:\/\/www.youtube.com\/embed\/E2leP1aNQzI?feature=oembed\" frameborder=\"0\" allow=\"accelerometer; autoplay; clipboard-write; encrypted-media; gyroscope; picture-in-picture; web-share\" referrerpolicy=\"strict-origin-when-cross-origin\" allowfullscreen><\/iframe><\/div>\n<\/div><\/figure>\n\n\n\n<h3 class=\"wp-block-heading\">Versi\u00f3n salsa &#8211; Willie Colon &amp; H\u00e9ctor Lavoe<\/h3>\n\n\n\n<figure class=\"wp-block-embed is-type-video is-provider-youtube wp-block-embed-youtube wp-embed-aspect-16-9 wp-has-aspect-ratio\"><div class=\"wp-block-embed__wrapper\">\n<div class=\"jeg_video_container jeg_video_content\"><iframe title=\"Willie Col\u00f3n feat. H\u00e9ctor Lavoe &amp; Yomo Toro -  La Banda (Letra Oficial)\" width=\"500\" height=\"281\" src=\"https:\/\/www.youtube.com\/embed\/VHNIHWn6Otg?feature=oembed\" frameborder=\"0\" allow=\"accelerometer; autoplay; clipboard-write; encrypted-media; gyroscope; picture-in-picture; web-share\" referrerpolicy=\"strict-origin-when-cross-origin\" allowfullscreen><\/iframe><\/div>\n<\/div><\/figure>\n\n\n\n<h2 class=\"wp-block-heading\">2. Toro Mata<\/h2>\n\n\n\n<ul class=\"wp-block-list\">\n<li><strong>Autor peruano:<\/strong> Caitro Soto<\/li>\n\n\n\n<li><strong>Interpretada por:<\/strong> Celia Cruz<\/li>\n<\/ul>\n\n\n\n<p>Esta canci\u00f3n afroperuana de ra\u00edces profundas fue reimaginada por la reina de la salsa, Celia Cruz. El autor, Caitro Soto, es una leyenda del folclore afroperuano, y \u201cToro Mata\u201d es uno de los temas m\u00e1s representativos de nuestra identidad musical. Celia le imprimi\u00f3 su estilo inconfundible y la llev\u00f3 a un p\u00fablico global, pero la esencia de la costa peruana sigue intacta en cada nota.<\/p>\n\n\n\n<h3 class=\"wp-block-heading\">Versi\u00f3n original &#8211; Caitro Soto<\/h3>\n\n\n\n<figure class=\"wp-block-embed is-type-video is-provider-youtube wp-block-embed-youtube wp-embed-aspect-4-3 wp-has-aspect-ratio\"><div class=\"wp-block-embed__wrapper\">\n<div class=\"jeg_video_container jeg_video_content\"><iframe title=\"Toro Mata\" width=\"500\" height=\"375\" src=\"https:\/\/www.youtube.com\/embed\/UD49CgDY3LY?feature=oembed\" frameborder=\"0\" allow=\"accelerometer; autoplay; clipboard-write; encrypted-media; gyroscope; picture-in-picture; web-share\" referrerpolicy=\"strict-origin-when-cross-origin\" allowfullscreen><\/iframe><\/div>\n<\/div><\/figure>\n\n\n\n<h3 class=\"wp-block-heading\">Versi\u00f3n salsa &#8211; Celia Cruz<\/h3>\n\n\n\n<figure class=\"wp-block-embed is-type-video is-provider-youtube wp-block-embed-youtube wp-embed-aspect-16-9 wp-has-aspect-ratio\"><div class=\"wp-block-embed__wrapper\">\n<div class=\"jeg_video_container jeg_video_content\"><iframe title=\"Celia Cruz - Toro Mata (Lyric Video)\" width=\"500\" height=\"281\" src=\"https:\/\/www.youtube.com\/embed\/0VRkExBOoYg?feature=oembed\" frameborder=\"0\" allow=\"accelerometer; autoplay; clipboard-write; encrypted-media; gyroscope; picture-in-picture; web-share\" referrerpolicy=\"strict-origin-when-cross-origin\" allowfullscreen><\/iframe><\/div>\n<\/div><\/figure>\n\n\n\n<h2 class=\"wp-block-heading\">3. Tu Fotograf\u00eda<\/h2>\n\n\n\n<ul class=\"wp-block-list\">\n<li><strong>Autor peruano:<\/strong> Gian Marco Zignago<\/li>\n\n\n\n<li><strong>Interpretada por:<\/strong> Gloria Estefan<\/li>\n<\/ul>\n\n\n\n<p>Otra obra de Gian Marco que Gloria Estefan convirti\u00f3 en \u00e9xito global. \u201cTu Fotograf\u00eda\u201d es una pieza melanc\u00f3lica que tambi\u00e9n migr\u00f3 al universo salsero gracias a los arreglos caribe\u00f1os. Esta colaboraci\u00f3n es solo una de varias que unen a este talentoso cantautor peruano con artistas de renombre internacional. Su pluma sigue traspasando g\u00e9neros y fronteras.<\/p>\n\n\n\n<h3 class=\"wp-block-heading\">Versi\u00f3n original &#8211; Gian Marco<\/h3>\n\n\n\n<figure class=\"wp-block-embed is-type-video is-provider-youtube wp-block-embed-youtube wp-embed-aspect-4-3 wp-has-aspect-ratio\"><div class=\"wp-block-embed__wrapper\">\n<div class=\"jeg_video_container jeg_video_content\"><iframe title=\"Tu Fotograf\u00eda\" width=\"500\" height=\"375\" src=\"https:\/\/www.youtube.com\/embed\/G7csfutdAto?feature=oembed\" frameborder=\"0\" allow=\"accelerometer; autoplay; clipboard-write; encrypted-media; gyroscope; picture-in-picture; web-share\" referrerpolicy=\"strict-origin-when-cross-origin\" allowfullscreen><\/iframe><\/div>\n<\/div><\/figure>\n\n\n\n<h3 class=\"wp-block-heading\">Versi\u00f3n salsa &#8211; Gloria Estefan<\/h3>\n\n\n\n<figure class=\"wp-block-embed is-type-video is-provider-youtube wp-block-embed-youtube wp-embed-aspect-4-3 wp-has-aspect-ratio\"><div class=\"wp-block-embed__wrapper\">\n<div class=\"jeg_video_container jeg_video_content\"><iframe title=\"Gloria Estefan feat. Don Omar \u2022 Tu Fotograf\u00eda (Salsa Version)\" width=\"500\" height=\"375\" src=\"https:\/\/www.youtube.com\/embed\/mk1TxIEe120?feature=oembed\" frameborder=\"0\" allow=\"accelerometer; autoplay; clipboard-write; encrypted-media; gyroscope; picture-in-picture; web-share\" referrerpolicy=\"strict-origin-when-cross-origin\" allowfullscreen><\/iframe><\/div>\n<\/div><\/figure>\n\n\n\n<h2 class=\"wp-block-heading\">4. Eres Mentirosa<\/h2>\n\n\n\n<ul class=\"wp-block-list\">\n<li><strong>Autor peruano:<\/strong> Tito Caycho &amp; Los Mirlos<\/li>\n\n\n\n<li><strong>Interpretada por:<\/strong> Louie Ram\u00edrez &amp; Ray de la Paz<\/li>\n<\/ul>\n\n\n\n<p>Este tema, grabado por la famosa dupla salsera Louie Ram\u00edrez &amp; Ray de la Paz, es una joya del repertorio rom\u00e1ntico de los a\u00f1os 80. Detr\u00e1s de esa letra directa y sentida se encuentra Tito Caycho, compositor peruano que dej\u00f3 huella en el g\u00e9nero sin necesidad de grandes reflectores. Otro ejemplo de c\u00f3mo los ritmos peruanos han alimentado la salsa cl\u00e1sica que sigue sonando hasta hoy.<\/p>\n\n\n\n<h3 class=\"wp-block-heading\">Versi\u00f3n original &#8211; Tito Caycho &#8211; Los Mirlos<\/h3>\n\n\n\n<figure class=\"wp-block-embed is-type-video is-provider-youtube wp-block-embed-youtube wp-embed-aspect-16-9 wp-has-aspect-ratio\"><div class=\"wp-block-embed__wrapper\">\n<div class=\"jeg_video_container jeg_video_content\"><iframe title=\"Los Mirlos - Eres Mentirosa (Infopesa)\" width=\"500\" height=\"281\" src=\"https:\/\/www.youtube.com\/embed\/6VI6kl0gB4A?feature=oembed\" frameborder=\"0\" allow=\"accelerometer; autoplay; clipboard-write; encrypted-media; gyroscope; picture-in-picture; web-share\" referrerpolicy=\"strict-origin-when-cross-origin\" allowfullscreen><\/iframe><\/div>\n<\/div><\/figure>\n\n\n\n<h3 class=\"wp-block-heading\">Versi\u00f3n salsa &#8211; Louie Ram\u00edrez &amp; Ray de la Paz<\/h3>\n\n\n\n<figure class=\"wp-block-embed is-type-video is-provider-youtube wp-block-embed-youtube wp-embed-aspect-16-9 wp-has-aspect-ratio\"><div class=\"wp-block-embed__wrapper\">\n<div class=\"jeg_video_container jeg_video_content\"><iframe title=\"Ray De La Paz - Mentirosa (Audio Oficial)\" width=\"500\" height=\"281\" src=\"https:\/\/www.youtube.com\/embed\/VFYfq7tYjuA?feature=oembed\" frameborder=\"0\" allow=\"accelerometer; autoplay; clipboard-write; encrypted-media; gyroscope; picture-in-picture; web-share\" referrerpolicy=\"strict-origin-when-cross-origin\" allowfullscreen><\/iframe><\/div>\n<\/div><\/figure>\n\n\n\n<h2 class=\"wp-block-heading\">5. Si Te Marchas<\/h2>\n\n\n\n<ul class=\"wp-block-list\">\n<li><strong>Autor peruano:<\/strong> Alfredito Linares<\/li>\n\n\n\n<li><strong>Interpretada por:<\/strong> Los Adolescentes<\/li>\n<\/ul>\n\n\n\n<p>Alfredito Linares es uno de los grandes nombres de la salsa peruana. Pianista, arreglista y compositor, su talento ha influido en generaciones. <em>Si Te Marchas<\/em> fue versionada por Los Adolescentes con un estilo juvenil, fresco y lleno de ritmo. La canci\u00f3n se convirti\u00f3 en un \u00e9xito de la salsa rom\u00e1ntica de los noventa, pero pocos saben que detr\u00e1s de ese \u00e9xito estuvo la firma de un maestro peruano.<\/p>\n\n\n\n<h3 class=\"wp-block-heading\">Versi\u00f3n original &#8211; Alfredito Linares<\/h3>\n\n\n\n<figure class=\"wp-block-embed is-type-video is-provider-youtube wp-block-embed-youtube wp-embed-aspect-4-3 wp-has-aspect-ratio\"><div class=\"wp-block-embed__wrapper\">\n<div class=\"jeg_video_container jeg_video_content\"><iframe title=\"SI TE MARCHAS - ALFREDO LINARES Y CLAUDIO MOR\u00c1N\" width=\"500\" height=\"375\" src=\"https:\/\/www.youtube.com\/embed\/mlF3cpQTgxw?feature=oembed\" frameborder=\"0\" allow=\"accelerometer; autoplay; clipboard-write; encrypted-media; gyroscope; picture-in-picture; web-share\" referrerpolicy=\"strict-origin-when-cross-origin\" allowfullscreen><\/iframe><\/div>\n<\/div><\/figure>\n\n\n\n<h3 class=\"wp-block-heading\">Versi\u00f3n salsa &#8211; Los Adolescentes<\/h3>\n\n\n\n<figure class=\"wp-block-embed is-type-video is-provider-youtube wp-block-embed-youtube wp-embed-aspect-4-3 wp-has-aspect-ratio\"><div class=\"wp-block-embed__wrapper\">\n<div class=\"jeg_video_container jeg_video_content\"><iframe title=\"Adolescent&#039;s Orquesta - Si Te Marchas\/Voy a Llorar (Audio Oficial)\" width=\"500\" height=\"375\" src=\"https:\/\/www.youtube.com\/embed\/iGp2_3yJ8D0?feature=oembed\" frameborder=\"0\" allow=\"accelerometer; autoplay; clipboard-write; encrypted-media; gyroscope; picture-in-picture; web-share\" referrerpolicy=\"strict-origin-when-cross-origin\" allowfullscreen><\/iframe><\/div>\n<\/div><\/figure>\n\n\n\n<h2 class=\"wp-block-heading\">6. Sincera Confesi\u00f3n<\/h2>\n\n\n\n<ul class=\"wp-block-list\">\n<li><strong>Autor peruano:<\/strong> Erazmo D\u00edaz<\/li>\n\n\n\n<li><strong>Interpretada por:<\/strong> Oscar D\u2019Le\u00f3n<\/li>\n<\/ul>\n\n\n\n<p>Lo que muchos desconocen es que este tema no naci\u00f3 como salsa, sino como un <strong>vals criollo peruano<\/strong>, lleno de sentimiento, guitarras y melancol\u00eda lime\u00f1a. Su autor, el compositor peruano <strong>Erazmo D\u00edaz<\/strong>, logr\u00f3 una letra cargada de sinceridad y desahogo emocional. D\u00e9cadas despu\u00e9s, <strong>Oscar D\u2019Le\u00f3n<\/strong>, el legendario \u201csonero del mundo\u201d, tom\u00f3 esta joya y la convirti\u00f3 en una poderosa salsa que conserva toda la emoci\u00f3n del original, pero con la fuerza arrolladora del ritmo caribe\u00f1o. Una transformaci\u00f3n que muestra c\u00f3mo la m\u00fasica peruana puede adaptarse y brillar en cualquier escenario.<\/p>\n\n\n\n<h3 class=\"wp-block-heading\">Versi\u00f3n original &#8211; Interpretada por Eva Ayllon<\/h3>\n\n\n\n<figure class=\"wp-block-embed is-type-video is-provider-youtube wp-block-embed-youtube wp-embed-aspect-4-3 wp-has-aspect-ratio\"><div class=\"wp-block-embed__wrapper\">\n<div class=\"jeg_video_container jeg_video_content\"><iframe title=\"Sincera Confesi\u00f3n\" width=\"500\" height=\"375\" src=\"https:\/\/www.youtube.com\/embed\/QrDShzhi5xU?feature=oembed\" frameborder=\"0\" allow=\"accelerometer; autoplay; clipboard-write; encrypted-media; gyroscope; picture-in-picture; web-share\" referrerpolicy=\"strict-origin-when-cross-origin\" allowfullscreen><\/iframe><\/div>\n<\/div><\/figure>\n\n\n\n<h3 class=\"wp-block-heading\">Versi\u00f3n salsa &#8211; Oscar D\u2019Le\u00f3n<\/h3>\n\n\n\n<figure class=\"wp-block-embed is-type-video is-provider-youtube wp-block-embed-youtube wp-embed-aspect-4-3 wp-has-aspect-ratio\"><div class=\"wp-block-embed__wrapper\">\n<div class=\"jeg_video_container jeg_video_content\"><iframe title=\"Sincera Confesi\u00f3n\" width=\"500\" height=\"375\" src=\"https:\/\/www.youtube.com\/embed\/GOMUkzuHuUs?feature=oembed\" frameborder=\"0\" allow=\"accelerometer; autoplay; clipboard-write; encrypted-media; gyroscope; picture-in-picture; web-share\" referrerpolicy=\"strict-origin-when-cross-origin\" allowfullscreen><\/iframe><\/div>\n<\/div><\/figure>\n\n\n\n<p>Como has visto, detr\u00e1s de muchos himnos salseros hay una ra\u00edz peruana que pocos conocen. Letras nacidas en Lima, en la Amazon\u00eda o en el coraz\u00f3n del criollismo, han llegado a escenarios internacionales en las voces m\u00e1s ic\u00f3nicas de la salsa. La influencia peruana no solo existe, sino que <strong>ha sido clave<\/strong> en la evoluci\u00f3n de este g\u00e9nero amado por millones.<br><\/p>\n\n\n\n<p>Y esto es solo el comienzo&#8230;<br><\/p>\n\n\n\n<p>En la <strong>segunda parte<\/strong> de este especial, te mostraremos otras seis canciones que seguramente has bailado o escuchado, interpretadas por artistas como <strong>Rub\u00e9n Blades<\/strong>, <strong>Marc Anthony<\/strong> y <strong>El Gran Combo de Puerto Rico<\/strong>, todas con una conexi\u00f3n peruana que te va a sorprender.<br><\/p>\n\n\n\n<p><strong>\u00bfTe gust\u00f3 este art\u00edculo?<\/strong><\/p>\n\n\n\n<p>D\u00e9janos tu comentario, comp\u00e1rtelo con tus amigos salseros y <strong>suscr\u00edbete a nuestro bolet\u00edn<\/strong> para no perderte la pr\u00f3xima entrega.<\/p>\n\n\n\n<p><br><\/p>\n","protected":false},"excerpt":{"rendered":"<p>La Salsa tiene algo magn\u00e9tico. No importa en qu\u00e9 parte del mundo est\u00e9s: basta que suenen los primeros acordes para que los hombros se relajen, los pies cobren vida y el coraz\u00f3n empiece a latir con m\u00e1s fuerza. Es un ritmo que hipnotiza, que cruza fronteras y se vuelve universal. Suena en fiestas, mercados, radios [&hellip;]<\/p>\n","protected":false},"author":1,"featured_media":4507,"comment_status":"open","ping_status":"open","sticky":false,"template":"","format":"standard","meta":{"jnews-multi-image_gallery":[],"jnews_single_post":{"format":"standard","override":[{"template":"1","parallax":"1","fullscreen":"1","layout":"right-sidebar","sidebar":"default-sidebar","second_sidebar":"default-sidebar","sticky_sidebar":"1","share_position":"top","share_float_style":"share-monocrhome","show_share_counter":"1","show_view_counter":"1","show_featured":"1","show_post_meta":"1","show_post_author":"1","show_post_date":"1","post_date_format":"default","post_date_format_custom":"Y\/m\/d","show_post_category":"1","show_post_reading_time":"0","post_reading_time_wpm":"300","post_calculate_word_method":"str_word_count","show_zoom_button":"0","zoom_button_out_step":"2","zoom_button_in_step":"3","show_post_tag":"1","show_popup_post":"1","number_popup_post":"1","show_author_box":"0","show_post_related":"1","show_inline_post_related":"0"}],"image_override":[{"single_post_thumbnail_size":"crop-500","single_post_gallery_size":"crop-500"}],"trending_post_position":"meta","trending_post_label":"Trending","sponsored_post_label":"Sponsored by","disable_ad":"0"},"jnews_primary_category":[],"jnews_social_meta":[],"jnews_override_counter":{"view_counter_number":"2600","share_counter_number":"834","like_counter_number":"1689","dislike_counter_number":"0","override_like_counter":"1","override_dislike_counter":"1","override_view_counter":"1","override_share_counter":"1"},"footnotes":""},"categories":[154],"tags":[],"class_list":["post-4445","post","type-post","status-publish","format-standard","has-post-thumbnail","hentry","category-cultura-es"],"_links":{"self":[{"href":"https:\/\/peruanos.nl\/es\/wp-json\/wp\/v2\/posts\/4445","targetHints":{"allow":["GET"]}}],"collection":[{"href":"https:\/\/peruanos.nl\/es\/wp-json\/wp\/v2\/posts"}],"about":[{"href":"https:\/\/peruanos.nl\/es\/wp-json\/wp\/v2\/types\/post"}],"author":[{"embeddable":true,"href":"https:\/\/peruanos.nl\/es\/wp-json\/wp\/v2\/users\/1"}],"replies":[{"embeddable":true,"href":"https:\/\/peruanos.nl\/es\/wp-json\/wp\/v2\/comments?post=4445"}],"version-history":[{"count":26,"href":"https:\/\/peruanos.nl\/es\/wp-json\/wp\/v2\/posts\/4445\/revisions"}],"predecessor-version":[{"id":4639,"href":"https:\/\/peruanos.nl\/es\/wp-json\/wp\/v2\/posts\/4445\/revisions\/4639"}],"wp:featuredmedia":[{"embeddable":true,"href":"https:\/\/peruanos.nl\/es\/wp-json\/wp\/v2\/media\/4507"}],"wp:attachment":[{"href":"https:\/\/peruanos.nl\/es\/wp-json\/wp\/v2\/media?parent=4445"}],"wp:term":[{"taxonomy":"category","embeddable":true,"href":"https:\/\/peruanos.nl\/es\/wp-json\/wp\/v2\/categories?post=4445"},{"taxonomy":"post_tag","embeddable":true,"href":"https:\/\/peruanos.nl\/es\/wp-json\/wp\/v2\/tags?post=4445"}],"curies":[{"name":"wp","href":"https:\/\/api.w.org\/{rel}","templated":true}]}}