{"id":3929,"date":"2025-05-14T12:30:00","date_gmt":"2025-05-14T10:30:00","guid":{"rendered":"https:\/\/peruanos.nl\/?p=3929"},"modified":"2025-05-13T11:31:27","modified_gmt":"2025-05-13T09:31:27","slug":"la-danza-de-los-mirlos-el-canto-selvatico-que-conquisto-el-mundo","status":"publish","type":"post","link":"https:\/\/peruanos.nl\/es\/la-danza-de-los-mirlos-el-canto-selvatico-que-conquisto-el-mundo\/","title":{"rendered":"La Danza de los Mirlos: El Canto Selv\u00e1tico que Conquist\u00f3 el Mundo"},"content":{"rendered":"\n<p>Si alguna vez has sentido que una guitarra el\u00e9ctrica pod\u00eda sonar como el viento entre los \u00e1rboles o como el canto misterioso de un p\u00e1jaro en la selva, entonces seguramente estabas escuchando <em>La danza de los Mirlos<\/em>. Este cl\u00e1sico de la m\u00fasica peruana ha sido etiquetado err\u00f3neamente como \u00abcumbia\u00bb por a\u00f1os, pero la realidad es que pertenece a un g\u00e9nero mucho m\u00e1s aut\u00e9ntico y propio del Per\u00fa: <strong>la Chicha Amaz\u00f3nica<\/strong>.<\/p>\n\n\n\n<p>No es solo una canci\u00f3n, es un viaje sonoro a la selva. Un ritmo hipn\u00f3tico, una guitarra que parece hablar con la naturaleza y una energ\u00eda que ha traspasado fronteras sin perder su esencia. \u00bfC\u00f3mo naci\u00f3 esta joya musical y por qu\u00e9 sigue sonando en todo el mundo? Acomp\u00e1\u00f1ame en esta historia llena de an\u00e9cdotas y descubrimientos.<\/p>\n\n\n\n<h4 class=\"wp-block-heading\"><strong>La historia de una danza amaz\u00f3nica<\/strong><\/h4>\n\n\n\n<p>Para entender <em>La danza de los Mirlos<\/em>, hay que viajar a los a\u00f1os 70 en la selva peruana, espec\u00edficamente a <strong>Moyobamba<\/strong>, en la regi\u00f3n San Mart\u00edn. All\u00ed, un grupo de j\u00f3venes m\u00fasicos comenz\u00f3 a experimentar con guitarras el\u00e9ctricas y sonidos tropicales, pero sin abandonar sus ra\u00edces amaz\u00f3nicas. <strong>Los Mirlos<\/strong>, liderados por Jorge Rodr\u00edguez Gr\u00e1ndez, estaban a punto de darle un giro radical a la m\u00fasica peruana.<\/p>\n\n\n\n<figure class=\"wp-block-image size-large is-resized\"><img fetchpriority=\"high\" decoding=\"async\" width=\"1024\" height=\"766\" src=\"https:\/\/peruanos.nl\/wp-content\/uploads\/2025\/03\/la_danza_de_los_mirlos_inside_articulo_1-1024x766.webp\" alt=\"\" class=\"wp-image-3945\" style=\"width:1170px;height:auto\" srcset=\"https:\/\/peruanos.nl\/wp-content\/uploads\/2025\/03\/la_danza_de_los_mirlos_inside_articulo_1-1024x766.webp 1024w, https:\/\/peruanos.nl\/wp-content\/uploads\/2025\/03\/la_danza_de_los_mirlos_inside_articulo_1-300x224.webp 300w, https:\/\/peruanos.nl\/wp-content\/uploads\/2025\/03\/la_danza_de_los_mirlos_inside_articulo_1-768x575.webp 768w, https:\/\/peruanos.nl\/wp-content\/uploads\/2025\/03\/la_danza_de_los_mirlos_inside_articulo_1-600x449.webp 600w, https:\/\/peruanos.nl\/wp-content\/uploads\/2025\/03\/la_danza_de_los_mirlos_inside_articulo_1-750x561.webp 750w, https:\/\/peruanos.nl\/wp-content\/uploads\/2025\/03\/la_danza_de_los_mirlos_inside_articulo_1.webp 1140w\" sizes=\"(max-width: 1024px) 100vw, 1024px\" \/><\/figure>\n\n\n\n<p>El nombre de la canci\u00f3n no es casualidad. En la selva peruana, los <strong>mirlos<\/strong> son unos p\u00e1jaros negros que emiten un canto agudo y repetitivo, como si estuvieran conversando con los \u00e1rboles. Se dice que Rodr\u00edguez Gr\u00e1ndez quer\u00eda que la guitarra <strong>imitara<\/strong> ese sonido, y de ah\u00ed naci\u00f3 la melod\u00eda hipn\u00f3tica que ha hecho que esta canci\u00f3n sea reconocida en todo el mundo.<\/p>\n\n\n\n<blockquote class=\"wp-block-quote is-layout-flow wp-block-quote-is-layout-flow\">\n<p><em>\u00abQuer\u00edamos que la guitarra cantara como un mirlo, que la gente sintiera la selva en la m\u00fasica\u00bb<\/em>, cont\u00f3 alguna vez Jorge Rodr\u00edguez en una entrevista.<\/p>\n<\/blockquote>\n\n\n\n<p>Pero <em>La danza de los Mirlos<\/em> no fue un \u00e9xito inmediato. En Lima, donde dominaban otros g\u00e9neros como la cumbia colombiana y el rock, algunos miraban con recelo esta nueva propuesta. Sin embargo, los j\u00f3venes de los barrios populares, los migrantes de la selva y los Andes que buscaban identidad en la gran ciudad, se apropiaron de este ritmo. As\u00ed naci\u00f3 la <em>Chicha<\/em>, un g\u00e9nero que mezclaba las guitarras el\u00e9ctricas del rock, los timbales de la cumbia y las melod\u00edas melanc\u00f3licas de la m\u00fasica andina.<\/p>\n\n\n<div class=\"wp-block-image\">\n<figure class=\"aligncenter size-full\"><img decoding=\"async\" width=\"600\" height=\"581\" src=\"https:\/\/peruanos.nl\/wp-content\/uploads\/2025\/03\/la_danza_de_los_mirlos_inside_articulo_5-1.webp\" alt=\"\" class=\"wp-image-3964\" srcset=\"https:\/\/peruanos.nl\/wp-content\/uploads\/2025\/03\/la_danza_de_los_mirlos_inside_articulo_5-1.webp 600w, https:\/\/peruanos.nl\/wp-content\/uploads\/2025\/03\/la_danza_de_los_mirlos_inside_articulo_5-1-300x291.webp 300w\" sizes=\"(max-width: 600px) 100vw, 600px\" \/><\/figure>\n<\/div>\n\n\n<h4 class=\"wp-block-heading\"><strong>\u00bfPor qu\u00e9 no es cumbia?<\/strong><\/h4>\n\n\n\n<p>Muchos insisten en llamar cumbia a <em>La danza de los Mirlos<\/em>, pero eso es como decir que el pisco sour es un c\u00f3ctel chileno: <strong>una completa herej\u00eda<\/strong>. La cumbia, originaria de Colombia, tiene un ritmo m\u00e1s marcado en el bajo y una estructura diferente. La <em>Chicha<\/em>, en cambio, <strong>se distingue por el uso de guitarras el\u00e9ctricas con efectos psicod\u00e9licos<\/strong>, inspirados en el surf rock de los 60, pero con una esencia profundamente peruana.<\/p>\n\n\n\n<figure class=\"wp-block-image size-full is-resized\"><img decoding=\"async\" width=\"548\" height=\"410\" src=\"https:\/\/peruanos.nl\/wp-content\/uploads\/2025\/03\/la_danza_de_los_mirlos_inside_articulo_4_upscaled.webp\" alt=\"\" class=\"wp-image-3956\" style=\"width:1170px;height:auto\" srcset=\"https:\/\/peruanos.nl\/wp-content\/uploads\/2025\/03\/la_danza_de_los_mirlos_inside_articulo_4_upscaled.webp 548w, https:\/\/peruanos.nl\/wp-content\/uploads\/2025\/03\/la_danza_de_los_mirlos_inside_articulo_4_upscaled-300x224.webp 300w\" sizes=\"(max-width: 548px) 100vw, 548px\" \/><\/figure>\n\n\n\n<p>Si escuchas la canci\u00f3n con atenci\u00f3n, notar\u00e1s que su ritmo no es el de la cumbia cl\u00e1sica. Es m\u00e1s libre, m\u00e1s fluido, casi hipn\u00f3tico. Es un llamado a la danza, pero no a cualquier danza: <strong>es un ritual amaz\u00f3nico llevado a la pista de baile<\/strong>.<\/p>\n\n\n\n<blockquote class=\"wp-block-quote is-layout-flow wp-block-quote-is-layout-flow\">\n<p><em>\u00abRecuerdo la primera vez que la escuch\u00e9 en un festival en \u00c1msterdam. La gente bailaba como en trance, y por un momento sent\u00ed que estaba en medio de una selva desconocida, rodeada de sonidos misteriosos\u00bb<\/em>, cuenta Marijke, una neerlandesa que se convirti\u00f3 en fan del g\u00e9nero tras ese concierto.<\/p>\n<\/blockquote>\n\n\n\n<h4 class=\"wp-block-heading\"><strong>Un \u00e9xito sin fronteras<\/strong><\/h4>\n\n\n\n<p>Desde su lanzamiento, <em>La danza de los Mirlos<\/em> ha viajado m\u00e1s que muchos de nosotros. Ha sido remezclada, versionada y hasta utilizada en bandas sonoras de pel\u00edculas y series. Bandas de rock alternativo la han tomado como referencia, y DJs de todo el mundo la han incorporado en sets electr\u00f3nicos.<\/p>\n\n\n\n<p>Pero lo m\u00e1s incre\u00edble es que <strong>nunca ha pasado de moda<\/strong>. A donde va, prende la fiesta. Ya sea en una pe\u00f1a lime\u00f1a, un festival europeo o en un bar hipster de Brooklyn, esta canci\u00f3n sigue poniendo a todos a bailar.<\/p>\n\n\n\n<figure class=\"wp-block-image size-large is-resized\"><img loading=\"lazy\" decoding=\"async\" width=\"1024\" height=\"766\" src=\"https:\/\/peruanos.nl\/wp-content\/uploads\/2025\/03\/la_danza_de_los_mirlos_inside_articulo_2-1024x766.webp\" alt=\"\" class=\"wp-image-3941\" style=\"width:1170px;height:auto\" srcset=\"https:\/\/peruanos.nl\/wp-content\/uploads\/2025\/03\/la_danza_de_los_mirlos_inside_articulo_2-1024x766.webp 1024w, https:\/\/peruanos.nl\/wp-content\/uploads\/2025\/03\/la_danza_de_los_mirlos_inside_articulo_2-300x224.webp 300w, https:\/\/peruanos.nl\/wp-content\/uploads\/2025\/03\/la_danza_de_los_mirlos_inside_articulo_2-768x575.webp 768w, https:\/\/peruanos.nl\/wp-content\/uploads\/2025\/03\/la_danza_de_los_mirlos_inside_articulo_2-600x449.webp 600w, https:\/\/peruanos.nl\/wp-content\/uploads\/2025\/03\/la_danza_de_los_mirlos_inside_articulo_2-750x561.webp 750w, https:\/\/peruanos.nl\/wp-content\/uploads\/2025\/03\/la_danza_de_los_mirlos_inside_articulo_2.webp 1140w\" sizes=\"(max-width: 1024px) 100vw, 1024px\" \/><figcaption class=\"wp-element-caption\">Muchacha neerlandesa disfrutando el Ritmo de los Mirlos<\/figcaption><\/figure>\n\n\n\n<h4 class=\"wp-block-heading\"><strong>El legado de un canto selv\u00e1tico<\/strong><\/h4>\n\n\n\n<p>Hoy, Los Mirlos siguen en actividad, llevando su m\u00fasica a nuevas generaciones. Y aunque muchos a\u00fan insisten en llamarlo cumbia, cada vez m\u00e1s gente reconoce la verdad: <strong>es <em>Chicha<\/em>, con orgullo y sin discusi\u00f3n<\/strong>.<\/p>\n\n\n\n<p>As\u00ed que la pr\u00f3xima vez que escuches <em>La danza de los Mirlos<\/em>, cierra los ojos. Imagina la selva, el canto de los p\u00e1jaros, el viento en los \u00e1rboles. Y deja que la guitarra te lleve en un viaje a un Per\u00fa profundo, hipn\u00f3tico y lleno de magia.<\/p>\n\n\n\n<p>\u00bfY t\u00fa? \u00bfCu\u00e1ndo fue la primera vez que escuchaste <em>La danza de los Mirlos<\/em>? Cu\u00e9ntanos en los comentarios y comparte este art\u00edculo con tus amigos amantes de la buena m\u00fasica.<\/p>\n\n\n\n<figure class=\"wp-block-embed is-type-video is-provider-youtube wp-block-embed-youtube wp-embed-aspect-16-9 wp-has-aspect-ratio\"><div class=\"wp-block-embed__wrapper\">\n<div class=\"jeg_video_container jeg_video_content\"><iframe title=\"Los Mirlos - La Danza de Los Mirlos \/ Cumbia de Los Pajaritos (Video Oficial HD Remaster) (Infopesa)\" width=\"500\" height=\"281\" src=\"https:\/\/www.youtube.com\/embed\/kAap4MCq6WY?feature=oembed\" frameborder=\"0\" allow=\"accelerometer; autoplay; clipboard-write; encrypted-media; gyroscope; picture-in-picture; web-share\" referrerpolicy=\"strict-origin-when-cross-origin\" allowfullscreen><\/iframe><\/div>\n<\/div><\/figure>\n\n\n\n<p><\/p>\n","protected":false},"excerpt":{"rendered":"<p>Si alguna vez has sentido que una guitarra el\u00e9ctrica pod\u00eda sonar como el viento entre los \u00e1rboles o como el canto misterioso de un p\u00e1jaro en la selva, entonces seguramente estabas escuchando La danza de los Mirlos. Este cl\u00e1sico de la m\u00fasica peruana ha sido etiquetado err\u00f3neamente como \u00abcumbia\u00bb por a\u00f1os, pero la realidad es [&hellip;]<\/p>\n","protected":false},"author":1,"featured_media":3938,"comment_status":"open","ping_status":"open","sticky":false,"template":"","format":"standard","meta":{"jnews-multi-image_gallery":[],"jnews_single_post":{"format":"standard","override":[{"template":"1","parallax":"1","fullscreen":"1","layout":"right-sidebar","sidebar":"default-sidebar","second_sidebar":"default-sidebar","sticky_sidebar":"1","share_position":"top","share_float_style":"share-monocrhome","show_share_counter":"1","show_view_counter":"1","show_featured":"1","show_post_meta":"1","show_post_author":"1","show_post_date":"1","post_date_format":"default","post_date_format_custom":"Y\/m\/d","show_post_category":"1","show_post_reading_time":"0","post_reading_time_wpm":"300","post_calculate_word_method":"str_word_count","show_zoom_button":"1","zoom_button_out_step":"2","zoom_button_in_step":"3","show_post_tag":"1","show_popup_post":"1","number_popup_post":"1","show_author_box":"0","show_post_related":"1","show_inline_post_related":"0"}],"image_override":[{"single_post_thumbnail_size":"crop-500","single_post_gallery_size":"crop-500"}],"trending_post_position":"meta","trending_post_label":"Trending","sponsored_post_label":"Sponsored by","disable_ad":"0","sponsored_post":"0","override_template":"1"},"jnews_primary_category":[],"jnews_social_meta":[],"jnews_override_counter":{"view_counter_number":"0","share_counter_number":"0","like_counter_number":"0","dislike_counter_number":"0"},"footnotes":""},"categories":[154],"tags":[460,547,546,379,380,548],"class_list":["post-3929","post","type-post","status-publish","format-standard","has-post-thumbnail","hentry","category-cultura-es","tag-amazonas","tag-la-danza-de-los-mirlos","tag-los-mirlos","tag-musica-chicha-es","tag-musica-peruana-es","tag-sonido-amazonico"],"_links":{"self":[{"href":"https:\/\/peruanos.nl\/es\/wp-json\/wp\/v2\/posts\/3929","targetHints":{"allow":["GET"]}}],"collection":[{"href":"https:\/\/peruanos.nl\/es\/wp-json\/wp\/v2\/posts"}],"about":[{"href":"https:\/\/peruanos.nl\/es\/wp-json\/wp\/v2\/types\/post"}],"author":[{"embeddable":true,"href":"https:\/\/peruanos.nl\/es\/wp-json\/wp\/v2\/users\/1"}],"replies":[{"embeddable":true,"href":"https:\/\/peruanos.nl\/es\/wp-json\/wp\/v2\/comments?post=3929"}],"version-history":[{"count":12,"href":"https:\/\/peruanos.nl\/es\/wp-json\/wp\/v2\/posts\/3929\/revisions"}],"predecessor-version":[{"id":4984,"href":"https:\/\/peruanos.nl\/es\/wp-json\/wp\/v2\/posts\/3929\/revisions\/4984"}],"wp:featuredmedia":[{"embeddable":true,"href":"https:\/\/peruanos.nl\/es\/wp-json\/wp\/v2\/media\/3938"}],"wp:attachment":[{"href":"https:\/\/peruanos.nl\/es\/wp-json\/wp\/v2\/media?parent=3929"}],"wp:term":[{"taxonomy":"category","embeddable":true,"href":"https:\/\/peruanos.nl\/es\/wp-json\/wp\/v2\/categories?post=3929"},{"taxonomy":"post_tag","embeddable":true,"href":"https:\/\/peruanos.nl\/es\/wp-json\/wp\/v2\/tags?post=3929"}],"curies":[{"name":"wp","href":"https:\/\/api.w.org\/{rel}","templated":true}]}}