{"id":3864,"date":"2025-03-18T17:42:00","date_gmt":"2025-03-18T16:42:00","guid":{"rendered":"https:\/\/peruanos.nl\/?p=3864"},"modified":"2025-03-18T13:44:02","modified_gmt":"2025-03-18T12:44:02","slug":"danzas-peruanas-el-alma-mistica-del-peru-en-movimiento","status":"publish","type":"post","link":"https:\/\/peruanos.nl\/es\/danzas-peruanas-el-alma-mistica-del-peru-en-movimiento\/","title":{"rendered":"Danzas Peruanas: El Alma M\u00edstica del Per\u00fa en Movimiento"},"content":{"rendered":"\n<h4 class=\"wp-block-heading\">Un Viaje M\u00e1gico a Trav\u00e9s de la Danza<\/h4>\n\n\n\n<p>Imagina un mundo donde cada paso de baile cuenta una historia, donde los tambores resuenan con la energ\u00eda de la selva, los violines susurran los secretos de los Andes y los cajones peruanos laten con el alma de la costa. La danza en el Per\u00fa no es solo movimiento; es identidad, pasi\u00f3n y herencia viva. A lo largo de siglos, nuestros antepasados han expresado sus alegr\u00edas, luchas y creencias a trav\u00e9s de coreograf\u00edas llenas de simbolismo. Hoy, esas danzas traspasan fronteras y llegan a los Pa\u00edses Bajos, conectando a peruanos y neerlandeses en un mismo ritmo.<\/p>\n\n\n\n<h4 class=\"wp-block-heading\">La Magia de las Danzas de la Costa<\/h4>\n\n\n\n<p><strong>Marinera: El Romance en Movimiento<\/strong><\/p>\n\n\n\n<p>Considerada el baile nacional del Per\u00fa, la marinera es un coqueteo elegante entre el hombre y la mujer, un juego de miradas, sombreros y faldas al viento. Sus pasos fusionan influencias espa\u00f1olas, africanas e ind\u00edgenas, creando una danza que es sin\u00f3nimo de pasi\u00f3n y orgullo. En los Pa\u00edses Bajos, academias y festivales peruanos han dado espacio a esta danza, sorprendiendo a europeos que se enamoran de su gracia.<\/p>\n\n\n\n<figure class=\"wp-block-image size-large is-resized\"><img fetchpriority=\"high\" decoding=\"async\" width=\"1024\" height=\"766\" src=\"https:\/\/peruanos.nl\/wp-content\/uploads\/2025\/03\/marinera_peruana_inside_articulo_danzas-1-1024x766.webp\" alt=\"\" class=\"wp-image-3881\" style=\"width:1170px;height:auto\" srcset=\"https:\/\/peruanos.nl\/wp-content\/uploads\/2025\/03\/marinera_peruana_inside_articulo_danzas-1-1024x766.webp 1024w, https:\/\/peruanos.nl\/wp-content\/uploads\/2025\/03\/marinera_peruana_inside_articulo_danzas-1-300x224.webp 300w, https:\/\/peruanos.nl\/wp-content\/uploads\/2025\/03\/marinera_peruana_inside_articulo_danzas-1-768x575.webp 768w, https:\/\/peruanos.nl\/wp-content\/uploads\/2025\/03\/marinera_peruana_inside_articulo_danzas-1-600x449.webp 600w, https:\/\/peruanos.nl\/wp-content\/uploads\/2025\/03\/marinera_peruana_inside_articulo_danzas-1-750x561.webp 750w, https:\/\/peruanos.nl\/wp-content\/uploads\/2025\/03\/marinera_peruana_inside_articulo_danzas-1.webp 1140w\" sizes=\"(max-width: 1024px) 100vw, 1024px\" \/><\/figure>\n\n\n\n<p><strong>Festejo: Ritmo y Fuerza Afroperuana<\/strong><\/p>\n\n\n\n<p>El festejo es pura energ\u00eda. Sus ra\u00edces africanas y su potente percusi\u00f3n lo convierten en una expresi\u00f3n vibrante de la cultura afroperuana. Este baile, que se ejecuta con zapateo y movimiento libre de caderas, es una celebraci\u00f3n de la vida y la resistencia. \u00bfTe imaginas verlo en un festival multicultural en \u00c1msterdam?<\/p>\n\n\n\n<figure class=\"wp-block-image size-large is-resized\"><img decoding=\"async\" width=\"1024\" height=\"766\" src=\"https:\/\/peruanos.nl\/wp-content\/uploads\/2025\/03\/festejo_inside_articulo_danzas-1024x766.webp\" alt=\"\" class=\"wp-image-3884\" style=\"width:1170px;height:auto\" srcset=\"https:\/\/peruanos.nl\/wp-content\/uploads\/2025\/03\/festejo_inside_articulo_danzas-1024x766.webp 1024w, https:\/\/peruanos.nl\/wp-content\/uploads\/2025\/03\/festejo_inside_articulo_danzas-300x224.webp 300w, https:\/\/peruanos.nl\/wp-content\/uploads\/2025\/03\/festejo_inside_articulo_danzas-768x575.webp 768w, https:\/\/peruanos.nl\/wp-content\/uploads\/2025\/03\/festejo_inside_articulo_danzas-600x449.webp 600w, https:\/\/peruanos.nl\/wp-content\/uploads\/2025\/03\/festejo_inside_articulo_danzas-750x561.webp 750w, https:\/\/peruanos.nl\/wp-content\/uploads\/2025\/03\/festejo_inside_articulo_danzas.webp 1140w\" sizes=\"(max-width: 1024px) 100vw, 1024px\" \/><\/figure>\n\n\n\n<h4 class=\"wp-block-heading\">La Fuerza de la Sierra<\/h4>\n\n\n\n<p><strong>Huayno: El Alma de los Andes<\/strong><\/p>\n\n\n\n<p>Si hay una danza que define el coraz\u00f3n andino, es el huayno. Su origen se remonta a tiempos prehisp\u00e1nicos y su m\u00fasica, llena de quenas y charangos, despierta una profunda emoci\u00f3n. En eventos peruanos en \u00c1msterdam, R\u00f3terdam o La Haya, los peruanos y sus amigos neerlandeses se unen en esta danza, sintiendo en sus pasos la historia de los incas.<\/p>\n\n\n\n<figure class=\"wp-block-image size-large is-resized\"><img decoding=\"async\" width=\"1024\" height=\"766\" src=\"https:\/\/peruanos.nl\/wp-content\/uploads\/2025\/03\/huayno_inside_articulo_danzas-1024x766.webp\" alt=\"\" class=\"wp-image-3887\" style=\"width:1170px;height:auto\" srcset=\"https:\/\/peruanos.nl\/wp-content\/uploads\/2025\/03\/huayno_inside_articulo_danzas-1024x766.webp 1024w, https:\/\/peruanos.nl\/wp-content\/uploads\/2025\/03\/huayno_inside_articulo_danzas-300x224.webp 300w, https:\/\/peruanos.nl\/wp-content\/uploads\/2025\/03\/huayno_inside_articulo_danzas-768x575.webp 768w, https:\/\/peruanos.nl\/wp-content\/uploads\/2025\/03\/huayno_inside_articulo_danzas-600x449.webp 600w, https:\/\/peruanos.nl\/wp-content\/uploads\/2025\/03\/huayno_inside_articulo_danzas-750x561.webp 750w, https:\/\/peruanos.nl\/wp-content\/uploads\/2025\/03\/huayno_inside_articulo_danzas.webp 1140w\" sizes=\"(max-width: 1024px) 100vw, 1024px\" \/><\/figure>\n\n\n\n<p><strong>Danza de las Tijeras: Acrobacia y Espiritualidad<\/strong><\/p>\n\n\n\n<p>M\u00e1s que una danza, es un desaf\u00edo. Los bailarines de tijeras realizan movimientos imposibles mientras sostienen filudas tijeras que chocan al ritmo de la m\u00fasica. Es una muestra de destreza f\u00edsica y de conexi\u00f3n espiritual con la Pachamama. \u00bfTe atrever\u00edas a intentarlo?<\/p>\n\n\n\n<figure class=\"wp-block-image size-large is-resized\"><img loading=\"lazy\" decoding=\"async\" width=\"1024\" height=\"766\" src=\"https:\/\/peruanos.nl\/wp-content\/uploads\/2025\/03\/tijeras_inside_articulo_danzas-1024x766.webp\" alt=\"\" class=\"wp-image-3890\" style=\"width:1170px;height:auto\" srcset=\"https:\/\/peruanos.nl\/wp-content\/uploads\/2025\/03\/tijeras_inside_articulo_danzas-1024x766.webp 1024w, https:\/\/peruanos.nl\/wp-content\/uploads\/2025\/03\/tijeras_inside_articulo_danzas-300x224.webp 300w, https:\/\/peruanos.nl\/wp-content\/uploads\/2025\/03\/tijeras_inside_articulo_danzas-768x575.webp 768w, https:\/\/peruanos.nl\/wp-content\/uploads\/2025\/03\/tijeras_inside_articulo_danzas-600x449.webp 600w, https:\/\/peruanos.nl\/wp-content\/uploads\/2025\/03\/tijeras_inside_articulo_danzas-750x561.webp 750w, https:\/\/peruanos.nl\/wp-content\/uploads\/2025\/03\/tijeras_inside_articulo_danzas.webp 1140w\" sizes=\"(max-width: 1024px) 100vw, 1024px\" \/><\/figure>\n\n\n\n<h4 class=\"wp-block-heading\">La Energ\u00eda de la Selva<\/h4>\n\n\n\n<p><strong>Danza de la Anaconda: La Fuerza del Amazonas<\/strong><\/p>\n\n\n\n<p>En la selva, la naturaleza dicta el ritmo. La Danza de la Anaconda representa el respeto y el temor hacia la gran serpiente sagrada, con movimientos ondulantes que imitan su deslizamiento entre los \u00e1rboles. Esta danza, con sus coloridos trajes y m\u00e1scaras, ha cautivado a europeos en presentaciones de comunidades peruanas en Utrecht.<\/p>\n\n\n\n<figure class=\"wp-block-image size-large is-resized\"><img loading=\"lazy\" decoding=\"async\" width=\"1024\" height=\"766\" src=\"https:\/\/peruanos.nl\/wp-content\/uploads\/2025\/03\/anaconda_inside_articulo_danzas-1-1024x766.webp\" alt=\"\" class=\"wp-image-3896\" style=\"width:1170px;height:auto\" srcset=\"https:\/\/peruanos.nl\/wp-content\/uploads\/2025\/03\/anaconda_inside_articulo_danzas-1-1024x766.webp 1024w, https:\/\/peruanos.nl\/wp-content\/uploads\/2025\/03\/anaconda_inside_articulo_danzas-1-300x224.webp 300w, https:\/\/peruanos.nl\/wp-content\/uploads\/2025\/03\/anaconda_inside_articulo_danzas-1-768x575.webp 768w, https:\/\/peruanos.nl\/wp-content\/uploads\/2025\/03\/anaconda_inside_articulo_danzas-1-600x449.webp 600w, https:\/\/peruanos.nl\/wp-content\/uploads\/2025\/03\/anaconda_inside_articulo_danzas-1-750x561.webp 750w, https:\/\/peruanos.nl\/wp-content\/uploads\/2025\/03\/anaconda_inside_articulo_danzas-1.webp 1140w\" sizes=\"(max-width: 1024px) 100vw, 1024px\" \/><\/figure>\n\n\n\n<p><strong>Danza de los Boras: Esp\u00edritu Comunitario y Ritmo Tribal<\/strong><\/p>\n\n\n\n<p>Con tambores hipn\u00f3ticos y movimientos coordinados, los Boras celebran la naturaleza y la vida en comunidad. Este tipo de danza es una de las m\u00e1s llamativas en ferias culturales peruanas en los Pa\u00edses Bajos, donde los visitantes pueden sentir la energ\u00eda ancestral de la Amazon\u00eda.<\/p>\n\n\n\n<figure class=\"wp-block-image size-large is-resized\"><img loading=\"lazy\" decoding=\"async\" width=\"1024\" height=\"766\" src=\"https:\/\/peruanos.nl\/wp-content\/uploads\/2025\/03\/boras_inside_articulo_danzas-1024x766.webp\" alt=\"\" class=\"wp-image-3899\" style=\"width:1170px;height:auto\" srcset=\"https:\/\/peruanos.nl\/wp-content\/uploads\/2025\/03\/boras_inside_articulo_danzas-1024x766.webp 1024w, https:\/\/peruanos.nl\/wp-content\/uploads\/2025\/03\/boras_inside_articulo_danzas-300x224.webp 300w, https:\/\/peruanos.nl\/wp-content\/uploads\/2025\/03\/boras_inside_articulo_danzas-768x575.webp 768w, https:\/\/peruanos.nl\/wp-content\/uploads\/2025\/03\/boras_inside_articulo_danzas-600x449.webp 600w, https:\/\/peruanos.nl\/wp-content\/uploads\/2025\/03\/boras_inside_articulo_danzas-750x561.webp 750w, https:\/\/peruanos.nl\/wp-content\/uploads\/2025\/03\/boras_inside_articulo_danzas.webp 1140w\" sizes=\"(max-width: 1024px) 100vw, 1024px\" \/><\/figure>\n\n\n\n<h4 class=\"wp-block-heading\">La Danza Peruana en los Pa\u00edses Bajos: Un Show que Conquista<\/h4>\n\n\n\n<p>Cada a\u00f1o, en ciudades como \u00c1msterdam, R\u00f3terdam y La Haya, se realizan festivales donde la danza peruana brilla con luz propia. Tanto peruanos como neerlandeses se maravillan con la diversidad de bailes, descubriendo que el Per\u00fa es un pa\u00eds donde cada paso de baile es un testimonio de historia y pasi\u00f3n.<\/p>\n\n\n\n<p>\u00bfTe has topado con alguna de estas danzas en los Pa\u00edses Bajos? \u00bfHas participado en alguna presentaci\u00f3n? Nos encantar\u00eda leer tus experiencias en los comentarios. Comparte este art\u00edculo y suscr\u00edbete a Peruanos.nl para seguir descubriendo juntos la riqueza cultural del Per\u00fa.<\/p>\n\n\n\n<p><\/p>\n\n\n\n<p><\/p>\n","protected":false},"excerpt":{"rendered":"<p>Un Viaje M\u00e1gico a Trav\u00e9s de la Danza Imagina un mundo donde cada paso de baile cuenta una historia, donde los tambores resuenan con la energ\u00eda de la selva, los violines susurran los secretos de los Andes y los cajones peruanos laten con el alma de la costa. La danza en el Per\u00fa no es [&hellip;]<\/p>\n","protected":false},"author":3,"featured_media":3870,"comment_status":"open","ping_status":"open","sticky":false,"template":"","format":"standard","meta":{"jnews-multi-image_gallery":[],"jnews_single_post":{"format":"standard","override":[{"template":"1","parallax":"1","fullscreen":"1","layout":"right-sidebar","sidebar":"default-sidebar","second_sidebar":"default-sidebar","sticky_sidebar":"1","share_position":"top","share_float_style":"share-monocrhome","show_share_counter":"1","show_view_counter":"1","show_featured":"1","show_post_meta":"1","show_post_author":"1","show_post_author_image":"1","show_post_date":"1","post_date_format":"default","post_date_format_custom":"Y\/m\/d","show_post_category":"1","show_post_reading_time":"0","post_reading_time_wpm":"300","post_calculate_word_method":"str_word_count","show_zoom_button":"0","zoom_button_out_step":"2","zoom_button_in_step":"3","show_post_tag":"1","show_prev_next_post":"1","show_popup_post":"1","number_popup_post":"1","show_author_box":"0","show_post_related":"0","show_inline_post_related":"0"}],"image_override":[{"single_post_thumbnail_size":"crop-500","single_post_gallery_size":"crop-500"}],"trending_post_position":"meta","trending_post_label":"Trending","sponsored_post_label":"Sponsored by","disable_ad":"0"},"jnews_primary_category":[],"jnews_social_meta":[],"jnews_override_counter":{"view_counter_number":"0","share_counter_number":"0","like_counter_number":"0","dislike_counter_number":"0"},"footnotes":""},"categories":[154],"tags":[],"class_list":["post-3864","post","type-post","status-publish","format-standard","has-post-thumbnail","hentry","category-cultura-es"],"_links":{"self":[{"href":"https:\/\/peruanos.nl\/es\/wp-json\/wp\/v2\/posts\/3864","targetHints":{"allow":["GET"]}}],"collection":[{"href":"https:\/\/peruanos.nl\/es\/wp-json\/wp\/v2\/posts"}],"about":[{"href":"https:\/\/peruanos.nl\/es\/wp-json\/wp\/v2\/types\/post"}],"author":[{"embeddable":true,"href":"https:\/\/peruanos.nl\/es\/wp-json\/wp\/v2\/users\/3"}],"replies":[{"embeddable":true,"href":"https:\/\/peruanos.nl\/es\/wp-json\/wp\/v2\/comments?post=3864"}],"version-history":[{"count":2,"href":"https:\/\/peruanos.nl\/es\/wp-json\/wp\/v2\/posts\/3864\/revisions"}],"predecessor-version":[{"id":3903,"href":"https:\/\/peruanos.nl\/es\/wp-json\/wp\/v2\/posts\/3864\/revisions\/3903"}],"wp:featuredmedia":[{"embeddable":true,"href":"https:\/\/peruanos.nl\/es\/wp-json\/wp\/v2\/media\/3870"}],"wp:attachment":[{"href":"https:\/\/peruanos.nl\/es\/wp-json\/wp\/v2\/media?parent=3864"}],"wp:term":[{"taxonomy":"category","embeddable":true,"href":"https:\/\/peruanos.nl\/es\/wp-json\/wp\/v2\/categories?post=3864"},{"taxonomy":"post_tag","embeddable":true,"href":"https:\/\/peruanos.nl\/es\/wp-json\/wp\/v2\/tags?post=3864"}],"curies":[{"name":"wp","href":"https:\/\/api.w.org\/{rel}","templated":true}]}}