{"id":3829,"date":"2025-03-07T18:58:00","date_gmt":"2025-03-07T17:58:00","guid":{"rendered":"https:\/\/peruanos.nl\/?p=3829"},"modified":"2025-05-13T12:29:33","modified_gmt":"2025-05-13T10:29:33","slug":"del-colorido-puno-a-los-canales-de-amsterdam-el-viaje-de-maria-elena-la-artista-peruana-que-esta-revolucionando-el-arte-con-su-galeria-intussen","status":"publish","type":"post","link":"https:\/\/peruanos.nl\/es\/del-colorido-puno-a-los-canales-de-amsterdam-el-viaje-de-maria-elena-la-artista-peruana-que-esta-revolucionando-el-arte-con-su-galeria-intussen\/","title":{"rendered":"Del colorido Puno a los canales de \u00c1msterdam: El viaje de Mar\u00eda Elena, la artista peruana que est\u00e1 revolucionando el arte con su galer\u00eda Intussen"},"content":{"rendered":"\n<p>Imagina crecer en Puno, a m\u00e1s de 3,800 metros sobre el nivel del mar, junto al lago Titicaca, el lago navegable m\u00e1s alto del mundo. Un lugar donde los colores de la Fiesta de la Virgen de la Candelaria llenan las calles de m\u00fasica, danzas y tradiciones que parecen sacadas de un cuento. Ahora, piensa en llevar toda esa magia a \u00c1msterdam, una ciudad donde el arte fluye por sus canales, las bicicletas son reinas y el clima, aunque impredecible, no detiene la vanguardia cultural. Esta es la historia de Mar\u00eda Elena, una artista peruana que ha logrado fusionar sus ra\u00edces andinas con la innovaci\u00f3n europea convirti\u00e9ndose en una figura imprescindible en el mundo del arte contempor\u00e1neo. Hoy, como curadora de la galer\u00eda Intussen, Mar\u00eda Elena no solo nos abre las puertas de su vida y su arte, sino que tambi\u00e9n invita a artistas y amantes del arte a ser parte de un espacio \u00fanico en el coraz\u00f3n de \u00c1msterdam.<\/p>\n\n\n\n<h4 class=\"wp-block-heading\">De Puno a \u00c1msterdam: Una infancia llena de arte y sue\u00f1os<\/h4>\n\n\n\n<p>Mar\u00eda Elena naci\u00f3 en Juliaca, Puno, y creci\u00f3 en un hogar donde la creatividad era tan com\u00fan como el aire que respiraba.&nbsp;\u00abMis padres eran mi inspiraci\u00f3n. Mi padre amaba la costura y mi madre ten\u00eda un talento innato para el dise\u00f1o interior y exterior. Adoraba la naturaleza y las plantas. \u00a1Si te contara todo sobre ellos, no terminar\u00edamos nunca!\u00bb, recuerda con una sonrisa que parece iluminar la habitaci\u00f3n.<br>Desde peque\u00f1a, el arte ya formaba parte de su vida.&nbsp;\u00abDe ni\u00f1a, jugaba con mis hermanas a crear mundos extravagantes. So\u00f1aba con ser arquitecta y disenadora de modas. El arte siempre estuvo ah\u00ed, aunque no lo sab\u00eda\u00bb, confiesa.<br>Su infancia en Per\u00fa fue un crisol de colores, tradiciones y valores que la marcaron profundamente.&nbsp;\u00abEstoy muy orgullosa de ser andina. Nunca me olvido de d\u00f3nde vengo, porque si no, no sabr\u00eda a d\u00f3nde voy\u00bb, dice con una firmeza que te hace entender por qu\u00e9 ha llegado tan lejos.<\/p>\n\n\n\n<figure class=\"wp-block-image size-large is-resized\"><img fetchpriority=\"high\" decoding=\"async\" width=\"1024\" height=\"766\" src=\"https:\/\/peruanos.nl\/wp-content\/uploads\/2025\/03\/maria_elena_bautista_inside_articulo_2-1024x766.webp\" alt=\"\" class=\"wp-image-3835\" style=\"width:1170px;height:auto\" srcset=\"https:\/\/peruanos.nl\/wp-content\/uploads\/2025\/03\/maria_elena_bautista_inside_articulo_2-1024x766.webp 1024w, https:\/\/peruanos.nl\/wp-content\/uploads\/2025\/03\/maria_elena_bautista_inside_articulo_2-300x224.webp 300w, https:\/\/peruanos.nl\/wp-content\/uploads\/2025\/03\/maria_elena_bautista_inside_articulo_2-768x575.webp 768w, https:\/\/peruanos.nl\/wp-content\/uploads\/2025\/03\/maria_elena_bautista_inside_articulo_2-600x449.webp 600w, https:\/\/peruanos.nl\/wp-content\/uploads\/2025\/03\/maria_elena_bautista_inside_articulo_2-750x561.webp 750w, https:\/\/peruanos.nl\/wp-content\/uploads\/2025\/03\/maria_elena_bautista_inside_articulo_2.webp 1140w\" sizes=\"(max-width: 1024px) 100vw, 1024px\" \/><\/figure>\n\n\n\n<h4 class=\"wp-block-heading\">El salto a Europa: Una aventura de amor y perseverancia<\/h4>\n\n\n\n<p>Mar\u00eda Elena lleg\u00f3 a los Pa\u00edses Bajos por dos razones: el amor y la aventura.&nbsp;\u00abVisit\u00e9 \u00c1msterdam y me enamor\u00e9. Dije: \u2018En tres a\u00f1os vivir\u00e9 aqu\u00ed\u2019. Y as\u00ed fue\u00bb, cuenta con esa determinaci\u00f3n que parece ser su sello personal. Pero la adaptaci\u00f3n no fue un camino de rosas. El clima, la comida y el idioma fueron desaf\u00edos iniciales.&nbsp;\u00abUno se adapta r\u00e1pido si tiene sue\u00f1os claros. La perseverancia es clave\u00bb, asegura.<br>A pesar de los obst\u00e1culos, Mar\u00eda Elena encontr\u00f3 en \u00c1msterdam un hogar.&nbsp;\u00abLos neerlandeses son gente honesta y maravillosa. Me abrieron las puertas y me sent\u00ed acogida desde el principio\u00bb, dice. Y no es para menos, porque \u00c1msterdam es una ciudad que te abraza con sus canales, sus bicicletas y su amor por el arte.<\/p>\n\n\n\n<blockquote class=\"wp-block-quote is-layout-flow wp-block-quote-is-layout-flow\">\n<p><em>\u00abEn Puno, el arte no es algo que aprendes, es algo que vives. Cada fiesta, cada color, cada sonido te inspira a crear. Llevo esos colores en mi alma y los traje conmigo a \u00c1msterdam, donde ahora florecen de nuevas maneras.\u00bb<\/em><br>\u2013\u00a0<strong>Mar\u00eda Elena Bautista<\/strong><\/p>\n<\/blockquote>\n\n\n\n<h4 class=\"wp-block-heading\">El despertar art\u00edstico: De Per\u00fa a las aulas de Rietveld<\/h4>\n\n\n\n<p><br>Fue en \u00c1msterdam donde Mar\u00eda Elena descubri\u00f3 su pasi\u00f3n por el arte de manera consciente. \u00abEmpec\u00e9 a tomar cursos de pintura y termin\u00e9 en las aulas de Rietveld, una de las escuelas de arte m\u00e1s prestigiosas de Europa. Fue un sue\u00f1o hecho realidad\u00bb, relata con esa emoci\u00f3n que solo alguien que ha perseguido sus sue\u00f1os puede entender.<br>Sin embargo, su esp\u00edritu emprendedor no comenz\u00f3 all\u00ed. \u00abCuando ten\u00eda 18 a\u00f1os ya era emprendedora, ten\u00eda mi propia boutique de ropas exclusivas en Lima\u00bb, cuenta con orgullo. Desde joven, la creatividad y la independencia fueron pilares en su vida, y la llevaron a combinar su amor por la moda con el arte y los negocios.<br>Su transici\u00f3n de artista a empresaria fue natural. \u00abNo lo sent\u00ed como un cambio. Amo lo que hago, especialmente cuando se trata de arte, cultura y moda. Me apasiona\u00bb, afirma. Y esa pasi\u00f3n se nota en cada palabra que dice y en cada proyecto que emprende.<\/p>\n\n\n\n<figure class=\"wp-block-image size-large is-resized\"><img decoding=\"async\" width=\"1024\" height=\"766\" src=\"https:\/\/peruanos.nl\/wp-content\/uploads\/2025\/03\/maria_elena_bautista_inside_articulo_6-1024x766.webp\" alt=\"\" class=\"wp-image-3841\" style=\"width:1170px;height:auto\" srcset=\"https:\/\/peruanos.nl\/wp-content\/uploads\/2025\/03\/maria_elena_bautista_inside_articulo_6-1024x766.webp 1024w, https:\/\/peruanos.nl\/wp-content\/uploads\/2025\/03\/maria_elena_bautista_inside_articulo_6-300x224.webp 300w, https:\/\/peruanos.nl\/wp-content\/uploads\/2025\/03\/maria_elena_bautista_inside_articulo_6-768x575.webp 768w, https:\/\/peruanos.nl\/wp-content\/uploads\/2025\/03\/maria_elena_bautista_inside_articulo_6-600x449.webp 600w, https:\/\/peruanos.nl\/wp-content\/uploads\/2025\/03\/maria_elena_bautista_inside_articulo_6-750x561.webp 750w, https:\/\/peruanos.nl\/wp-content\/uploads\/2025\/03\/maria_elena_bautista_inside_articulo_6.webp 1140w\" sizes=\"(max-width: 1024px) 100vw, 1024px\" \/><\/figure>\n\n\n\n<h4 class=\"wp-block-heading\">Gallery Intussen: Un espacio para el arte sin fronteras<\/h4>\n\n\n\n<p>En 2021, Mar\u00eda Elena y su pareja, Henk Willem, fundaron Gallery Intussen en el este de \u00c1msterdam. \u00abEs un espacio \u00fanico, con materiales nobles y una arquitectura espectacular. Henk es ingeniero civil y su padre fue arquitecto, as\u00ed que juntos logramos algo m\u00e1gico\u00bb, explica con orgullo.<br>La galer\u00eda es un refugio para todo tipo de arte: pintura, performance, m\u00fasica, danza, teatro\u2026 \u00abTodo es bienvenido\u00bb, dice con entusiasmo.<br>Su misi\u00f3n es dar visibilidad a visiones art\u00edsticas desatendidas, creando un espacio donde las comunidades subrepresentadas puedan florecer. Ubicada en el entorno verde de De 1800 Roeden, Gallery Intussen busca una conexi\u00f3n simbi\u00f3tica con la naturaleza y una nueva percepci\u00f3n del paisaje cultural de \u00c1msterdam: m\u00e1s inclusivo, diverso y l\u00fadico.<br>Uno de sus mayores logros fue recibir un subsidio y organizar una fiesta vecinal con la directora de cultura de \u00c1msterdam. \u00abFue un momento muy especial. Crecemos y queremos ser un referente en la escena art\u00edstica europea\u00bb, comenta.<\/p>\n\n\n\n<figure class=\"wp-block-image size-large is-resized\"><img decoding=\"async\" width=\"1024\" height=\"766\" src=\"https:\/\/peruanos.nl\/wp-content\/uploads\/2025\/03\/maria_elena_bautista_inside_articulo_1-1024x766.webp\" alt=\"\" class=\"wp-image-3838\" style=\"width:1170px;height:auto\" srcset=\"https:\/\/peruanos.nl\/wp-content\/uploads\/2025\/03\/maria_elena_bautista_inside_articulo_1-1024x766.webp 1024w, https:\/\/peruanos.nl\/wp-content\/uploads\/2025\/03\/maria_elena_bautista_inside_articulo_1-300x224.webp 300w, https:\/\/peruanos.nl\/wp-content\/uploads\/2025\/03\/maria_elena_bautista_inside_articulo_1-768x575.webp 768w, https:\/\/peruanos.nl\/wp-content\/uploads\/2025\/03\/maria_elena_bautista_inside_articulo_1-600x449.webp 600w, https:\/\/peruanos.nl\/wp-content\/uploads\/2025\/03\/maria_elena_bautista_inside_articulo_1-750x561.webp 750w, https:\/\/peruanos.nl\/wp-content\/uploads\/2025\/03\/maria_elena_bautista_inside_articulo_1.webp 1140w\" sizes=\"(max-width: 1024px) 100vw, 1024px\" \/><\/figure>\n\n\n\n<h4 class=\"wp-block-heading\">Conectar culturas: El arte como puente entre Per\u00fa y Europa<\/h4>\n\n\n\n<p>Mar\u00eda Elena ha notado diferencias en c\u00f3mo se percibe el arte en Latinoam\u00e9rica y Europa.&nbsp;\u00abEn nuestros pa\u00edses, el arte no siempre es valorado. Aqu\u00ed, aunque no todos lo aprecian, hay un porcentaje mayor que s\u00ed lo hace\u00bb, reflexiona.<br>Su pr\u00f3ximo proyecto es traer a una de las mejores ceramistas de Per\u00fa, Rosamar Corcuera, a exponer en Intussen.&nbsp;\u00abSu arte es m\u00e1gico. Te transporta a otro mundo\u00bb, dice emocionada.<\/p>\n\n\n\n<h4 class=\"wp-block-heading\">Un espacio para todos<\/h4>\n\n\n\n<p>Si eres artista y quieres exponer en Gallery Intussen, Mar\u00eda Elena te invita a contactarla a trav\u00e9s de su p\u00e1gina web:&nbsp;www.galleryintussen.nl.&nbsp;\u00abEstamos abiertos a todos los estilos y disciplinas. Si tienes talento y pasi\u00f3n, este es tu espacio\u00bb, asegura.<br>Para los amantes del arte, la galer\u00eda ofrece un lugar \u00fanico para disfrutar de exposiciones, performances y eventos culturales.&nbsp;\u00abTenemos un \u00e1rea verde y estacionamiento gratis, algo que es un lujo en \u00c1msterdam. \u00a1Vengan a visitarnos y d\u00e9jense sorprender!\u00bb, invita Mar\u00eda Elena.<\/p>\n\n\n\n<figure class=\"wp-block-image size-large is-resized\"><img loading=\"lazy\" decoding=\"async\" width=\"1024\" height=\"766\" src=\"https:\/\/peruanos.nl\/wp-content\/uploads\/2025\/03\/maria_elena_bautista_inside_articulo_3-1024x766.webp\" alt=\"\" class=\"wp-image-3844\" style=\"width:1170px;height:auto\" srcset=\"https:\/\/peruanos.nl\/wp-content\/uploads\/2025\/03\/maria_elena_bautista_inside_articulo_3-1024x766.webp 1024w, https:\/\/peruanos.nl\/wp-content\/uploads\/2025\/03\/maria_elena_bautista_inside_articulo_3-300x224.webp 300w, https:\/\/peruanos.nl\/wp-content\/uploads\/2025\/03\/maria_elena_bautista_inside_articulo_3-768x575.webp 768w, https:\/\/peruanos.nl\/wp-content\/uploads\/2025\/03\/maria_elena_bautista_inside_articulo_3-600x449.webp 600w, https:\/\/peruanos.nl\/wp-content\/uploads\/2025\/03\/maria_elena_bautista_inside_articulo_3-750x561.webp 750w, https:\/\/peruanos.nl\/wp-content\/uploads\/2025\/03\/maria_elena_bautista_inside_articulo_3.webp 1140w\" sizes=\"(max-width: 1024px) 100vw, 1024px\" \/><\/figure>\n\n\n\n<figure class=\"wp-block-image size-large is-resized\"><img loading=\"lazy\" decoding=\"async\" width=\"1024\" height=\"766\" src=\"https:\/\/peruanos.nl\/wp-content\/uploads\/2025\/03\/maria_elena_bautista_inside_articulo_4-1024x766.webp\" alt=\"\" class=\"wp-image-3848\" style=\"width:1168px;height:auto\" srcset=\"https:\/\/peruanos.nl\/wp-content\/uploads\/2025\/03\/maria_elena_bautista_inside_articulo_4-1024x766.webp 1024w, https:\/\/peruanos.nl\/wp-content\/uploads\/2025\/03\/maria_elena_bautista_inside_articulo_4-300x224.webp 300w, https:\/\/peruanos.nl\/wp-content\/uploads\/2025\/03\/maria_elena_bautista_inside_articulo_4-768x575.webp 768w, https:\/\/peruanos.nl\/wp-content\/uploads\/2025\/03\/maria_elena_bautista_inside_articulo_4-600x449.webp 600w, https:\/\/peruanos.nl\/wp-content\/uploads\/2025\/03\/maria_elena_bautista_inside_articulo_4-750x561.webp 750w, https:\/\/peruanos.nl\/wp-content\/uploads\/2025\/03\/maria_elena_bautista_inside_articulo_4.webp 1140w\" sizes=\"(max-width: 1024px) 100vw, 1024px\" \/><\/figure>\n\n\n\n<h4 class=\"wp-block-heading\">Para artistas y emprendedores latinos<\/h4>\n\n\n\n<p>Para aquellos que sue\u00f1an con establecerse en Europa, Mar\u00eda Elena tiene un mensaje claro:&nbsp;\u00abPerseveren, crean en su talento y no tengan miedo a caerse. La vida no es f\u00e1cil, pero con actitud positiva y trabajo duro, se puede lograr todo\u00bb.<\/p>\n\n\n\n<blockquote class=\"wp-block-quote is-layout-flow wp-block-quote-is-layout-flow\">\n<p><em>\u00abGallery Intussen no es solo un espacio para exhibir arte; es un lugar donde las almas se encuentran. Aqu\u00ed, los artistas pueden mostrar su pasi\u00f3n, y el p\u00fablico puede descubrir mundos nuevos. Es mi manera de devolverle al mundo un poco de la magia que el arte me ha dado.\u00bb<\/em><br>\u2013&nbsp;<strong>Mar\u00eda Elena<\/strong><\/p>\n<\/blockquote>\n\n\n\n<p>Mar\u00eda Elena es un ejemplo de c\u00f3mo el arte puede trascender fronteras y unir culturas. Su historia nos recuerda que, sin importar de d\u00f3nde venimos, siempre podemos llevar un pedazo de nuestro hogar a donde vayamos.<\/p>\n\n\n\n<p>\u00bfY t\u00fa, qu\u00e9 opinas de su traves\u00eda? \u00bfCrees que el arte puede ser un puente entre culturas? D\u00e9janos tu comentario, comparte este art\u00edculo con tus amigos y suscr\u00edbete para m\u00e1s historias inspiradoras de peruanos alrededor del mundo.<\/p>\n","protected":false},"excerpt":{"rendered":"<p>Imagina crecer en Puno, a m\u00e1s de 3,800 metros sobre el nivel del mar, junto al lago Titicaca, el lago navegable m\u00e1s alto del mundo. Un lugar donde los colores de la Fiesta de la Virgen de la Candelaria llenan las calles de m\u00fasica, danzas y tradiciones que parecen sacadas de un cuento. Ahora, piensa [&hellip;]<\/p>\n","protected":false},"author":1,"featured_media":3831,"comment_status":"open","ping_status":"open","sticky":false,"template":"","format":"standard","meta":{"jnews-multi-image_gallery":[],"jnews_single_post":{"format":"standard","override":[{"template":"1","parallax":"1","fullscreen":"1","layout":"right-sidebar","sidebar":"default-sidebar","second_sidebar":"default-sidebar","sticky_sidebar":"1","share_position":"top","share_float_style":"share-monocrhome","show_share_counter":"1","show_view_counter":"1","show_featured":"1","show_post_meta":"1","show_post_author":"1","show_post_date":"1","post_date_format":"default","post_date_format_custom":"Y\/m\/d","show_post_category":"1","show_post_reading_time":"0","post_reading_time_wpm":"300","post_calculate_word_method":"str_word_count","show_zoom_button":"0","zoom_button_out_step":"2","zoom_button_in_step":"3","show_post_tag":"1","show_popup_post":"1","number_popup_post":"1","show_author_box":"0","show_post_related":"1","show_inline_post_related":"0"}],"image_override":[{"single_post_thumbnail_size":"crop-500","single_post_gallery_size":"crop-500"}],"trending_post_position":"meta","trending_post_label":"Trending","sponsored_post_label":"Sponsored by","disable_ad":"0"},"jnews_primary_category":{"id":"49"},"jnews_social_meta":[],"jnews_override_counter":{"view_counter_number":"0","share_counter_number":"0","like_counter_number":"0","dislike_counter_number":"0"},"footnotes":""},"categories":[186],"tags":[],"class_list":["post-3829","post","type-post","status-publish","format-standard","has-post-thumbnail","hentry","category-estilo-de-vida"],"_links":{"self":[{"href":"https:\/\/peruanos.nl\/es\/wp-json\/wp\/v2\/posts\/3829","targetHints":{"allow":["GET"]}}],"collection":[{"href":"https:\/\/peruanos.nl\/es\/wp-json\/wp\/v2\/posts"}],"about":[{"href":"https:\/\/peruanos.nl\/es\/wp-json\/wp\/v2\/types\/post"}],"author":[{"embeddable":true,"href":"https:\/\/peruanos.nl\/es\/wp-json\/wp\/v2\/users\/1"}],"replies":[{"embeddable":true,"href":"https:\/\/peruanos.nl\/es\/wp-json\/wp\/v2\/comments?post=3829"}],"version-history":[{"count":7,"href":"https:\/\/peruanos.nl\/es\/wp-json\/wp\/v2\/posts\/3829\/revisions"}],"predecessor-version":[{"id":4989,"href":"https:\/\/peruanos.nl\/es\/wp-json\/wp\/v2\/posts\/3829\/revisions\/4989"}],"wp:featuredmedia":[{"embeddable":true,"href":"https:\/\/peruanos.nl\/es\/wp-json\/wp\/v2\/media\/3831"}],"wp:attachment":[{"href":"https:\/\/peruanos.nl\/es\/wp-json\/wp\/v2\/media?parent=3829"}],"wp:term":[{"taxonomy":"category","embeddable":true,"href":"https:\/\/peruanos.nl\/es\/wp-json\/wp\/v2\/categories?post=3829"},{"taxonomy":"post_tag","embeddable":true,"href":"https:\/\/peruanos.nl\/es\/wp-json\/wp\/v2\/tags?post=3829"}],"curies":[{"name":"wp","href":"https:\/\/api.w.org\/{rel}","templated":true}]}}