{"id":3808,"date":"2025-02-17T18:05:00","date_gmt":"2025-02-17T17:05:00","guid":{"rendered":"https:\/\/peruanos.nl\/?p=3808"},"modified":"2025-02-17T15:18:28","modified_gmt":"2025-02-17T14:18:28","slug":"causa-limena-el-plato-que-nacio-de-la-historia-y-conquisto-el-mundo","status":"publish","type":"post","link":"https:\/\/peruanos.nl\/es\/causa-limena-el-plato-que-nacio-de-la-historia-y-conquisto-el-mundo\/","title":{"rendered":"Causa Lime\u00f1a: El Plato Que Naci\u00f3 De La Historia Y Conquist\u00f3 El Mundo"},"content":{"rendered":"\n<p>\u00bfAlguna vez has probado un plato que, al saborearlo, te transporta a un viaje en el tiempo, entrelazando historia, identidad y tradiciones ancestrales? La causa lime\u00f1a, uno de los m\u00e1s emblem\u00e1ticos y representativos de la gastronom\u00eda peruana, es mucho m\u00e1s que una receta; es un relato vivo que conecta a generaciones, culturas y \u00e9pocas. Con cada bocado, se revive la rica historia del Per\u00fa, un pa\u00eds cuyas ra\u00edces van m\u00e1s all\u00e1 de la cocina y se entrelazan con la lucha, la resistencia y la pasi\u00f3n de su gente.<\/p>\n\n\n\n<p>Este platillo, de colores vibrantes y sabores intensos, no solo ha conquistado paladares en todo el mundo, sino que tambi\u00e9n ha sido testigo de los cambios hist\u00f3ricos y culturales que marcaron al Per\u00fa. La causa lime\u00f1a es un verdadero reflejo de la fusi\u00f3n de influencias prehisp\u00e1nicas, coloniales y republicanas, lo que la convierte en un s\u00edmbolo indiscutible de la identidad peruana.<\/p>\n\n\n\n<h4 class=\"wp-block-heading\">La Versi\u00f3n Prehisp\u00e1nica: Un Plato Con Ra\u00edces Andinas<\/h4>\n\n\n\n<p>Seg\u00fan el historiador gastron\u00f3mico peruano Rodolfo Tafur, la palabra \u00abcausa\u00bb proviene del t\u00e9rmino quechua <em>kausay<\/em>, que significa \u00abvida\u00bb o \u00abdador de vida\u00bb. Este nombre, lleno de simbolismo, hace referencia a la importancia de la papa, el principal cultivo de los Andes, considerado un alimento vital. En sus or\u00edgenes, la causa era simplemente papa hervida acompa\u00f1ada de rodajas de aj\u00ed, una combinaci\u00f3n que representaba la armon\u00eda entre dos cultivos andinos fundamentales: la papa y el aj\u00ed. Esta receta, aunque sencilla, cargaba un profundo significado en las comunidades andinas.<\/p>\n\n\n\n<h4 class=\"wp-block-heading\">La Versi\u00f3n Colonial: La Fusi\u00f3n de Dos Mundos<\/h4>\n\n\n\n<p>Con la llegada de los conquistadores espa\u00f1oles, la gastronom\u00eda peruana experiment\u00f3 una transformaci\u00f3n que reflejaba el encuentro de dos mundos: el europeo y el ind\u00edgena. Durante la \u00e9poca colonial, los espa\u00f1oles adaptaron el <em>kausay<\/em> prehisp\u00e1nico, agregando nuevos ingredientes como el pescado, las aceitunas y la palta, lo que dio origen a la versi\u00f3n moderna de la causa lime\u00f1a. La mezcla de papas con estos ingredientes, sumados a un toque de aj\u00ed, convirti\u00f3 a la causa en un plato m\u00e1s elaborado, pero sin perder su esencia originaria. De esta forma, la causa se fue convirtiendo en un s\u00edmbolo de la fusi\u00f3n cultural que define al Per\u00fa.<\/p>\n\n\n\n<h4 class=\"wp-block-heading\">Las Versiones Republicanas: Un Plato de Independencia y Coraje<\/h4>\n\n\n\n<p>Durante el per\u00edodo republicano, la causa lime\u00f1a adquiri\u00f3 nuevos significados, cada uno asociado a momentos hist\u00f3ricos trascendentales. Una de las historias m\u00e1s conocidas cuenta que durante las celebraciones del D\u00eda de la Independencia, una dama lime\u00f1a, al recibir a un batall\u00f3n de soldados, decidi\u00f3 improvisar con lo que ten\u00eda a mano: papas, huevos, aceitunas y aj\u00ed. As\u00ed, cre\u00f3 un plato que, adem\u00e1s de nutrir a los soldados, simbolizaba la resistencia y el esp\u00edritu de independencia del Per\u00fa.<\/p>\n\n\n\n<p>Otra historia, durante la Guerra del Pac\u00edfico, narra c\u00f3mo las mujeres que acompa\u00f1aban al ej\u00e9rcito peruano, ante la escasez de suministros, reunieron lo poco que ten\u00edan para alimentar a los soldados: papas, aj\u00ed, lim\u00f3n y sal. Al entregarles esta mezcla, les dec\u00edan \u00abPara la causa\u00bb, un acto que no solo alimentaba a los soldados, sino que tambi\u00e9n representaba el sacrificio y la unidad del pueblo peruano en tiempos de guerra. Esta frase, \u00abPara la causa\u00bb, qued\u00f3 grabada en la memoria colectiva como el nombre definitivo de este emblem\u00e1tico platillo.<\/p>\n\n\n\n<figure class=\"wp-block-image size-large is-resized\"><img fetchpriority=\"high\" decoding=\"async\" width=\"1024\" height=\"766\" src=\"https:\/\/peruanos.nl\/wp-content\/uploads\/2025\/02\/causa_inside_articulo_1-1024x766.webp\" alt=\"\" class=\"wp-image-3811\" style=\"width:1170px;height:auto\" srcset=\"https:\/\/peruanos.nl\/wp-content\/uploads\/2025\/02\/causa_inside_articulo_1-1024x766.webp 1024w, https:\/\/peruanos.nl\/wp-content\/uploads\/2025\/02\/causa_inside_articulo_1-300x224.webp 300w, https:\/\/peruanos.nl\/wp-content\/uploads\/2025\/02\/causa_inside_articulo_1-768x575.webp 768w, https:\/\/peruanos.nl\/wp-content\/uploads\/2025\/02\/causa_inside_articulo_1-600x449.webp 600w, https:\/\/peruanos.nl\/wp-content\/uploads\/2025\/02\/causa_inside_articulo_1-750x561.webp 750w, https:\/\/peruanos.nl\/wp-content\/uploads\/2025\/02\/causa_inside_articulo_1.webp 1140w\" sizes=\"(max-width: 1024px) 100vw, 1024px\" \/><\/figure>\n\n\n\n<h4 class=\"wp-block-heading\">Un Plato que Trasciende el Tiempo<\/h4>\n\n\n\n<p>Hoy en d\u00eda, la causa lime\u00f1a contin\u00faa siendo un plato esencial en la cocina peruana y un s\u00edmbolo de la gastronom\u00eda nacional. A trav\u00e9s de los siglos, ha evolucionado, adapt\u00e1ndose a nuevas versiones y combinaciones de sabores, pero manteniendo siempre su esencia: un tributo a la tierra, la cultura y la historia del Per\u00fa. Este plato, humilde en sus or\u00edgenes pero grandioso en su significado, sigue siendo un s\u00edmbolo de la identidad peruana, no solo en el Per\u00fa, sino en todo el mundo.<\/p>\n\n\n\n<blockquote class=\"wp-block-quote is-layout-flow wp-block-quote-is-layout-flow\">\n<p><strong>\u00abLa causa lime\u00f1a no es solo un plato, es un relato de historia, de lucha, de amor por la tierra y sus tradiciones.\u00bb<\/strong><\/p>\n<\/blockquote>\n\n\n\n<p>Hoy, la causa lime\u00f1a es un patrimonio cultural que nos invita a compartir con el mundo la riqueza de la cocina peruana. M\u00e1s que un simple platillo, es un legado que, como la papa, sigue dando vida a nuevas generaciones.<\/p>\n\n\n\n<p>Si la historia de la causa lime\u00f1a te ha cautivado, suscr\u00edbete a nuestro bolet\u00edn para seguir explorando m\u00e1s sobre la cultura y gastronom\u00eda peruana. \u00a1Comparte este art\u00edculo con tus amigos y deja tus comentarios abajo! Queremos saber tu opini\u00f3n. \u00a1La causa lime\u00f1a es solo el comienzo de un viaje culinario sin fin!<\/p>\n","protected":false},"excerpt":{"rendered":"<p>\u00bfAlguna vez has probado un plato que, al saborearlo, te transporta a un viaje en el tiempo, entrelazando historia, identidad y tradiciones ancestrales? La causa lime\u00f1a, uno de los m\u00e1s emblem\u00e1ticos y representativos de la gastronom\u00eda peruana, es mucho m\u00e1s que una receta; es un relato vivo que conecta a generaciones, culturas y \u00e9pocas. Con [&hellip;]<\/p>\n","protected":false},"author":2,"featured_media":3822,"comment_status":"open","ping_status":"open","sticky":false,"template":"","format":"standard","meta":{"jnews-multi-image_gallery":[],"jnews_single_post":{"format":"standard","override":[{"template":"1","parallax":"1","fullscreen":"1","layout":"right-sidebar","sidebar":"default-sidebar","second_sidebar":"default-sidebar","sticky_sidebar":"1","share_position":"top","share_float_style":"share-monocrhome","show_share_counter":"1","show_view_counter":"1","show_featured":"1","show_post_meta":"1","show_post_author":"1","show_post_author_image":"1","show_post_date":"1","post_date_format":"default","post_date_format_custom":"Y\/m\/d","show_post_category":"1","show_post_reading_time":"0","post_reading_time_wpm":"300","post_calculate_word_method":"str_word_count","show_zoom_button":"0","zoom_button_out_step":"2","zoom_button_in_step":"3","show_post_tag":"1","show_prev_next_post":"1","show_popup_post":"1","number_popup_post":"1","show_author_box":"0","show_post_related":"0","show_inline_post_related":"0"}],"image_override":[{"single_post_thumbnail_size":"crop-500","single_post_gallery_size":"crop-500"}],"trending_post_position":"meta","trending_post_label":"Trending","sponsored_post_label":"Sponsored by","disable_ad":"0"},"jnews_primary_category":{"id":"48"},"jnews_social_meta":[],"jnews_override_counter":{"view_counter_number":"0","share_counter_number":"0","like_counter_number":"0","dislike_counter_number":"0"},"footnotes":""},"categories":[199],"tags":[477],"class_list":["post-3808","post","type-post","status-publish","format-standard","has-post-thumbnail","hentry","category-cocina-peruana","tag-causa-limena-2"],"_links":{"self":[{"href":"https:\/\/peruanos.nl\/es\/wp-json\/wp\/v2\/posts\/3808","targetHints":{"allow":["GET"]}}],"collection":[{"href":"https:\/\/peruanos.nl\/es\/wp-json\/wp\/v2\/posts"}],"about":[{"href":"https:\/\/peruanos.nl\/es\/wp-json\/wp\/v2\/types\/post"}],"author":[{"embeddable":true,"href":"https:\/\/peruanos.nl\/es\/wp-json\/wp\/v2\/users\/2"}],"replies":[{"embeddable":true,"href":"https:\/\/peruanos.nl\/es\/wp-json\/wp\/v2\/comments?post=3808"}],"version-history":[{"count":5,"href":"https:\/\/peruanos.nl\/es\/wp-json\/wp\/v2\/posts\/3808\/revisions"}],"predecessor-version":[{"id":3827,"href":"https:\/\/peruanos.nl\/es\/wp-json\/wp\/v2\/posts\/3808\/revisions\/3827"}],"wp:featuredmedia":[{"embeddable":true,"href":"https:\/\/peruanos.nl\/es\/wp-json\/wp\/v2\/media\/3822"}],"wp:attachment":[{"href":"https:\/\/peruanos.nl\/es\/wp-json\/wp\/v2\/media?parent=3808"}],"wp:term":[{"taxonomy":"category","embeddable":true,"href":"https:\/\/peruanos.nl\/es\/wp-json\/wp\/v2\/categories?post=3808"},{"taxonomy":"post_tag","embeddable":true,"href":"https:\/\/peruanos.nl\/es\/wp-json\/wp\/v2\/tags?post=3808"}],"curies":[{"name":"wp","href":"https:\/\/api.w.org\/{rel}","templated":true}]}}