{"id":3575,"date":"2025-01-10T12:00:00","date_gmt":"2025-01-10T11:00:00","guid":{"rendered":"https:\/\/peruanos.nl\/?p=3575"},"modified":"2025-01-07T23:06:48","modified_gmt":"2025-01-07T22:06:48","slug":"los-camelidos-andinos-los-guardianes-de-los-andes-peruanos","status":"publish","type":"post","link":"https:\/\/peruanos.nl\/es\/los-camelidos-andinos-los-guardianes-de-los-andes-peruanos\/","title":{"rendered":"Los Cam\u00e9lidos Andinos: Los Guardianes de los Andes Peruanos"},"content":{"rendered":"\n<p>Imagina que est\u00e1s en la cima de los Andes, rodeado por paisajes impresionantes de monta\u00f1as y valles. El aire es fresco y la tierra tiene un color dorado debido al sol que ilumina las alturas. De repente, te encuentras cara a cara con un animal majestuoso, de mirada serena y paso firme: la alpaca. Este es solo uno de los muchos cam\u00e9lidos que habitan las monta\u00f1as peruanas, los cuales han sido testigos de historias ancestrales y contin\u00faan siendo parte esencial de la vida en Per\u00fa.<\/p>\n\n\n\n<p>A lo largo de este art\u00edculo, descubrir\u00e1s todo lo que necesitas saber sobre estos fascinantes animales: su historia, su importancia cultural y econ\u00f3mica, y c\u00f3mo siguen siendo un pilar en las comunidades de los Andes. Adem\u00e1s, al final del art\u00edculo, te invitamos a seguir aprendiendo m\u00e1s y a unirte a nuestra comunidad. \u00bfEst\u00e1s listo para comenzar esta aventura?<\/p>\n\n\n\n<blockquote class=\"wp-block-quote is-layout-flow wp-block-quote-is-layout-flow\">\n<p><em>\u00abLos cam\u00e9lidos no solo han sido compa\u00f1eros de vida para las comunidades andinas, sino que han sido la clave de su resistencia y adaptaci\u00f3n en un entorno extremo.\u00bb<\/em><\/p>\n<\/blockquote>\n\n\n\n<h4 class=\"wp-block-heading\"><strong>Los Cuatro Cam\u00e9lidos Andinos: Un Viaje de Historia y Cultura<\/strong><\/h4>\n\n\n\n<p>Los cam\u00e9lidos andinos son animales nativos de Am\u00e9rica del Sur, conocidos por su habilidad para sobrevivir en el dif\u00edcil entorno de las monta\u00f1as. A lo largo de los siglos, han sido fundamentales en las culturas andinas, no solo como fuentes de alimento y material, sino tambi\u00e9n como animales de carga y s\u00edmbolos espirituales. Pero, \u00bfsab\u00edas que hay cuatro especies principales? Vamos a conocerlas un poco m\u00e1s de cerca:<\/p>\n\n\n\n<p><strong>1. La Alpaca: La Reina de los Andes<\/strong><\/p>\n\n\n\n<p>\u00bfSab\u00edas que la alpaca tiene una de las fibras m\u00e1s suaves y finas del mundo? La lana de alpaca es tan apreciada que es considerada un material de lujo. Durante siglos, los pueblos andinos han utilizado esta fibra para tejer ponchos, mantas y prendas finas que mantienen el calor a pesar de las bajas temperaturas.<\/p>\n\n\n\n<blockquote class=\"wp-block-quote is-layout-flow wp-block-quote-is-layout-flow\">\n<p><em>\u00abLa alpaca no solo es un animal; es una fuente de vida. Su fibra, su lana, es un tesoro que ha tejido historias de generaciones.\u00bb<\/em><\/p>\n<\/blockquote>\n\n\n\n<figure class=\"wp-block-image size-large is-resized\"><img fetchpriority=\"high\" decoding=\"async\" width=\"1024\" height=\"766\" src=\"https:\/\/peruanos.nl\/wp-content\/uploads\/2025\/01\/camelidos_andinos_inside_articulo_1-1-1024x766.webp\" alt=\"\" class=\"wp-image-3608\" style=\"width:1170px;height:auto\" srcset=\"https:\/\/peruanos.nl\/wp-content\/uploads\/2025\/01\/camelidos_andinos_inside_articulo_1-1-1024x766.webp 1024w, https:\/\/peruanos.nl\/wp-content\/uploads\/2025\/01\/camelidos_andinos_inside_articulo_1-1-300x224.webp 300w, https:\/\/peruanos.nl\/wp-content\/uploads\/2025\/01\/camelidos_andinos_inside_articulo_1-1-768x575.webp 768w, https:\/\/peruanos.nl\/wp-content\/uploads\/2025\/01\/camelidos_andinos_inside_articulo_1-1-600x449.webp 600w, https:\/\/peruanos.nl\/wp-content\/uploads\/2025\/01\/camelidos_andinos_inside_articulo_1-1-750x561.webp 750w, https:\/\/peruanos.nl\/wp-content\/uploads\/2025\/01\/camelidos_andinos_inside_articulo_1-1.webp 1140w\" sizes=\"(max-width: 1024px) 100vw, 1024px\" \/><\/figure>\n\n\n\n<p>Lo impresionante de la alpaca es que, a pesar de ser domesticada, conserva muchas de las caracter\u00edsticas de su antepasado salvaje. Su cuerpo es perfecto para las altitudes, y su pelaje es ideal para resistir las bajas temperaturas de las monta\u00f1as. Pero no es solo su lana lo que la hace especial, sino tambi\u00e9n su comportamiento tranquilo y amigable, que la convierte en un animal de gran importancia social y econ\u00f3mica para las comunidades andinas.<\/p>\n\n\n\n<p><strong>2. La Llama: El Cam\u00e9lido de los Andes por Excelencia<\/strong><\/p>\n\n\n\n<p>Si alguna vez has viajado a las monta\u00f1as de Per\u00fa, es probable que hayas visto a las llamas caminando por los caminos empinados, cargando provisiones de un lugar a otro. Las llamas han sido el principal medio de transporte en los Andes durante miles de a\u00f1os. Con su resistencia y capacidad para cargar grandes pesos, las llamas son esenciales en las comunidades rurales, donde el transporte en terrenos dif\u00edciles es un desaf\u00edo diario.<\/p>\n\n\n\n<blockquote class=\"wp-block-quote is-layout-flow wp-block-quote-is-layout-flow\">\n<p><em>\u00abLas llamas no solo transportan carga, sino que tambi\u00e9n cargan consigo historias de supervivencia y resistencia. Son el alma de los Andes.\u00bb<\/em><\/p>\n<\/blockquote>\n\n\n\n<figure class=\"wp-block-image size-large is-resized\"><img decoding=\"async\" width=\"1024\" height=\"766\" src=\"https:\/\/peruanos.nl\/wp-content\/uploads\/2025\/01\/camelidos_andinos_inside_articulo_2-1024x766.webp\" alt=\"\" class=\"wp-image-3589\" style=\"width:1170px;height:auto\" srcset=\"https:\/\/peruanos.nl\/wp-content\/uploads\/2025\/01\/camelidos_andinos_inside_articulo_2-1024x766.webp 1024w, https:\/\/peruanos.nl\/wp-content\/uploads\/2025\/01\/camelidos_andinos_inside_articulo_2-300x224.webp 300w, https:\/\/peruanos.nl\/wp-content\/uploads\/2025\/01\/camelidos_andinos_inside_articulo_2-768x575.webp 768w, https:\/\/peruanos.nl\/wp-content\/uploads\/2025\/01\/camelidos_andinos_inside_articulo_2-600x449.webp 600w, https:\/\/peruanos.nl\/wp-content\/uploads\/2025\/01\/camelidos_andinos_inside_articulo_2-750x561.webp 750w, https:\/\/peruanos.nl\/wp-content\/uploads\/2025\/01\/camelidos_andinos_inside_articulo_2.webp 1140w\" sizes=\"(max-width: 1024px) 100vw, 1024px\" \/><\/figure>\n\n\n\n<p>Lo fascinante de las llamas es su capacidad para adaptarse a los cambios clim\u00e1ticos extremos. Desde el calor abrasador de los d\u00edas soleados hasta las noches fr\u00edas en la altitud, las llamas han evolucionado para sobrevivir en un entorno que muchos considerar\u00edan inh\u00f3spito.<\/p>\n\n\n\n<p><strong>3. La Vicu\u00f1a: El Tesoro de los Andes<\/strong><\/p>\n\n\n\n<p>De todos los cam\u00e9lidos, la vicu\u00f1a es, sin duda, la m\u00e1s elegante. Su pelaje suave, dorado y extremadamente fino, ha sido apreciado por las civilizaciones andinas durante miles de a\u00f1os. Se dice que solo los emperadores incas pod\u00edan vestir ropa hecha de vicu\u00f1a, ya que su lana es tan escasa que solo se puede obtener una vez al a\u00f1o, durante la esquila.<\/p>\n\n\n\n<blockquote class=\"wp-block-quote is-layout-flow wp-block-quote-is-layout-flow\">\n<p><em>\u00abLa vicu\u00f1a es un s\u00edmbolo de pureza y belleza, un tesoro que los Andes nos han regalado, pero tambi\u00e9n un recordatorio de la importancia de conservar lo m\u00e1s valioso.\u00bb<\/em><\/p>\n<\/blockquote>\n\n\n\n<figure class=\"wp-block-image size-large is-resized\"><img decoding=\"async\" width=\"1024\" height=\"766\" src=\"https:\/\/peruanos.nl\/wp-content\/uploads\/2025\/01\/camelidos_andinos_inside_articulo_3-1024x766.webp\" alt=\"\" class=\"wp-image-3592\" style=\"width:1170px;height:auto\" srcset=\"https:\/\/peruanos.nl\/wp-content\/uploads\/2025\/01\/camelidos_andinos_inside_articulo_3-1024x766.webp 1024w, https:\/\/peruanos.nl\/wp-content\/uploads\/2025\/01\/camelidos_andinos_inside_articulo_3-300x224.webp 300w, https:\/\/peruanos.nl\/wp-content\/uploads\/2025\/01\/camelidos_andinos_inside_articulo_3-768x575.webp 768w, https:\/\/peruanos.nl\/wp-content\/uploads\/2025\/01\/camelidos_andinos_inside_articulo_3-600x449.webp 600w, https:\/\/peruanos.nl\/wp-content\/uploads\/2025\/01\/camelidos_andinos_inside_articulo_3-750x561.webp 750w, https:\/\/peruanos.nl\/wp-content\/uploads\/2025\/01\/camelidos_andinos_inside_articulo_3.webp 1140w\" sizes=\"(max-width: 1024px) 100vw, 1024px\" \/><\/figure>\n\n\n\n<p>Hoy en d\u00eda, la vicu\u00f1a est\u00e1 protegida debido a su bajo n\u00famero. Afortunadamente, las iniciativas de conservaci\u00f3n han permitido que la poblaci\u00f3n de vicu\u00f1as crezca, y la lana que se obtiene es ahora un recurso valioso y sostenible, que respeta el bienestar del animal.<\/p>\n\n\n\n<p><strong>4. El Guanaco: El Ancestro Silvestre<\/strong><\/p>\n\n\n\n<p>El guanaco es el antepasado silvestre de la llama, y aunque menos conocido, juega un rol esencial en el equilibrio del ecosistema andino. Habita las zonas m\u00e1s \u00e1ridas de Sudam\u00e9rica, y su resistencia es sorprendente. A diferencia de las llamas y alpacas, el guanaco es un animal salvaje, pero comparte muchas de las caracter\u00edsticas de sus descendientes domesticados. El guanaco tiene una gran capacidad para adaptarse a su entorno y ha sido fundamental para la conservaci\u00f3n de las especies domesticadas en la regi\u00f3n.<\/p>\n\n\n\n<blockquote class=\"wp-block-quote is-layout-flow wp-block-quote-is-layout-flow\">\n<p><em>\u00abEl guanaco es un recordatorio de la sabidur\u00eda de la naturaleza, de c\u00f3mo la vida puede prosperar incluso en los terrenos m\u00e1s inh\u00f3spitos.\u00bb<\/em><\/p>\n<\/blockquote>\n\n\n\n<figure class=\"wp-block-image size-large is-resized\"><img loading=\"lazy\" decoding=\"async\" width=\"1024\" height=\"766\" src=\"https:\/\/peruanos.nl\/wp-content\/uploads\/2025\/01\/camelidos_andinos_inside_articulo_4-1024x766.webp\" alt=\"\" class=\"wp-image-3595\" style=\"width:1170px;height:auto\" srcset=\"https:\/\/peruanos.nl\/wp-content\/uploads\/2025\/01\/camelidos_andinos_inside_articulo_4-1024x766.webp 1024w, https:\/\/peruanos.nl\/wp-content\/uploads\/2025\/01\/camelidos_andinos_inside_articulo_4-300x224.webp 300w, https:\/\/peruanos.nl\/wp-content\/uploads\/2025\/01\/camelidos_andinos_inside_articulo_4-768x575.webp 768w, https:\/\/peruanos.nl\/wp-content\/uploads\/2025\/01\/camelidos_andinos_inside_articulo_4-600x449.webp 600w, https:\/\/peruanos.nl\/wp-content\/uploads\/2025\/01\/camelidos_andinos_inside_articulo_4-750x561.webp 750w, https:\/\/peruanos.nl\/wp-content\/uploads\/2025\/01\/camelidos_andinos_inside_articulo_4.webp 1140w\" sizes=\"(max-width: 1024px) 100vw, 1024px\" \/><\/figure>\n\n\n\n<h4 class=\"wp-block-heading\"><strong>La Relaci\u00f3n Profunda entre los Cam\u00e9lidos y las Comunidades Andinas<\/strong><\/h4>\n\n\n\n<p>Los cam\u00e9lidos no son solo animales; son compa\u00f1eros de vida. Durante siglos, las comunidades andinas han dependido de ellos para sobrevivir en uno de los entornos m\u00e1s dif\u00edciles del planeta. La fibra de alpaca, la carne de llama, el transporte proporcionado por las llamas y la belleza de la vicu\u00f1a son solo algunas de las formas en que estos animales han enriquecido la vida de las personas en los Andes.<\/p>\n\n\n\n<blockquote class=\"wp-block-quote is-layout-flow wp-block-quote-is-layout-flow\">\n<p><em>\u00abLos cam\u00e9lidos son los h\u00e9roes silenciosos de las monta\u00f1as. Su presencia ha sido crucial en la vida diaria de los pueblos andinos.\u00bb<\/em><\/p>\n<\/blockquote>\n\n\n\n<p>Pero m\u00e1s all\u00e1 de su utilidad pr\u00e1ctica, los cam\u00e9lidos tienen un lugar especial en el coraz\u00f3n de las personas. Son considerados sagrados, s\u00edmbolo de la conexi\u00f3n con la Pachamama, o Madre Tierra. En muchas comunidades, los cam\u00e9lidos participan en rituales de agradecimiento y protecci\u00f3n de la tierra.<\/p>\n\n\n\n<p>Los cam\u00e9lidos andinos son mucho m\u00e1s que simples animales; son un s\u00edmbolo de resistencia, conexi\u00f3n y sostenibilidad. A trav\u00e9s de ellos, las comunidades andinas han logrado prosperar en las monta\u00f1as m\u00e1s altas, y hoy en d\u00eda, siguen siendo una parte vital de su vida cotidiana. Pero, adem\u00e1s de su utilidad, los cam\u00e9lidos son un recordatorio de c\u00f3mo la naturaleza y la cultura pueden estar entrelazadas de manera profunda y significativa.<\/p>\n\n\n\n<p>\u00bfQu\u00e9 opinas de los cam\u00e9lidos andinos y su conexi\u00f3n con la vida en los Andes? \u00bfTienes alguna experiencia con ellos o te gustar\u00eda aprender m\u00e1s sobre su historia? Comparte este art\u00edculo con tus amigos y d\u00e9janos tus comentarios. \u00a1Nos encantar\u00eda saber tu opini\u00f3n y seguir compartiendo m\u00e1s sobre esta fascinante cultura!<\/p>\n","protected":false},"excerpt":{"rendered":"<p>Imagina que est\u00e1s en la cima de los Andes, rodeado por paisajes impresionantes de monta\u00f1as y valles. El aire es fresco y la tierra tiene un color dorado debido al sol que ilumina las alturas. De repente, te encuentras cara a cara con un animal majestuoso, de mirada serena y paso firme: la alpaca. Este [&hellip;]<\/p>\n","protected":false},"author":3,"featured_media":3604,"comment_status":"open","ping_status":"open","sticky":false,"template":"","format":"standard","meta":{"jnews-multi-image_gallery":[],"jnews_single_post":{"format":"standard","override":[{"template":"1","parallax":"1","fullscreen":"1","layout":"right-sidebar","sidebar":"default-sidebar","second_sidebar":"default-sidebar","sticky_sidebar":"1","share_position":"top","share_float_style":"share-monocrhome","show_share_counter":"1","show_view_counter":"1","show_featured":"1","show_post_meta":"1","show_post_author":"1","show_post_author_image":"1","show_post_date":"1","post_date_format":"default","post_date_format_custom":"Y\/m\/d","show_post_category":"1","show_post_reading_time":"0","post_reading_time_wpm":"300","post_calculate_word_method":"str_word_count","show_zoom_button":"0","zoom_button_out_step":"2","zoom_button_in_step":"3","show_post_tag":"1","show_prev_next_post":"1","show_popup_post":"1","number_popup_post":"1","show_author_box":"0","show_post_related":"0","show_inline_post_related":"0"}],"image_override":[{"single_post_thumbnail_size":"crop-500","single_post_gallery_size":"crop-500"}],"trending_post_position":"meta","trending_post_label":"Trending","sponsored_post_label":"Sponsored by","disable_ad":"0"},"jnews_primary_category":{"id":"5"},"jnews_social_meta":[],"jnews_override_counter":{"view_counter_number":"0","share_counter_number":"0","like_counter_number":"0","dislike_counter_number":"0","override_dislike_counter":"1"},"footnotes":""},"categories":[187],"tags":[432,430,431],"class_list":["post-3575","post","type-post","status-publish","format-standard","has-post-thumbnail","hentry","category-ciencia-y-tecnologia","tag-biodiversidad-peruana","tag-camelidos-andinos","tag-cultura-de-los-andes"],"_links":{"self":[{"href":"https:\/\/peruanos.nl\/es\/wp-json\/wp\/v2\/posts\/3575","targetHints":{"allow":["GET"]}}],"collection":[{"href":"https:\/\/peruanos.nl\/es\/wp-json\/wp\/v2\/posts"}],"about":[{"href":"https:\/\/peruanos.nl\/es\/wp-json\/wp\/v2\/types\/post"}],"author":[{"embeddable":true,"href":"https:\/\/peruanos.nl\/es\/wp-json\/wp\/v2\/users\/3"}],"replies":[{"embeddable":true,"href":"https:\/\/peruanos.nl\/es\/wp-json\/wp\/v2\/comments?post=3575"}],"version-history":[{"count":11,"href":"https:\/\/peruanos.nl\/es\/wp-json\/wp\/v2\/posts\/3575\/revisions"}],"predecessor-version":[{"id":3617,"href":"https:\/\/peruanos.nl\/es\/wp-json\/wp\/v2\/posts\/3575\/revisions\/3617"}],"wp:featuredmedia":[{"embeddable":true,"href":"https:\/\/peruanos.nl\/es\/wp-json\/wp\/v2\/media\/3604"}],"wp:attachment":[{"href":"https:\/\/peruanos.nl\/es\/wp-json\/wp\/v2\/media?parent=3575"}],"wp:term":[{"taxonomy":"category","embeddable":true,"href":"https:\/\/peruanos.nl\/es\/wp-json\/wp\/v2\/categories?post=3575"},{"taxonomy":"post_tag","embeddable":true,"href":"https:\/\/peruanos.nl\/es\/wp-json\/wp\/v2\/tags?post=3575"}],"curies":[{"name":"wp","href":"https:\/\/api.w.org\/{rel}","templated":true}]}}