{"id":3398,"date":"2024-12-20T19:00:00","date_gmt":"2024-12-20T18:00:00","guid":{"rendered":"https:\/\/peruanos.nl\/?p=3398"},"modified":"2024-12-23T13:18:49","modified_gmt":"2024-12-23T12:18:49","slug":"una-estrella-en-los-canales-de-amsterdam-la-transformadora-historia-de-luz-belen","status":"publish","type":"post","link":"https:\/\/peruanos.nl\/es\/una-estrella-en-los-canales-de-amsterdam-la-transformadora-historia-de-luz-belen\/","title":{"rendered":"Una Estrella en los Canales de \u00c1msterdam: La Transformadora Historia de Luz Bel\u00e9n"},"content":{"rendered":"\n<p>En un rinc\u00f3n del mundo donde los canales serpentean una ciudad llena de historias y los cielos grises inspiran reflexi\u00f3n, encontramos a Luz Bel\u00e9n Mendiz\u00e1bal. Esta artista peruana, radicada en los Pa\u00edses Bajos, ha tejido una trayectoria que nos recuerda que incluso en los momentos m\u00e1s oscuros, la luz puede emerger de las pasiones que llevamos dentro. Desde los Carabayllo un barrio de trabajadores al norte en Lima hasta las vibrantes galer\u00edas de \u00c1msterdam.  <\/p>\n\n<p>Su vida es un testimonio de c\u00f3mo la creatividad puede ser el refugio y la fortaleza en medio de la adversidad y su historia no solo refleja el esfuerzo de quienes emigran en busca de una mejor vida, sino tambi\u00e9n el poder del arte para sanar y unir mundos.<\/p>\n\n<p><strong>Un barrio que la molde\u00f3: Una infancia de aprendizaje y amistad<\/strong><\/p>\n\n<p>Creciendo en el distrito de Carabayllo, en Lima, Luz Bel\u00e9n tuvo una infancia marcada por mudanzas constantes y las ense\u00f1anzas de un barrio lleno de vitalidad. Estudi\u00f3 en colegios estatales y recuerda con cari\u00f1o sus tardes jugando en las calles, donde descubri\u00f3 el valor de la amistad y aprendi\u00f3 lecciones que no estaban en los libros escolares. <\/p>\n\n<p>Creci\u00f3 en una familia sencilla y noble, llena de fortaleza; su madre, un ejemplo de resistencia, y su padre, un hombre incansablemente trabajador, fueron los pilares de su ni\u00f1ez. En su hogar, el arte no era un tema de conversaci\u00f3n, pero ella encontr\u00f3 en la poes\u00eda y la escritura el detonante para expresar sus emociones, especialmente cuando el amor toc\u00f3 su puerta por primera vez.<\/p>\n\n<figure class=\"wp-block-image size-large is-resized\"><img fetchpriority=\"high\" decoding=\"async\" width=\"1024\" height=\"766\" src=\"https:\/\/peruanos.nl\/wp-content\/uploads\/2024\/12\/luz_belen_inside_articulo_2-1024x766.webp\" alt=\"\" class=\"wp-image-3380\" style=\"width:1170px;height:auto\" srcset=\"https:\/\/peruanos.nl\/wp-content\/uploads\/2024\/12\/luz_belen_inside_articulo_2-1024x766.webp 1024w, https:\/\/peruanos.nl\/wp-content\/uploads\/2024\/12\/luz_belen_inside_articulo_2-300x224.webp 300w, https:\/\/peruanos.nl\/wp-content\/uploads\/2024\/12\/luz_belen_inside_articulo_2-768x575.webp 768w, https:\/\/peruanos.nl\/wp-content\/uploads\/2024\/12\/luz_belen_inside_articulo_2-600x449.webp 600w, https:\/\/peruanos.nl\/wp-content\/uploads\/2024\/12\/luz_belen_inside_articulo_2-750x561.webp 750w, https:\/\/peruanos.nl\/wp-content\/uploads\/2024\/12\/luz_belen_inside_articulo_2.webp 1140w\" sizes=\"(max-width: 1024px) 100vw, 1024px\" \/><\/figure>\n\n<p>Aunque desde joven adoraba escribir, jam\u00e1s imagin\u00f3 que alg\u00fan d\u00eda publicar\u00eda un libro. Sin embargo, su encuentro con la lectura marc\u00f3 un antes y un despu\u00e9s en su vida. El primer libro que ley\u00f3, y que la dej\u00f3 impactada fue: \u00abVeronika Decide Morir\u00bb de Paulo Coelho, Esa obra encendi\u00f3 su amor por las palabras y abri\u00f3 las puertas a un mundo de inspiraci\u00f3n.<\/p>\n\n<p><strong>Liverpool: El despertar de su pasi\u00f3n por el arte<\/strong><\/p>\n\n<p>La traves\u00eda de Luz Bel\u00e9n la llev\u00f3 por varios pa\u00edses europeos hasta llegar en el 2007 a Liverpool, Inglaterra, una ciudad que la transform\u00f3 por completo. Fue all\u00ed donde descubri\u00f3 que el arte era su verdadera pasi\u00f3n. La m\u00fasica, las galer\u00edas y la arquitectura de Liverpool la envolvieron en un mundo que expandi\u00f3 su creatividad. Decidi\u00f3 estudiar Art Design, un proceso que describi\u00f3 como los a\u00f1os m\u00e1s felices de su vida. En esos a\u00f1os, no solo perfeccion\u00f3 sus habilidades art\u00edsticas, sino que tambi\u00e9n logr\u00f3 graduarse con honores, lo que la motiv\u00f3 a seguir adelante.    <\/p>\n\n<p>Sin embargo, Luz Bel\u00e9n tambi\u00e9n reconoci\u00f3 que en ese tiempo dej\u00f3 un poco de lado su cultura peruana. A pesar de ello, su conexi\u00f3n con sus ra\u00edces se mantuvo intacta y eventualmente encontrar\u00eda nuevas maneras de integrarla a su trabajo. <\/p>\n\n<p><strong>Un nuevo comienzo en los Pa\u00edses Bajos<\/strong><\/p>\n\n<p>En 2019, Luz Bel\u00e9n se mud\u00f3 a \u00c1msterdam, donde se enfrent\u00f3 a una de las etapas m\u00e1s duras de su vida. \u00abLos momentos m\u00e1s dif\u00edciles de mi vida los viv\u00ed en los Pa\u00edses Bajos\u00bb, comparte. La p\u00e9rdida de su hermana y los desaf\u00edos de adaptarse a un nuevo pa\u00eds se intensificaron con la llegada de la pandemia. Encontr\u00f3 consuelo en los canales de la ciudad, que se convirtieron en testigos de sus l\u00e1grimas y su proceso de sanaci\u00f3n. \u00abCuando sal\u00eda a caminar por los canales, me alegraba que todo fuera agua, porque siempre lloraba en ellos\u00bb, recuerda.    <\/p>\n\n<p> Durante dos a\u00f1os, el dolor fue tan profundo que dej\u00f3 de escribir. Sin embargo, un d\u00eda, su pasi\u00f3n volvi\u00f3 a encenderse, esta vez en forma de un <strong>cuento infantil.<\/strong> <\/p>\n\n<figure class=\"wp-block-image size-large is-resized\"><img decoding=\"async\" width=\"1024\" height=\"766\" src=\"https:\/\/peruanos.nl\/wp-content\/uploads\/2024\/12\/luz_belen_inside_articulo_4-1024x766.webp\" alt=\"\" class=\"wp-image-3386\" style=\"width:1170px;height:auto\" srcset=\"https:\/\/peruanos.nl\/wp-content\/uploads\/2024\/12\/luz_belen_inside_articulo_4-1024x766.webp 1024w, https:\/\/peruanos.nl\/wp-content\/uploads\/2024\/12\/luz_belen_inside_articulo_4-300x224.webp 300w, https:\/\/peruanos.nl\/wp-content\/uploads\/2024\/12\/luz_belen_inside_articulo_4-768x575.webp 768w, https:\/\/peruanos.nl\/wp-content\/uploads\/2024\/12\/luz_belen_inside_articulo_4-600x449.webp 600w, https:\/\/peruanos.nl\/wp-content\/uploads\/2024\/12\/luz_belen_inside_articulo_4-750x561.webp 750w, https:\/\/peruanos.nl\/wp-content\/uploads\/2024\/12\/luz_belen_inside_articulo_4.webp 1140w\" sizes=\"(max-width: 1024px) 100vw, 1024px\" \/><\/figure>\n\n<figure class=\"wp-block-image size-large is-resized\"><img decoding=\"async\" width=\"1024\" height=\"766\" src=\"https:\/\/peruanos.nl\/wp-content\/uploads\/2024\/12\/luz_belen_inside_articulo_3-1024x766.webp\" alt=\"\" class=\"wp-image-3389\" style=\"width:1170px;height:auto\" srcset=\"https:\/\/peruanos.nl\/wp-content\/uploads\/2024\/12\/luz_belen_inside_articulo_3-1024x766.webp 1024w, https:\/\/peruanos.nl\/wp-content\/uploads\/2024\/12\/luz_belen_inside_articulo_3-300x224.webp 300w, https:\/\/peruanos.nl\/wp-content\/uploads\/2024\/12\/luz_belen_inside_articulo_3-768x575.webp 768w, https:\/\/peruanos.nl\/wp-content\/uploads\/2024\/12\/luz_belen_inside_articulo_3-600x449.webp 600w, https:\/\/peruanos.nl\/wp-content\/uploads\/2024\/12\/luz_belen_inside_articulo_3-750x561.webp 750w, https:\/\/peruanos.nl\/wp-content\/uploads\/2024\/12\/luz_belen_inside_articulo_3.webp 1140w\" sizes=\"(max-width: 1024px) 100vw, 1024px\" \/><\/figure>\n\n<p><strong>\u201cMallki y la Estrella Perdida\u201d<\/strong><\/p>\n\n<p>En medio de la tristeza, la inspiraci\u00f3n volvi\u00f3 a ella en una forma diferente: un cuento infantil titulado: \u00abMallki y la Estrella Perdida\u00bb. Inspirado en su sobrino Mateo, diagnosticado con autismo, el libro refleja c\u00f3mo un ni\u00f1o autista percibe el mundo. Adem\u00e1s, entre las p\u00e1ginas del libro, Luz Bel\u00e9n rinde homenaje a su hermana fallecida, represent\u00e1ndola como una estrella que siempre la acompa\u00f1a. Mallki no solo es un tributo lleno de amor, sino tambi\u00e9n un mensaje de compasi\u00f3n, aceptaci\u00f3n de las emociones y perseverancia.   <\/p>\n\n<figure class=\"wp-block-image size-large is-resized\"><img loading=\"lazy\" decoding=\"async\" width=\"1024\" height=\"766\" src=\"https:\/\/peruanos.nl\/wp-content\/uploads\/2024\/12\/luz_belen_inside_articulo_5-1024x766.webp\" alt=\"\" class=\"wp-image-3392\" style=\"width:1170px;height:auto\" srcset=\"https:\/\/peruanos.nl\/wp-content\/uploads\/2024\/12\/luz_belen_inside_articulo_5-1024x766.webp 1024w, https:\/\/peruanos.nl\/wp-content\/uploads\/2024\/12\/luz_belen_inside_articulo_5-300x224.webp 300w, https:\/\/peruanos.nl\/wp-content\/uploads\/2024\/12\/luz_belen_inside_articulo_5-768x575.webp 768w, https:\/\/peruanos.nl\/wp-content\/uploads\/2024\/12\/luz_belen_inside_articulo_5-600x449.webp 600w, https:\/\/peruanos.nl\/wp-content\/uploads\/2024\/12\/luz_belen_inside_articulo_5-750x561.webp 750w, https:\/\/peruanos.nl\/wp-content\/uploads\/2024\/12\/luz_belen_inside_articulo_5.webp 1140w\" sizes=\"(max-width: 1024px) 100vw, 1024px\" \/><\/figure>\n\n<p><strong>La pintura como reflejo del alma<\/strong><\/p>\n\n<p>La pintura tambi\u00e9n ocupa un lugar central en la vida de Luz Bel\u00e9n. Inspirada por sus emociones, libros y recuerdos de sus viajes, crea obras que combinan t\u00e9cnicas como pintura en tela, bordados y dise\u00f1o textil. Luz Bel\u00e9n encuentra fascinaci\u00f3n en el arte ancestral peruano, desde esculturas hasta cer\u00e1micas incaicas, las cuales alimentan su orgullo por sus ra\u00edces.  <\/p>\n\n<p>En su proceso creativo, guarda como tesoro un cuaderno donde escribe pensamientos, realiza bocetos y plasma ideas que luego cobran vida en sus piezas. La exploraci\u00f3n constante y su af\u00e1n por experimentar con nuevas t\u00e9cnicas son una muestra de su esp\u00edritu innovador y su amor por el arte. <\/p>\n\n<p><strong>Sue\u00f1os que trascienden fronteras<\/strong><\/p>\n\n<p>Luz Bel\u00e9n tiene grandes sue\u00f1os: ense\u00f1ar arte a ni\u00f1os en el Per\u00fa, fomentar la lectura y la escritura, y abrir galer\u00edas en el norte de Lima y otras ciudades. Adem\u00e1s, trabaja incansablemente para promover la cultura peruana junto a otros artistas y personas comprometidas con difundir nuestras costumbres y tradiciones. Para ella, la creatividad peruana es un tesoro que merece ser compartido y celebrado a nivel mundial.  <\/p>\n\n<p><strong>Un coraz\u00f3n dividido y un mensaje de inspiraci\u00f3n<\/strong><\/p>\n\n<p>Luz Bel\u00e9n confiesa que su coraz\u00f3n est\u00e1 dividido entre dos mundos: Per\u00fa, al que intenta visitar una vez al a\u00f1o, y los Pa\u00edses Bajos, donde ha encontrado crecimiento personal y amor. Ambos pa\u00edses son parte esencial de su identidad y contribuyen a su visi\u00f3n del arte y la vida. <\/p>\n\n<p>Luz Bel\u00e9n agradece a peruanos.nl por la oportunidad de compartir su historia, esperando inspirar a otros a perseguir sus sue\u00f1os y a nunca dejar de explorar su creatividad. \u201cEl arte es para compartir\u201d, afirma con convicci\u00f3n. <\/p>\n\n<figure class=\"wp-block-image size-large is-resized\"><img loading=\"lazy\" decoding=\"async\" width=\"1024\" height=\"766\" src=\"https:\/\/peruanos.nl\/wp-content\/uploads\/2024\/12\/luz_belen_inside_articulo_7-1024x766.webp\" alt=\"\" class=\"wp-image-3383\" style=\"width:1170px;height:auto\" srcset=\"https:\/\/peruanos.nl\/wp-content\/uploads\/2024\/12\/luz_belen_inside_articulo_7-1024x766.webp 1024w, https:\/\/peruanos.nl\/wp-content\/uploads\/2024\/12\/luz_belen_inside_articulo_7-300x224.webp 300w, https:\/\/peruanos.nl\/wp-content\/uploads\/2024\/12\/luz_belen_inside_articulo_7-768x575.webp 768w, https:\/\/peruanos.nl\/wp-content\/uploads\/2024\/12\/luz_belen_inside_articulo_7-600x449.webp 600w, https:\/\/peruanos.nl\/wp-content\/uploads\/2024\/12\/luz_belen_inside_articulo_7-750x561.webp 750w, https:\/\/peruanos.nl\/wp-content\/uploads\/2024\/12\/luz_belen_inside_articulo_7.webp 1140w\" sizes=\"(max-width: 1024px) 100vw, 1024px\" \/><\/figure>\n\n<p>Te invitamos a seguir a Luz Bel\u00e9n en su cuenta de instagram: <a href=\"https:\/\/www.threads.net\/@belmendesigns?xmt=AQGzXk7Nae7LpCwNBV9yo6TmY9WyL5dxatJGDBuJZf4VELk\">@belmendesigns<\/a> para descubrir m\u00e1s sobre su trabajo y proyectos futuros.<\/p>\n\n<p>No olvides dejar tus comentarios sobre esta historia inspiradora y compartirla con otros. Cada historia que contamos es una ventana a la resiliencia y creatividad de nuestra comunidad peruana en el extranjero. <\/p>\n","protected":false},"excerpt":{"rendered":"<p>En un rinc\u00f3n del mundo donde los canales serpentean una ciudad llena de historias y los cielos grises inspiran reflexi\u00f3n, encontramos a Luz Bel\u00e9n Mendiz\u00e1bal. Esta artista peruana, radicada en los Pa\u00edses Bajos, ha tejido una trayectoria que nos recuerda que incluso en los momentos m\u00e1s oscuros, la luz puede emerger de las pasiones que [&hellip;]<\/p>\n","protected":false},"author":1,"featured_media":3378,"comment_status":"open","ping_status":"open","sticky":false,"template":"","format":"standard","meta":{"jnews-multi-image_gallery":[],"jnews_single_post":{"format":"standard"},"jnews_primary_category":[],"jnews_social_meta":[],"jnews_override_counter":[],"footnotes":""},"categories":[186],"tags":[415,414,413,191],"class_list":["post-3398","post","type-post","status-publish","format-standard","has-post-thumbnail","hentry","category-estilo-de-vida","tag-artistas-peruanos-es","tag-cuento-para-ninos-es","tag-luz-belen-mendizabal-es","tag-peru-es"],"_links":{"self":[{"href":"https:\/\/peruanos.nl\/es\/wp-json\/wp\/v2\/posts\/3398","targetHints":{"allow":["GET"]}}],"collection":[{"href":"https:\/\/peruanos.nl\/es\/wp-json\/wp\/v2\/posts"}],"about":[{"href":"https:\/\/peruanos.nl\/es\/wp-json\/wp\/v2\/types\/post"}],"author":[{"embeddable":true,"href":"https:\/\/peruanos.nl\/es\/wp-json\/wp\/v2\/users\/1"}],"replies":[{"embeddable":true,"href":"https:\/\/peruanos.nl\/es\/wp-json\/wp\/v2\/comments?post=3398"}],"version-history":[{"count":6,"href":"https:\/\/peruanos.nl\/es\/wp-json\/wp\/v2\/posts\/3398\/revisions"}],"predecessor-version":[{"id":3417,"href":"https:\/\/peruanos.nl\/es\/wp-json\/wp\/v2\/posts\/3398\/revisions\/3417"}],"wp:featuredmedia":[{"embeddable":true,"href":"https:\/\/peruanos.nl\/es\/wp-json\/wp\/v2\/media\/3378"}],"wp:attachment":[{"href":"https:\/\/peruanos.nl\/es\/wp-json\/wp\/v2\/media?parent=3398"}],"wp:term":[{"taxonomy":"category","embeddable":true,"href":"https:\/\/peruanos.nl\/es\/wp-json\/wp\/v2\/categories?post=3398"},{"taxonomy":"post_tag","embeddable":true,"href":"https:\/\/peruanos.nl\/es\/wp-json\/wp\/v2\/tags?post=3398"}],"curies":[{"name":"wp","href":"https:\/\/api.w.org\/{rel}","templated":true}]}}