{"id":3045,"date":"2024-11-29T19:00:00","date_gmt":"2024-11-29T18:00:00","guid":{"rendered":"https:\/\/peruanos.nl\/?p=3045"},"modified":"2024-12-06T20:59:02","modified_gmt":"2024-12-06T19:59:02","slug":"sandra-cueva-de-lima-a-los-paises-bajos-transformando-paisajes-con-arte-y-sostenibilidad","status":"publish","type":"post","link":"https:\/\/peruanos.nl\/es\/sandra-cueva-de-lima-a-los-paises-bajos-transformando-paisajes-con-arte-y-sostenibilidad\/","title":{"rendered":"Sandra Cueva: De Lima a los Pa\u00edses Bajos, Transformando Paisajes con Arte y Sostenibilidad"},"content":{"rendered":"\n<p>Sandra Cueva, a sus 32 a\u00f1os, es mucho m\u00e1s que una arquitecta o dise\u00f1adora visual. Es una so\u00f1adora empedernida, una luchadora pero por sobre todo, es un ejemplo de c\u00f3mo las ra\u00edces culturales y la innovaci\u00f3n pueden converger para crear proyectos significativos. Desde su infancia en Lima hasta sus logros en los Pa\u00edses Bajos, su camino refleja una pasi\u00f3n inquebrantable por el dise\u00f1o, el medio ambiente y las comunidades sostenibles. Ella carga consigo el peso de la nostalgia, el amor por sus ra\u00edces y la fuerza para superar retos en un pa\u00eds que no siempre se siente como hogar.   <\/p>\n\n\n\n<p>El Per\u00fa no es solo su tierra natal; es su br\u00fajula. Aunque ahora vive a miles de kil\u00f3metros, en los Pa\u00edses Bajos, cada paso que da est\u00e1 guiado por los recuerdos de su infancia en Lima, Sandra se encuentra actualmente inmersa en un m\u00e1ster de Dise\u00f1o en la Willem de Kooning Academy de Rotterdam, donde est\u00e1 explorando nuevas formas de crear experiencias inmersivas a trav\u00e9s del dise\u00f1o. Su tesis, que propone un futuro m\u00e1s sostenible para Chinchero (Cusco) a trav\u00e9s del uso de plantas de tinte natural, refleja su compromiso con la protecci\u00f3n de su patrimonio cultural y natural.  <\/p>\n\n\n\n<p>Pero, \u00bfqu\u00e9 hace \u00fanica a Sandra Cueva? Para entenderlo mejor, hemos hablado con ella sobre su visi\u00f3n, su formaci\u00f3n, y su camino hacia un futuro donde el dise\u00f1o no sea solo est\u00e9tico, sino tambi\u00e9n profundamente responsable con el medio ambiente y las tradiciones. <\/p>\n\n\n\n<h2 class=\"wp-block-heading\">De Santa Clara al R\u00edmac: Donde todo comenz\u00f3<\/h2>\n\n\n\n<p>En el distrito lime\u00f1o de Ate, en una zona conocida como Santa Clara, Sandra Cueva pas\u00f3 los primeros a\u00f1os de su vida. Crecer en este rinc\u00f3n de Lima, donde la ciudad comenzaba a mezclarse con los cerros y el paisaje urbano se entrelazaba con la naturaleza, fue el primer contacto de Sandra con la belleza de los espacios abiertos. Desde peque\u00f1a, la conexi\u00f3n con su entorno era palpable. \u201cCuando dibujaba para mi <strong><em>abuelita<\/em><\/strong>, sent\u00eda que pod\u00eda hacer algo hermoso para los dem\u00e1s. Ah\u00ed empez\u00f3 todo,\u201d dice con una sonrisa.    <\/p>\n\n\n\n<p>A los 9 a\u00f1os, la familia de Sandra se traslad\u00f3 al distrito del R\u00edmac, un lugar con una esencia completamente distinta. De los paisajes abiertos y tranquilos de Santa Clara, pas\u00f3 a las calles vibrantes y llenas de historia del R\u00edmac, donde la vida urbana pulsaba con fuerza. Este contraste marc\u00f3 profundamente su perspectiva, ense\u00f1\u00e1ndole a observar el equilibrio necesario entre el crecimiento urbano y el respeto por el entorno natural.  <\/p>\n\n\n\n<figure class=\"wp-block-image size-large is-resized\"><img fetchpriority=\"high\" decoding=\"async\" width=\"1024\" height=\"766\" src=\"https:\/\/peruanos.nl\/wp-content\/uploads\/2024\/11\/sandra_cueva_inside_articulo_2-1024x766.webp\" alt=\"\" class=\"wp-image-3032\" style=\"width:1170px;height:auto\" srcset=\"https:\/\/peruanos.nl\/wp-content\/uploads\/2024\/11\/sandra_cueva_inside_articulo_2-1024x766.webp 1024w, https:\/\/peruanos.nl\/wp-content\/uploads\/2024\/11\/sandra_cueva_inside_articulo_2-300x224.webp 300w, https:\/\/peruanos.nl\/wp-content\/uploads\/2024\/11\/sandra_cueva_inside_articulo_2-768x575.webp 768w, https:\/\/peruanos.nl\/wp-content\/uploads\/2024\/11\/sandra_cueva_inside_articulo_2-600x449.webp 600w, https:\/\/peruanos.nl\/wp-content\/uploads\/2024\/11\/sandra_cueva_inside_articulo_2-750x561.webp 750w, https:\/\/peruanos.nl\/wp-content\/uploads\/2024\/11\/sandra_cueva_inside_articulo_2.webp 1140w\" sizes=\"(max-width: 1024px) 100vw, 1024px\" \/><\/figure>\n\n\n\n<p>\u201cSanta Clara ten\u00eda algo especial; era como vivir en la frontera entre la ciudad y el campo\u201d, recuerda Sandra. Es en esta combinaci\u00f3n de mundos donde Sandra encontr\u00f3 su inspiraci\u00f3n, una que hoy la lleva a crear paisajes y dise\u00f1os que invitan a reflexionar sobre c\u00f3mo podemos vivir en equilibrio con nuestro entorno, sin dejar de avanzar hacia el futuro. <\/p>\n\n\n\n<h2 class=\"wp-block-heading\"><strong>Un Hogar Lleno de Inspiraci\u00f3n<\/strong><\/h2>\n\n\n\n<p>La familia de Sandra Cueva desempe\u00f1\u00f3 un papel esencial en su camino hacia el dise\u00f1o y la arquitectura, pero fue su madre quien se convirti\u00f3 en su mayor fuente de inspiraci\u00f3n. Una mujer valiente, sin miedo a enfrentarse a proyectos grandes y desafiantes, le ense\u00f1\u00f3 con su ejemplo que la exploraci\u00f3n y el compromiso son claves para alcanzar cualquier meta. \u201cMi mam\u00e1 siempre ha sido una exploradora\u201d, comenta Sandra. \u201cDe ella aprend\u00ed a no temer a lo desconocido y a afrontar los retos con determinaci\u00f3n\u201d.   <\/p>\n\n\n\n<p>Aunque ninguno de sus padres estaba vinculado directamente al arte o la arquitectura, su padre tambi\u00e9n aport\u00f3 algo invaluable: una imaginaci\u00f3n f\u00e9rtil que marc\u00f3 a Sandra profundamente. \u201cMi pap\u00e1 tiene una habilidad especial para imaginar y so\u00f1ar\u201d, recuerda. \u201cEso me ense\u00f1\u00f3 que la creatividad puede convertir cualquier idea en algo real\u201d.  <\/p>\n\n\n\n<p>En este hogar lleno de valores complementarios, Sandra descubri\u00f3 la importancia del equilibrio entre la exploraci\u00f3n pr\u00e1ctica y el poder de so\u00f1ar en grande. Estas influencias familiares no solo moldearon su car\u00e1cter, sino que tambi\u00e9n plantaron las semillas de su pasi\u00f3n por transformar el entorno a trav\u00e9s del dise\u00f1o y la arquitectura. <\/p>\n\n\n\n<p>Este impulso la llev\u00f3 a estudiar Arquitectura en la <a href=\"https:\/\/www.pucp.edu.pe\/\">Pontificia Universidad Cat\u00f3lica del Per\u00fa<\/a> (PUCP), donde su imaginaci\u00f3n y disciplina comenzaron a converger, marcando el inicio de una carrera dedicada a crear espacios que conectan a las personas con la naturaleza y su propia humanidad.<\/p>\n\n\n\n<h2 class=\"wp-block-heading\"><strong>Explorando Nuevos Horizontes Acad\u00e9micos<\/strong><\/h2>\n\n\n\n<p>Cuando realizaba sus estudios en la PUCP, Sandra tuvo la oportunidad de realizar un intercambio acad\u00e9mico de 6 meses en la <a href=\"https:\/\/www.uniandes.edu.co\/\">Universidad de los Andes<\/a>, en Colombia, donde desarroll\u00f3 un enfoque m\u00e1s profundo hacia la sostenibilidad en el dise\u00f1o arquitect\u00f3nico. Pero su gran salto internacional lleg\u00f3 al mudarse a los Pa\u00edses Bajos, donde curs\u00f3 un pre-m\u00e1ster en Arquitectura del Paisaje en la Amsterdam Academy of Architecture. <\/p>\n\n\n\n<figure class=\"wp-block-image size-large is-resized\"><img decoding=\"async\" width=\"1024\" height=\"766\" src=\"https:\/\/peruanos.nl\/wp-content\/uploads\/2024\/11\/sandra_cueva_inside_articulo_1-1024x766.webp\" alt=\"\" class=\"wp-image-3017\" style=\"width:1170px;height:auto\" srcset=\"https:\/\/peruanos.nl\/wp-content\/uploads\/2024\/11\/sandra_cueva_inside_articulo_1-1024x766.webp 1024w, https:\/\/peruanos.nl\/wp-content\/uploads\/2024\/11\/sandra_cueva_inside_articulo_1-300x224.webp 300w, https:\/\/peruanos.nl\/wp-content\/uploads\/2024\/11\/sandra_cueva_inside_articulo_1-768x575.webp 768w, https:\/\/peruanos.nl\/wp-content\/uploads\/2024\/11\/sandra_cueva_inside_articulo_1-600x449.webp 600w, https:\/\/peruanos.nl\/wp-content\/uploads\/2024\/11\/sandra_cueva_inside_articulo_1-750x561.webp 750w, https:\/\/peruanos.nl\/wp-content\/uploads\/2024\/11\/sandra_cueva_inside_articulo_1.webp 1140w\" sizes=\"(max-width: 1024px) 100vw, 1024px\" \/><\/figure>\n\n\n\n<p>Finalmente, decidi\u00f3 llevar su formaci\u00f3n un paso m\u00e1s all\u00e1 al inscribirse en el m\u00e1ster de Dise\u00f1o de la <a href=\"https:\/\/www.wdka.nl\/\">Willem de Kooning Academy<\/a> en Rotterdam. Su enfoque actual combina el <em>Design Thinking<\/em> con paisajismo, explorando c\u00f3mo las experiencias inmersivas creadas con realidad virtual (VR) y realidad aumentada (AR) pueden transformar la relaci\u00f3n de las personas con el entorno natural. <\/p>\n\n\n\n<h2 class=\"wp-block-heading\"><strong><strong>La Vida en los Pa\u00edses Bajos: Innovaci\u00f3n con Perspectiva Andina<\/strong><\/strong><\/h2>\n\n\n\n<p>Vivir en los Pa\u00edses Bajos marc\u00f3 un cambio profundo para Sandra. Pasar de la bulliciosa Lima, con m\u00e1s de 10 millones de habitantes y su caracter\u00edstico tr\u00e1fico ca\u00f3tico, a un pa\u00eds con paisajes planos, una organizaci\u00f3n impecable y din\u00e1micas urbanas completamente distintas, le present\u00f3 un desaf\u00edo que la impuls\u00f3 a adaptarse y encontrar nuevas formas de inspiraci\u00f3n en su entorno. Sin embargo, esta experiencia tambi\u00e9n la llev\u00f3 a apreciar las soluciones de arquitectura de paisajes holandeses, especialmente en el manejo del agua y la creaci\u00f3n de espacios verdes funcionales.  <\/p>\n\n\n\n<p>Hoy en d\u00eda, Sandra trabaja en proyectos de dise\u00f1o visual y planificaci\u00f3n para \u00e1reas verdes, agua y diques. \u201cLos Pa\u00edses Bajos me han ense\u00f1ado c\u00f3mo la innovaci\u00f3n puede transformar las limitaciones naturales en oportunidades\u201d, comenta. En sus proyectos, incorpora conceptos peruanos como el respeto por la biodiversidad y la conexi\u00f3n espiritual con la tierra.  <\/p>\n\n\n\n<p><strong>La Tecnolog\u00eda Como Herramienta para el Paisajismo<\/strong><\/p>\n\n\n\n<p>Una de las \u00e1reas que Sandra est\u00e1 explorando con entusiasmo es el uso de la tecnolog\u00eda inmersiva. Su meta es crear experiencias en VR y AR que permitan a las personas interactuar con los paisajes de maneras nunca antes vistas. <\/p>\n\n\n\n<figure class=\"wp-block-image size-large is-resized\"><img decoding=\"async\" width=\"1024\" height=\"766\" src=\"https:\/\/peruanos.nl\/wp-content\/uploads\/2024\/11\/sandra_cueva_inside_articulo_6-1024x766.webp\" alt=\"\" class=\"wp-image-3020\" style=\"width:1170px;height:auto\" srcset=\"https:\/\/peruanos.nl\/wp-content\/uploads\/2024\/11\/sandra_cueva_inside_articulo_6-1024x766.webp 1024w, https:\/\/peruanos.nl\/wp-content\/uploads\/2024\/11\/sandra_cueva_inside_articulo_6-300x224.webp 300w, https:\/\/peruanos.nl\/wp-content\/uploads\/2024\/11\/sandra_cueva_inside_articulo_6-768x575.webp 768w, https:\/\/peruanos.nl\/wp-content\/uploads\/2024\/11\/sandra_cueva_inside_articulo_6-600x449.webp 600w, https:\/\/peruanos.nl\/wp-content\/uploads\/2024\/11\/sandra_cueva_inside_articulo_6-750x561.webp 750w, https:\/\/peruanos.nl\/wp-content\/uploads\/2024\/11\/sandra_cueva_inside_articulo_6.webp 1140w\" sizes=\"(max-width: 1024px) 100vw, 1024px\" \/><figcaption class=\"wp-element-caption\">Ilustraci\u00f3n hecha por Sandra Cueva para <a href=\"https:\/\/www.hnsland.nl\/projecten\/toekomstbestendige-heuvelrug-gooi-en-vechtstreek\/\">H+N+S Landscape Architects<\/a><\/figcaption><\/figure>\n\n\n\n<p>\u201cImagina recorrer virtualmente los Andes y aprender sobre sus plantas medicinales, o visualizar c\u00f3mo un proyecto de paisajismo cambiar\u00e1 un \u00e1rea urbana antes de implementarlo\u201d, describe. Esta combinaci\u00f3n de tecnolog\u00eda y dise\u00f1o no solo abre nuevas posibilidades creativas, sino que tambi\u00e9n tiene el potencial de educar y sensibilizar a las personas sobre la importancia de preservar el medio ambiente. <\/p>\n\n\n\n<p><strong><strong>Inspiraci\u00f3n y Retos en el Camino<\/strong><\/strong>.<\/p>\n\n\n\n<p>Para Sandra Cueva, la conexi\u00f3n con el entorno y el dise\u00f1o comenz\u00f3 desde su infancia, cuando ve\u00eda la tierra como un lienzo abierto para la imaginaci\u00f3n. Su amor por el dibujo y la pintura, cultivado desde temprana edad, se ha convertido en una herramienta esencial en su carrera actual. Hoy, Sandra crea visualizaciones de paisajes que no solo son funcionales, sino que tambi\u00e9n buscan invitar a la reflexi\u00f3n y fomentar una interacci\u00f3n armoniosa entre las personas y su entorno.  <\/p>\n\n\n\n<p>El trabajo de Sandra no solo transforma espacios, sino que tambi\u00e9n refleja su visi\u00f3n de un mundo donde la naturaleza y el dise\u00f1o convergen para mejorar nuestras vidas.\u201cQuiero que los peruanos y latinos sepan que sus ideas pueden tener un impacto global. No importa d\u00f3nde est\u00e9s, tu cultura y tus experiencias son valiosas\u201d, dice con firmeza.<\/p>\n\n\n\n<p>Al comparar su experiencia en Per\u00fa y los Pa\u00edses Bajos, Sandra encuentra marcadas diferencias en la forma de abordar el dise\u00f1o. En los Pa\u00edses Bajos, el \u00e9nfasis est\u00e1 en la planificaci\u00f3n a futuro y la sostenibilidad, mientras que en Per\u00fa, los proyectos a menudo responden a problemas ya existentes. Esta perspectiva le ha permitido especializarse en lo que m\u00e1s le apasiona: la representaci\u00f3n visual de paisajes. Adem\u00e1s, destaca la flexibilidad y el apoyo al crecimiento personal que ha encontrado en su entorno laboral neerland\u00e9s, donde el equilibrio entre vida profesional y personal es prioritario.   <\/p>\n\n\n\n<p><strong>Un Proyecto que Define Su Misi\u00f3n: Chinchero y el Paisajismo Sostenible<\/strong><\/p>\n\n\n\n<p>La tesis de Sandra Cueva es un reflejo de su compromiso con la sostenibilidad y la tradici\u00f3n. Centr\u00e1ndose en Chinchero, Cusco, su trabajo propone un modelo innovador para el desarrollo de la regi\u00f3n, utilizando plantas tint\u00f3reas aut\u00f3ctonas y pr\u00e1cticas de paisajismo que respetan el entorno natural. <\/p>\n\n\n\n<p>\u201cEl conocimiento ancestral de las plantas no solo nos conecta con nuestro pasado, sino que tambi\u00e9n ofrece soluciones para un futuro m\u00e1s sostenible\u201d, explica Sandra. En su propuesta, combina investigaciones cient\u00edficas sobre la biodiversidad peruana con estrategias contempor\u00e1neas de dise\u00f1o, demostrando que es posible generar un impacto positivo en las comunidades rurales sin comprometer su patrimonio cultural. <\/p>\n\n\n\n<p><strong>Per\u00fa en Cada Trazo: La Herencia Cultural<\/strong><\/p>\n\n\n\n<p>Desde peque\u00f1a, aprendi\u00f3 a valorar la conexi\u00f3n de la cultura peruana con la naturaleza y los ciclos de la tierra, un v\u00ednculo que gu\u00eda su enfoque en dise\u00f1o. \u00abLas tradiciones como el te\u00f1ido con plantas, el bordado, las festividades, el respeto por los recursos naturales y la sabidur\u00eda ancestral son aspectos que sigo promoviendo a trav\u00e9s de mis proyectos\u00bb, comenta Sandra. <\/p>\n\n\n\n<figure class=\"wp-block-image size-large is-resized\"><img loading=\"lazy\" decoding=\"async\" width=\"1024\" height=\"766\" src=\"https:\/\/peruanos.nl\/wp-content\/uploads\/2024\/11\/sandra_cueva_inside_articulo_4-1024x766.webp\" alt=\"\" class=\"wp-image-3023\" style=\"width:1170px;height:auto\" srcset=\"https:\/\/peruanos.nl\/wp-content\/uploads\/2024\/11\/sandra_cueva_inside_articulo_4-1024x766.webp 1024w, https:\/\/peruanos.nl\/wp-content\/uploads\/2024\/11\/sandra_cueva_inside_articulo_4-300x224.webp 300w, https:\/\/peruanos.nl\/wp-content\/uploads\/2024\/11\/sandra_cueva_inside_articulo_4-768x575.webp 768w, https:\/\/peruanos.nl\/wp-content\/uploads\/2024\/11\/sandra_cueva_inside_articulo_4-600x449.webp 600w, https:\/\/peruanos.nl\/wp-content\/uploads\/2024\/11\/sandra_cueva_inside_articulo_4-750x561.webp 750w, https:\/\/peruanos.nl\/wp-content\/uploads\/2024\/11\/sandra_cueva_inside_articulo_4.webp 1140w\" sizes=\"(max-width: 1024px) 100vw, 1024px\" \/><\/figure>\n\n\n\n<p>\u00abPer\u00fa es un pa\u00eds incre\u00edblemente diverso, un tesoro de ecosistemas, tradiciones y cultura. Desde su riqueza natural hasta su gente, tiene tanto que ofrecer al mundo\u00bb, comenta Sandra. Su objetivo es transmitir esa riqueza y mostrar que los peruanos no solo son herederos de una vasta cultura, sino tambi\u00e9n innovadores capaces de aportar soluciones sostenibles y creativas. <\/p>\n\n\n\n<p>A trav\u00e9s de su trabajo en dise\u00f1o y su historia personal, Sandra contribuye a enriquecer la percepci\u00f3n de los peruanos en los Pa\u00edses Bajos, destacando su compromiso con la sostenibilidad y su habilidad para combinar tradici\u00f3n y modernidad.<\/p>\n\n\n\n<p><strong>De los Andes a Europa: Talleres y Sue\u00f1os de Sandra Cueva<\/strong><\/p>\n\n\n\n<p>Sandra Cueva no solo dise\u00f1a paisajes y visualiza futuros sostenibles; tambi\u00e9n crea puentes culturales a trav\u00e9s de talleres y exposiciones que conectan Per\u00fa con Europa. Integrar sus ra\u00edces peruanas en su trabajo es una pasi\u00f3n que la lleva a explorar la identidad de cada proyecto. \u00abCuando mi mam\u00e1 me visit\u00f3, organizamos juntas un taller de bordado andino, como lo hac\u00edamos en Lima. Tambi\u00e9n he realizado workshops de pintura textil y participado en exposiciones con el colectivo <em>International Creative Women<\/em>\u00ab, comenta Sandra.   <\/p>\n\n\n\n<figure class=\"wp-block-image size-large is-resized\"><img loading=\"lazy\" decoding=\"async\" width=\"1024\" height=\"766\" src=\"https:\/\/peruanos.nl\/wp-content\/uploads\/2024\/11\/sandra_cueva_inside_articulo_5-1024x766.webp\" alt=\"\" class=\"wp-image-3026\" style=\"width:1170px;height:auto\" srcset=\"https:\/\/peruanos.nl\/wp-content\/uploads\/2024\/11\/sandra_cueva_inside_articulo_5-1024x766.webp 1024w, https:\/\/peruanos.nl\/wp-content\/uploads\/2024\/11\/sandra_cueva_inside_articulo_5-300x224.webp 300w, https:\/\/peruanos.nl\/wp-content\/uploads\/2024\/11\/sandra_cueva_inside_articulo_5-768x575.webp 768w, https:\/\/peruanos.nl\/wp-content\/uploads\/2024\/11\/sandra_cueva_inside_articulo_5-600x449.webp 600w, https:\/\/peruanos.nl\/wp-content\/uploads\/2024\/11\/sandra_cueva_inside_articulo_5-750x561.webp 750w, https:\/\/peruanos.nl\/wp-content\/uploads\/2024\/11\/sandra_cueva_inside_articulo_5.webp 1140w\" sizes=\"(max-width: 1024px) 100vw, 1024px\" \/><\/figure>\n\n\n\n<p>En cada actividad, Sandra transmite un pedazo de su Per\u00fa natal, desde los tejidos hasta los paisajes que la inspiran. Su sue\u00f1o a futuro es a\u00fan m\u00e1s ambicioso: combinar dise\u00f1o, cultura y naturaleza en proyectos globales, ense\u00f1ar t\u00e9cnicas de representaci\u00f3n visual y crear un jard\u00edn bot\u00e1nico en la Amazon\u00eda que funcione como un espacio de intercambio art\u00edstico y cient\u00edfico entre j\u00f3venes de Per\u00fa y los Pa\u00edses Bajos. <\/p>\n\n\n\n<p><strong>\u00a1Conecta con Sandra y Descubre el Poder del Dise\u00f1o Sostenible!<\/strong><\/p>\n\n\n\n<p>Sandra no solo est\u00e1 construyendo puentes entre culturas, sino que tambi\u00e9n quiere conectar contigo. Si te interesa el dise\u00f1o, la sostenibilidad o simplemente quieres saber m\u00e1s sobre su fascinante carrera, \u00a1cont\u00e1ctala y s\u00edguela en sus redes sociales! <\/p>\n\n\n\n<ul class=\"wp-block-list\">\n<li><a href=\"https:\/\/www.instagram.com\/scstudio.nl\">Instagram<\/a>: <a href=\"https:\/\/www.instagram.com\/scstudio.nl\">@scstudio.nl<\/a><\/li>\n\n\n\n<li><a href=\"https:\/\/www.linkedin.com\/in\/sandra-liliana-cueva-cortez?utm_source=share&amp;utm_campaign=share_via&amp;utm_content=profile&amp;utm_medium=ios_app\">LinkedIn<\/a> : <a href=\"https:\/\/www.linkedin.com\/in\/sandra-liliana-cueva-cortez?utm_source=share&amp;utm_campaign=share_via&amp;utm_content=profile&amp;utm_medium=ios_app\">haz clic aqu\u00ed<\/a><\/li>\n\n\n\n<li><a href=\"https:\/\/www.hnsland.nl\/en\/team\/sandra-cueva-cortez\/\">HNS<\/a>: <a href=\"https:\/\/www.hnsland.nl\/en\/team\/sandra-cueva-cortez\/\">haz clic aqu\u00ed<\/a><\/li>\n<\/ul>\n\n\n\n<p>Adem\u00e1s, nos encantar\u00eda saber qu\u00e9 opinas de su historia. \u00bfTe inspir\u00f3? \u00bfConoces a alguien m\u00e1s que est\u00e9 transformando su entorno como Sandra? D\u00e9janos un comentario, comparte este art\u00edculo con tus amigos y ay\u00fadanos a seguir celebrando a peruanos destacados alrededor del mundo.   <\/p>\n\n\n\n<p>Si est\u00e1s en los Pa\u00edses Bajos o tienes proyectos relacionados con Per\u00fa, no dudes en escribirnos a hola@peruanos.nl. \u00a1Estamos siempre en busca de nuevas historias para compartir! <\/p>\n","protected":false},"excerpt":{"rendered":"<p>Sandra Cueva, a sus 32 a\u00f1os, es mucho m\u00e1s que una arquitecta o dise\u00f1adora visual. Es una so\u00f1adora empedernida, una luchadora pero por sobre todo, es un ejemplo de c\u00f3mo las ra\u00edces culturales y la innovaci\u00f3n pueden converger para crear proyectos significativos. Desde su infancia en Lima hasta sus logros en los Pa\u00edses Bajos, su [&hellip;]<\/p>\n","protected":false},"author":1,"featured_media":3016,"comment_status":"open","ping_status":"open","sticky":false,"template":"","format":"standard","meta":{"jnews-multi-image_gallery":[],"jnews_single_post":{"format":"standard","override":[{"template":"1","parallax":"1","fullscreen":"1","layout":"right-sidebar","sidebar":"default-sidebar","second_sidebar":"default-sidebar","sticky_sidebar":"1","share_position":"top","share_float_style":"share-monocrhome","show_share_counter":"1","show_view_counter":"1","show_featured":"1","show_post_meta":"1","show_post_author":"1","show_post_author_image":"1","show_post_date":"1","post_date_format":"default","post_date_format_custom":"Y\/m\/d","show_post_category":"1","show_post_reading_time":"0","post_reading_time_wpm":"300","post_calculate_word_method":"str_word_count","show_zoom_button":"0","zoom_button_out_step":"2","zoom_button_in_step":"3","show_post_tag":"1","show_prev_next_post":"1","show_popup_post":"1","number_popup_post":"1","show_author_box":"0","show_post_related":"0","show_inline_post_related":"0"}],"image_override":[{"single_post_thumbnail_size":"crop-500","single_post_gallery_size":"crop-500"}],"trending_post_position":"meta","trending_post_label":"Trending","sponsored_post_label":"Sponsored by","disable_ad":"0"},"jnews_primary_category":[],"jnews_social_meta":[],"jnews_override_counter":{"view_counter_number":"2.3","share_counter_number":"95","like_counter_number":"116","dislike_counter_number":"0","override_view_counter":"1","override_share_counter":"1","override_dislike_counter":"0","override_like_counter":"1"},"footnotes":""},"categories":[186],"tags":[],"class_list":["post-3045","post","type-post","status-publish","format-standard","has-post-thumbnail","hentry","category-estilo-de-vida"],"_links":{"self":[{"href":"https:\/\/peruanos.nl\/es\/wp-json\/wp\/v2\/posts\/3045","targetHints":{"allow":["GET"]}}],"collection":[{"href":"https:\/\/peruanos.nl\/es\/wp-json\/wp\/v2\/posts"}],"about":[{"href":"https:\/\/peruanos.nl\/es\/wp-json\/wp\/v2\/types\/post"}],"author":[{"embeddable":true,"href":"https:\/\/peruanos.nl\/es\/wp-json\/wp\/v2\/users\/1"}],"replies":[{"embeddable":true,"href":"https:\/\/peruanos.nl\/es\/wp-json\/wp\/v2\/comments?post=3045"}],"version-history":[{"count":4,"href":"https:\/\/peruanos.nl\/es\/wp-json\/wp\/v2\/posts\/3045\/revisions"}],"predecessor-version":[{"id":3141,"href":"https:\/\/peruanos.nl\/es\/wp-json\/wp\/v2\/posts\/3045\/revisions\/3141"}],"wp:featuredmedia":[{"embeddable":true,"href":"https:\/\/peruanos.nl\/es\/wp-json\/wp\/v2\/media\/3016"}],"wp:attachment":[{"href":"https:\/\/peruanos.nl\/es\/wp-json\/wp\/v2\/media?parent=3045"}],"wp:term":[{"taxonomy":"category","embeddable":true,"href":"https:\/\/peruanos.nl\/es\/wp-json\/wp\/v2\/categories?post=3045"},{"taxonomy":"post_tag","embeddable":true,"href":"https:\/\/peruanos.nl\/es\/wp-json\/wp\/v2\/tags?post=3045"}],"curies":[{"name":"wp","href":"https:\/\/api.w.org\/{rel}","templated":true}]}}