{"id":2567,"date":"2024-11-13T18:30:00","date_gmt":"2024-11-13T17:30:00","guid":{"rendered":"https:\/\/peruanos.nl\/7-magical-peruvian-festivals-you-must-experience-at-least-once\/"},"modified":"2024-11-12T13:07:15","modified_gmt":"2024-11-12T12:07:15","slug":"7-magical-peruvian-festivals-you-must-experience-at-least-once","status":"publish","type":"post","link":"https:\/\/peruanos.nl\/es\/7-magical-peruvian-festivals-you-must-experience-at-least-once\/","title":{"rendered":"7 Festividades M\u00e1gicas de Per\u00fa que Deber\u00edas Vivir al Menos una Vez"},"content":{"rendered":"\n<p>Per\u00fa es un pa\u00eds lleno de misticismo, historia y una cultura viva que se refleja en sus festividades. Cada celebraci\u00f3n peruana lleva consigo un legado de siglos, uniendo rituales ancestrales y tradiciones que despiertan orgullo y pasi\u00f3n en los peruanos. Estos festejos no solo son un espect\u00e1culo visual, sino una invitaci\u00f3n a todos los visitantes a experimentar la calidez de una tierra que recibe con los brazos abiertos. <strong>Desde los ritos sagrados del Inti Raymi en Cusco hasta las vibrantes danzas de la Virgen de la Candelaria en Puno, cada festividad te har\u00e1 sentir bienvenido, conectado y maravillado por el esp\u00edritu de esta naci\u00f3n<\/strong>. \u00bfListo para sumergirte en estas celebraciones \u00fanicas?<\/p>\n\n\n\n<h2 class=\"wp-block-heading\">1. Inti Raymi \u2013 La Fiesta del Sol en Cusco<\/h2>\n\n\n\n<ul class=\"wp-block-list\">\n<li><strong>Fecha<\/strong>: 24 de junio<\/li>\n\n\n\n<li><strong>Lugar<\/strong>: Cusco, en la fortaleza de Sacsayhuam\u00e1n<\/li>\n\n\n\n<li><strong>Qu\u00e9 esperar<\/strong>: El Inti Raymi, que significa \u201cFiesta del Sol\u201d en quechua, es un homenaje al dios Sol, tal como lo celebraban los incas. Este evento ancestral revive los rituales en los que Cusco entera se convierte en escenario de una majestuosa ceremonia, con trajes tradicionales y ofrendas a la madre tierra.<\/li>\n\n\n\n<li><strong>Danzas y gastronom\u00eda<\/strong>: Durante el Inti Raymi, ver\u00e1s danzas andinas y coloridos trajes que recrean las antiguas procesiones incas. No te pierdas el <em>rocoto relleno<\/em> y la <em>chicha de jora<\/em>, una bebida fermentada t\u00edpica de la regi\u00f3n.<\/li>\n<\/ul>\n\n\n\n<figure class=\"wp-block-image size-full is-resized\"><img fetchpriority=\"high\" decoding=\"async\" width=\"612\" height=\"404\" src=\"https:\/\/peruanos.nl\/wp-content\/uploads\/2024\/09\/inti_raymi_1_medium_article.webp\" alt=\"\" class=\"wp-image-2496\" style=\"width:1170px;height:auto\" srcset=\"https:\/\/peruanos.nl\/wp-content\/uploads\/2024\/09\/inti_raymi_1_medium_article.webp 612w, https:\/\/peruanos.nl\/wp-content\/uploads\/2024\/09\/inti_raymi_1_medium_article-300x198.webp 300w, https:\/\/peruanos.nl\/wp-content\/uploads\/2024\/09\/inti_raymi_1_medium_article-600x396.webp 600w\" sizes=\"(max-width: 612px) 100vw, 612px\" \/><\/figure>\n\n\n\n<figure class=\"wp-block-image size-full is-resized\"><img decoding=\"async\" width=\"612\" height=\"404\" src=\"https:\/\/peruanos.nl\/wp-content\/uploads\/2024\/09\/inti_raymi_3_medium_article.webp\" alt=\"\" class=\"wp-image-2499\" style=\"width:1170px;height:auto\" srcset=\"https:\/\/peruanos.nl\/wp-content\/uploads\/2024\/09\/inti_raymi_3_medium_article.webp 612w, https:\/\/peruanos.nl\/wp-content\/uploads\/2024\/09\/inti_raymi_3_medium_article-300x198.webp 300w, https:\/\/peruanos.nl\/wp-content\/uploads\/2024\/09\/inti_raymi_3_medium_article-600x396.webp 600w\" sizes=\"(max-width: 612px) 100vw, 612px\" \/><\/figure>\n\n\n\n<figure class=\"wp-block-image size-full is-resized\"><img decoding=\"async\" width=\"612\" height=\"404\" src=\"https:\/\/peruanos.nl\/wp-content\/uploads\/2024\/09\/inti_raymi_2_medium_article.webp\" alt=\"\" class=\"wp-image-2542\" style=\"width:1170px;height:auto\" srcset=\"https:\/\/peruanos.nl\/wp-content\/uploads\/2024\/09\/inti_raymi_2_medium_article.webp 612w, https:\/\/peruanos.nl\/wp-content\/uploads\/2024\/09\/inti_raymi_2_medium_article-300x198.webp 300w, https:\/\/peruanos.nl\/wp-content\/uploads\/2024\/09\/inti_raymi_2_medium_article-600x396.webp 600w\" sizes=\"(max-width: 612px) 100vw, 612px\" \/><\/figure>\n\n\n\n<h2 class=\"wp-block-heading\">2. Virgen de la Candelaria \u2013 Devoci\u00f3n y Danza en Puno<\/h2>\n\n\n\n<ul class=\"wp-block-list\">\n<li><strong>Fecha<\/strong>: Del 1 al 15 de febrero<\/li>\n\n\n\n<li><strong>Lugar<\/strong>: Puno, a orillas del Lago Titicaca<\/li>\n\n\n\n<li><strong>Qu\u00e9 esperar<\/strong>: Esta festividad en honor a la Virgen de la Candelaria combina devoci\u00f3n y folclore en una celebraci\u00f3n donde participan miles de bailarines y m\u00fasicos. La ciudad se llena de danzas tradicionales que representan tanto las creencias cat\u00f3licas como las tradiciones aymaras y quechuas.<\/li>\n\n\n\n<li><strong>Danzas y gastronom\u00eda<\/strong>: Las comparsas de danzas, como la <em>diablada<\/em> y la <em>morenada<\/em>, son ic\u00f3nicas. La gastronom\u00eda incluye el <em>chicharr\u00f3n de alpaca<\/em> y el <em>pesque de quinua<\/em>, una delicia para quienes deseen probar lo mejor de la cocina pune\u00f1a.<\/li>\n<\/ul>\n\n\n\n<figure class=\"wp-block-image size-full is-resized\"><img loading=\"lazy\" decoding=\"async\" width=\"612\" height=\"404\" src=\"https:\/\/peruanos.nl\/wp-content\/uploads\/2024\/09\/virgen_de_la_candelaria_1_medium_article.webp\" alt=\"\" class=\"wp-image-2502\" style=\"width:1170px;height:auto\" srcset=\"https:\/\/peruanos.nl\/wp-content\/uploads\/2024\/09\/virgen_de_la_candelaria_1_medium_article.webp 612w, https:\/\/peruanos.nl\/wp-content\/uploads\/2024\/09\/virgen_de_la_candelaria_1_medium_article-300x198.webp 300w, https:\/\/peruanos.nl\/wp-content\/uploads\/2024\/09\/virgen_de_la_candelaria_1_medium_article-600x396.webp 600w\" sizes=\"(max-width: 612px) 100vw, 612px\" \/><\/figure>\n\n\n\n<figure class=\"wp-block-image size-full is-resized\"><img loading=\"lazy\" decoding=\"async\" width=\"612\" height=\"404\" src=\"https:\/\/peruanos.nl\/wp-content\/uploads\/2024\/09\/virgen_de_la_candelaria_3_medium_article.webp\" alt=\"\" class=\"wp-image-2505\" style=\"width:1170px;height:auto\" srcset=\"https:\/\/peruanos.nl\/wp-content\/uploads\/2024\/09\/virgen_de_la_candelaria_3_medium_article.webp 612w, https:\/\/peruanos.nl\/wp-content\/uploads\/2024\/09\/virgen_de_la_candelaria_3_medium_article-300x198.webp 300w, https:\/\/peruanos.nl\/wp-content\/uploads\/2024\/09\/virgen_de_la_candelaria_3_medium_article-600x396.webp 600w\" sizes=\"(max-width: 612px) 100vw, 612px\" \/><\/figure>\n\n\n\n<figure class=\"wp-block-image size-full is-resized\"><img loading=\"lazy\" decoding=\"async\" width=\"612\" height=\"404\" src=\"https:\/\/peruanos.nl\/wp-content\/uploads\/2024\/09\/virgen_de_la_candelaria_2_medium_article.webp\" alt=\"\" class=\"wp-image-2545\" style=\"width:1170px;height:auto\" srcset=\"https:\/\/peruanos.nl\/wp-content\/uploads\/2024\/09\/virgen_de_la_candelaria_2_medium_article.webp 612w, https:\/\/peruanos.nl\/wp-content\/uploads\/2024\/09\/virgen_de_la_candelaria_2_medium_article-300x198.webp 300w, https:\/\/peruanos.nl\/wp-content\/uploads\/2024\/09\/virgen_de_la_candelaria_2_medium_article-600x396.webp 600w\" sizes=\"(max-width: 612px) 100vw, 612px\" \/><\/figure>\n\n\n\n<h2 class=\"wp-block-heading\">3. Carnaval de Cajamarca \u2013 Color y Tradici\u00f3n en los Andes<\/h2>\n\n\n\n<ul class=\"wp-block-list\">\n<li><strong>Fecha<\/strong>: Febrero o marzo, antes de la Cuaresma<\/li>\n\n\n\n<li><strong>Lugar<\/strong>: Cajamarca<\/li>\n\n\n\n<li><strong>Qu\u00e9 esperar<\/strong>: El Carnaval de Cajamarca es conocido como el carnaval m\u00e1s alegre y tradicional del Per\u00fa. Con comparsas, disfraces, y juegos con agua, esta festividad representa el esp\u00edritu festivo de los cajamarquinos, quienes salen a las calles para celebrar con bailes y canciones t\u00edpicas.<\/li>\n\n\n\n<li><strong>Danzas y gastronom\u00eda<\/strong>: Las comparsas danzan al ritmo de los cajones y guitarras, mientras disfrutan del cl\u00e1sico <em>juane<\/em> y <em>ceviche de trucha<\/em>, adem\u00e1s de bebidas t\u00edpicas como la <em>chicha de jora<\/em>.<\/li>\n<\/ul>\n\n\n\n<figure class=\"wp-block-image size-full is-resized\"><img loading=\"lazy\" decoding=\"async\" width=\"612\" height=\"404\" src=\"https:\/\/peruanos.nl\/wp-content\/uploads\/2024\/09\/carnaval_cajamarquino_1_medium_article.webp\" alt=\"\" class=\"wp-image-2508\" style=\"width:1170px;height:auto\" srcset=\"https:\/\/peruanos.nl\/wp-content\/uploads\/2024\/09\/carnaval_cajamarquino_1_medium_article.webp 612w, https:\/\/peruanos.nl\/wp-content\/uploads\/2024\/09\/carnaval_cajamarquino_1_medium_article-300x198.webp 300w, https:\/\/peruanos.nl\/wp-content\/uploads\/2024\/09\/carnaval_cajamarquino_1_medium_article-600x396.webp 600w\" sizes=\"(max-width: 612px) 100vw, 612px\" \/><\/figure>\n\n\n\n<figure class=\"wp-block-image size-full is-resized\"><img loading=\"lazy\" decoding=\"async\" width=\"612\" height=\"404\" src=\"https:\/\/peruanos.nl\/wp-content\/uploads\/2024\/09\/carnaval_cajamarquino_2_medium_article.webp\" alt=\"\" class=\"wp-image-2548\" style=\"width:1170px;height:auto\" srcset=\"https:\/\/peruanos.nl\/wp-content\/uploads\/2024\/09\/carnaval_cajamarquino_2_medium_article.webp 612w, https:\/\/peruanos.nl\/wp-content\/uploads\/2024\/09\/carnaval_cajamarquino_2_medium_article-300x198.webp 300w, https:\/\/peruanos.nl\/wp-content\/uploads\/2024\/09\/carnaval_cajamarquino_2_medium_article-600x396.webp 600w\" sizes=\"(max-width: 612px) 100vw, 612px\" \/><\/figure>\n\n\n\n<figure class=\"wp-block-image size-full is-resized\"><img loading=\"lazy\" decoding=\"async\" width=\"612\" height=\"404\" src=\"https:\/\/peruanos.nl\/wp-content\/uploads\/2024\/09\/carnaval_cajamarquino_3_medium_article.webp\" alt=\"\" class=\"wp-image-2511\" style=\"width:1170px;height:auto\" srcset=\"https:\/\/peruanos.nl\/wp-content\/uploads\/2024\/09\/carnaval_cajamarquino_3_medium_article.webp 612w, https:\/\/peruanos.nl\/wp-content\/uploads\/2024\/09\/carnaval_cajamarquino_3_medium_article-300x198.webp 300w, https:\/\/peruanos.nl\/wp-content\/uploads\/2024\/09\/carnaval_cajamarquino_3_medium_article-600x396.webp 600w\" sizes=\"(max-width: 612px) 100vw, 612px\" \/><\/figure>\n\n\n\n<h2 class=\"wp-block-heading\">4. Festival de la Vendimia \u2013 La Fiesta del Vino en Ica<\/h2>\n\n\n\n<ul class=\"wp-block-list\">\n<li><strong>Fecha<\/strong>: Primera semana de marzo<\/li>\n\n\n\n<li><strong>Lugar<\/strong>: Ica<\/li>\n\n\n\n<li><strong>Qu\u00e9 esperar<\/strong>: En la primera semana de marzo, Ica celebra la Vendimia, una festividad en honor a la cosecha de la uva, donde se destaca la producci\u00f3n de vinos y piscos peruanos. La celebraci\u00f3n incluye desfiles, danzas y la tradicional pisa de uva, que simboliza la alegr\u00eda y el trabajo de los productores de la regi\u00f3n.<\/li>\n\n\n\n<li><strong>Danzas y gastronom\u00eda<\/strong>: Adem\u00e1s de presenciar danzas como la <em>marinera ique\u00f1a<\/em>, podr\u00e1s disfrutar del mejor <em>pisco sour<\/em> y una variada degustaci\u00f3n de piscos y vinos locales, as\u00ed como de platos t\u00edpicos como la <em>carapulcra<\/em> y la <em>sopa seca<\/em>.<\/li>\n<\/ul>\n\n\n\n<figure class=\"wp-block-image size-full is-resized\"><img loading=\"lazy\" decoding=\"async\" width=\"612\" height=\"404\" src=\"https:\/\/peruanos.nl\/wp-content\/uploads\/2024\/09\/vendimia_ica_1_medium_article.webp\" alt=\"\" class=\"wp-image-2516\" style=\"width:1170px;height:auto\" srcset=\"https:\/\/peruanos.nl\/wp-content\/uploads\/2024\/09\/vendimia_ica_1_medium_article.webp 612w, https:\/\/peruanos.nl\/wp-content\/uploads\/2024\/09\/vendimia_ica_1_medium_article-300x198.webp 300w, https:\/\/peruanos.nl\/wp-content\/uploads\/2024\/09\/vendimia_ica_1_medium_article-600x396.webp 600w\" sizes=\"(max-width: 612px) 100vw, 612px\" \/><\/figure>\n\n\n\n<figure class=\"wp-block-image size-full is-resized\"><img loading=\"lazy\" decoding=\"async\" width=\"612\" height=\"404\" src=\"https:\/\/peruanos.nl\/wp-content\/uploads\/2024\/09\/vendimia_ica_2_medium_article.webp\" alt=\"\" class=\"wp-image-2519\" style=\"width:1170px;height:auto\" srcset=\"https:\/\/peruanos.nl\/wp-content\/uploads\/2024\/09\/vendimia_ica_2_medium_article.webp 612w, https:\/\/peruanos.nl\/wp-content\/uploads\/2024\/09\/vendimia_ica_2_medium_article-300x198.webp 300w, https:\/\/peruanos.nl\/wp-content\/uploads\/2024\/09\/vendimia_ica_2_medium_article-600x396.webp 600w\" sizes=\"(max-width: 612px) 100vw, 612px\" \/><\/figure>\n\n\n\n<figure class=\"wp-block-image size-full is-resized\"><img loading=\"lazy\" decoding=\"async\" width=\"612\" height=\"404\" src=\"https:\/\/peruanos.nl\/wp-content\/uploads\/2024\/09\/vendimia_ica_3_medium_article.webp\" alt=\"\" class=\"wp-image-2551\" style=\"width:1170px;height:auto\" srcset=\"https:\/\/peruanos.nl\/wp-content\/uploads\/2024\/09\/vendimia_ica_3_medium_article.webp 612w, https:\/\/peruanos.nl\/wp-content\/uploads\/2024\/09\/vendimia_ica_3_medium_article-300x198.webp 300w, https:\/\/peruanos.nl\/wp-content\/uploads\/2024\/09\/vendimia_ica_3_medium_article-600x396.webp 600w\" sizes=\"(max-width: 612px) 100vw, 612px\" \/><\/figure>\n\n\n\n<h2 class=\"wp-block-heading\">5. Festival de la Marinera \u2013 La Elegancia del Baile Nacional en Trujillo<\/h2>\n\n\n\n<ul class=\"wp-block-list\">\n<li><strong>Fecha<\/strong>: \u00daltima semana de enero<\/li>\n\n\n\n<li><strong>Lugar<\/strong>: Trujillo<\/li>\n\n\n\n<li><strong>Qu\u00e9 esperar<\/strong>: En este festival, la ciudad de Trujillo se viste de gala para recibir a los mejores bailarines de Marinera, el baile nacional del Per\u00fa. Las parejas, con sus pa\u00f1uelos en alto, representan el romance y el orgullo cultural peruano.<\/li>\n\n\n\n<li><strong>Danzas y gastronom\u00eda<\/strong>: La <em>marinera norte\u00f1a<\/em> es el centro de atenci\u00f3n, un baile que destaca por su elegancia y destreza. Trujillo ofrece su especialidad culinaria, como el <em>sh\u00e1mbar<\/em> (una sopa tradicional de lunes) y la <em>causa trujillana<\/em>, un platillo lleno de sabor coste\u00f1o.<\/li>\n<\/ul>\n\n\n\n<figure class=\"wp-block-image size-full is-resized\"><img loading=\"lazy\" decoding=\"async\" width=\"612\" height=\"404\" src=\"https:\/\/peruanos.nl\/wp-content\/uploads\/2024\/09\/festival_marinera_4_medium_article.webp\" alt=\"\" class=\"wp-image-2522\" style=\"width:1170px;height:auto\" srcset=\"https:\/\/peruanos.nl\/wp-content\/uploads\/2024\/09\/festival_marinera_4_medium_article.webp 612w, https:\/\/peruanos.nl\/wp-content\/uploads\/2024\/09\/festival_marinera_4_medium_article-300x198.webp 300w, https:\/\/peruanos.nl\/wp-content\/uploads\/2024\/09\/festival_marinera_4_medium_article-600x396.webp 600w\" sizes=\"(max-width: 612px) 100vw, 612px\" \/><\/figure>\n\n\n\n<figure class=\"wp-block-image size-full is-resized\"><img loading=\"lazy\" decoding=\"async\" width=\"612\" height=\"404\" src=\"https:\/\/peruanos.nl\/wp-content\/uploads\/2024\/09\/festival_marinera_2_medium_article.webp\" alt=\"\" class=\"wp-image-2525\" style=\"width:1170px;height:auto\" srcset=\"https:\/\/peruanos.nl\/wp-content\/uploads\/2024\/09\/festival_marinera_2_medium_article.webp 612w, https:\/\/peruanos.nl\/wp-content\/uploads\/2024\/09\/festival_marinera_2_medium_article-300x198.webp 300w, https:\/\/peruanos.nl\/wp-content\/uploads\/2024\/09\/festival_marinera_2_medium_article-600x396.webp 600w\" sizes=\"(max-width: 612px) 100vw, 612px\" \/><\/figure>\n\n\n\n<figure class=\"wp-block-image size-full is-resized\"><img loading=\"lazy\" decoding=\"async\" width=\"612\" height=\"404\" src=\"https:\/\/peruanos.nl\/wp-content\/uploads\/2024\/09\/festival_marinera_5_medium_article.webp\" alt=\"\" class=\"wp-image-2554\" style=\"width:1170px;height:auto\" srcset=\"https:\/\/peruanos.nl\/wp-content\/uploads\/2024\/09\/festival_marinera_5_medium_article.webp 612w, https:\/\/peruanos.nl\/wp-content\/uploads\/2024\/09\/festival_marinera_5_medium_article-300x198.webp 300w, https:\/\/peruanos.nl\/wp-content\/uploads\/2024\/09\/festival_marinera_5_medium_article-600x396.webp 600w\" sizes=\"(max-width: 612px) 100vw, 612px\" \/><\/figure>\n\n\n\n<h2 class=\"wp-block-heading\">6. Qoyllur Rit&#8217;i \u2013 Un Viaje Espiritual en las Alturas de los Andes<\/h2>\n\n\n\n<ul class=\"wp-block-list\">\n<li><strong>Fecha<\/strong>: Mayo o junio, durante la luna llena<\/li>\n\n\n\n<li><strong>Lugar<\/strong>: Santuario de Sinakara, Cusco<\/li>\n\n\n\n<li><strong>Qu\u00e9 esperar<\/strong>: Este es uno de los peregrinajes m\u00e1s antiguos y espirituales de los Andes, donde miles de personas caminan hasta el Santuario de Sinakara para rendir homenaje a sus dioses y pedir protecci\u00f3n para el pr\u00f3ximo a\u00f1o. La festividad mezcla tradiciones andinas y cristianas en un entorno natural asombroso.<\/li>\n\n\n\n<li><strong>Danzas y gastronom\u00eda<\/strong>: La peregrinaci\u00f3n incluye danzas tradicionales como el <em>ch\u2019unchus<\/em> y <em>maqtas<\/em>. En las zonas aleda\u00f1as podr\u00e1s probar platos andinos como el <em>chu\u00f1o<\/em> y el <em>pachamanca<\/em>, preparados para dar fortaleza en este viaje espiritual.<\/li>\n<\/ul>\n\n\n\n<figure class=\"wp-block-image size-full is-resized\"><img loading=\"lazy\" decoding=\"async\" width=\"612\" height=\"404\" src=\"https:\/\/peruanos.nl\/wp-content\/uploads\/2024\/09\/qoyllur_riti_1_medium_article.webp\" alt=\"\" class=\"wp-image-2528\" style=\"width:1170px;height:auto\" srcset=\"https:\/\/peruanos.nl\/wp-content\/uploads\/2024\/09\/qoyllur_riti_1_medium_article.webp 612w, https:\/\/peruanos.nl\/wp-content\/uploads\/2024\/09\/qoyllur_riti_1_medium_article-300x198.webp 300w, https:\/\/peruanos.nl\/wp-content\/uploads\/2024\/09\/qoyllur_riti_1_medium_article-600x396.webp 600w\" sizes=\"(max-width: 612px) 100vw, 612px\" \/><\/figure>\n\n\n\n<figure class=\"wp-block-image size-full is-resized\"><img loading=\"lazy\" decoding=\"async\" width=\"612\" height=\"404\" src=\"https:\/\/peruanos.nl\/wp-content\/uploads\/2024\/09\/qoyllur_riti_3_medium_article.webp\" alt=\"\" class=\"wp-image-2531\" style=\"width:1170px;height:auto\" srcset=\"https:\/\/peruanos.nl\/wp-content\/uploads\/2024\/09\/qoyllur_riti_3_medium_article.webp 612w, https:\/\/peruanos.nl\/wp-content\/uploads\/2024\/09\/qoyllur_riti_3_medium_article-300x198.webp 300w, https:\/\/peruanos.nl\/wp-content\/uploads\/2024\/09\/qoyllur_riti_3_medium_article-600x396.webp 600w\" sizes=\"(max-width: 612px) 100vw, 612px\" \/><\/figure>\n\n\n\n<figure class=\"wp-block-image size-full is-resized\"><img loading=\"lazy\" decoding=\"async\" width=\"612\" height=\"404\" src=\"https:\/\/peruanos.nl\/wp-content\/uploads\/2024\/09\/qoyllur_riti_4_medium_article.webp\" alt=\"\" class=\"wp-image-2557\" style=\"width:1170px;height:auto\" srcset=\"https:\/\/peruanos.nl\/wp-content\/uploads\/2024\/09\/qoyllur_riti_4_medium_article.webp 612w, https:\/\/peruanos.nl\/wp-content\/uploads\/2024\/09\/qoyllur_riti_4_medium_article-300x198.webp 300w, https:\/\/peruanos.nl\/wp-content\/uploads\/2024\/09\/qoyllur_riti_4_medium_article-600x396.webp 600w\" sizes=\"(max-width: 612px) 100vw, 612px\" \/><\/figure>\n\n\n\n<h2 class=\"wp-block-heading\">7. Fiesta de San Juan \u2013 La Celebraci\u00f3n Amaz\u00f3nica del Agua y la Vida<\/h2>\n\n\n\n<ul class=\"wp-block-list\">\n<li><strong>Fecha<\/strong>: 24 de junio<\/li>\n\n\n\n<li><strong>Lugar<\/strong>: Regiones de la Amazon\u00eda peruana, especialmente Iquitos y Tarapoto<\/li>\n\n\n\n<li><strong>Qu\u00e9 esperar<\/strong>: La Fiesta de San Juan en la Amazon\u00eda celebra la vida y la naturaleza en honor a San Juan Bautista. Durante esta fiesta, las comunidades amaz\u00f3nicas decoran sus calles y participan en danzas tradicionales.<\/li>\n\n\n\n<li><strong>Danzas y gastronom\u00eda<\/strong>: Las danzas al son de tambores y flautas amaz\u00f3nicas son el centro de la festividad. El plato principal es el <em>juane<\/em>, una mezcla de arroz, carne y especias, envuelto en hojas de bijao.<\/li>\n<\/ul>\n\n\n\n<figure class=\"wp-block-image size-full is-resized\"><img loading=\"lazy\" decoding=\"async\" width=\"612\" height=\"404\" src=\"https:\/\/peruanos.nl\/wp-content\/uploads\/2024\/09\/fiesta_de_san_juan_1_medium_article.webp\" alt=\"\" class=\"wp-image-2534\" style=\"width:1170px;height:auto\" srcset=\"https:\/\/peruanos.nl\/wp-content\/uploads\/2024\/09\/fiesta_de_san_juan_1_medium_article.webp 612w, https:\/\/peruanos.nl\/wp-content\/uploads\/2024\/09\/fiesta_de_san_juan_1_medium_article-300x198.webp 300w, https:\/\/peruanos.nl\/wp-content\/uploads\/2024\/09\/fiesta_de_san_juan_1_medium_article-600x396.webp 600w\" sizes=\"(max-width: 612px) 100vw, 612px\" \/><\/figure>\n\n\n\n<figure class=\"wp-block-image size-full is-resized\"><img loading=\"lazy\" decoding=\"async\" width=\"612\" height=\"404\" src=\"https:\/\/peruanos.nl\/wp-content\/uploads\/2024\/09\/fiesta_de_san_juan_2_medium_article.webp\" alt=\"\" class=\"wp-image-2560\" style=\"width:1170px;height:auto\" srcset=\"https:\/\/peruanos.nl\/wp-content\/uploads\/2024\/09\/fiesta_de_san_juan_2_medium_article.webp 612w, https:\/\/peruanos.nl\/wp-content\/uploads\/2024\/09\/fiesta_de_san_juan_2_medium_article-300x198.webp 300w, https:\/\/peruanos.nl\/wp-content\/uploads\/2024\/09\/fiesta_de_san_juan_2_medium_article-600x396.webp 600w\" sizes=\"(max-width: 612px) 100vw, 612px\" \/><\/figure>\n\n\n\n<figure class=\"wp-block-image size-full is-resized\"><img loading=\"lazy\" decoding=\"async\" width=\"612\" height=\"404\" src=\"https:\/\/peruanos.nl\/wp-content\/uploads\/2024\/09\/fiesta_de_san_juan_3_medium_article.webp\" alt=\"\" class=\"wp-image-2537\" style=\"width:1170px;height:auto\" srcset=\"https:\/\/peruanos.nl\/wp-content\/uploads\/2024\/09\/fiesta_de_san_juan_3_medium_article.webp 612w, https:\/\/peruanos.nl\/wp-content\/uploads\/2024\/09\/fiesta_de_san_juan_3_medium_article-300x198.webp 300w, https:\/\/peruanos.nl\/wp-content\/uploads\/2024\/09\/fiesta_de_san_juan_3_medium_article-600x396.webp 600w\" sizes=\"(max-width: 612px) 100vw, 612px\" \/><\/figure>\n\n\n\n<p>Las festividades en Per\u00fa son mucho m\u00e1s que fechas en un calendario: <strong>son la esencia de una cultura viva y apasionada que invita al mundo entero a conocer su misticismo, sus creencias y su hospitalidad.<\/strong> Vivir estas celebraciones no solo te permite conectar con la cultura peruana, sino tambi\u00e9n experimentar el orgullo de un pueblo que abraza con amor sus tradiciones.<\/p>\n\n\n\n<p>\u00bfAlguna vez has participado en una de estas festividades? \u00bfO eres oriundo de alguno de estos lugares y tienes una an\u00e9cdota especial que contar? \u00a1Nos encantar\u00eda conocer tus experiencias! D\u00e9janos tus comentarios y comparte este art\u00edculo con amigos o familiares que tambi\u00e9n amen la cultura peruana. \u00a1Invita a todos a descubrir la <strong>magia de Per\u00fa!<\/strong><\/p>\n","protected":false},"excerpt":{"rendered":"<p>Per\u00fa es un pa\u00eds lleno de misticismo, historia y una cultura viva que se refleja en sus festividades. Cada celebraci\u00f3n peruana lleva consigo un legado de siglos, uniendo rituales ancestrales y tradiciones que despiertan orgullo y pasi\u00f3n en los peruanos. Estos festejos no solo son un espect\u00e1culo visual, sino una invitaci\u00f3n a todos los visitantes [&hellip;]<\/p>\n","protected":false},"author":3,"featured_media":2494,"comment_status":"open","ping_status":"open","sticky":false,"template":"","format":"standard","meta":{"jnews-multi-image_gallery":[],"jnews_single_post":{"format":"standard","override":[{"template":"1","parallax":"1","fullscreen":"1","layout":"right-sidebar","sidebar":"default-sidebar","second_sidebar":"default-sidebar","sticky_sidebar":"1","share_position":"top","share_float_style":"share-monocrhome","show_share_counter":"1","show_view_counter":"1","show_featured":"1","show_post_meta":"1","show_post_author":"1","show_post_author_image":"1","show_post_date":"1","post_date_format":"default","post_date_format_custom":"Y\/m\/d","show_post_category":"1","show_post_reading_time":"0","post_reading_time_wpm":"300","post_calculate_word_method":"str_word_count","show_zoom_button":"0","zoom_button_out_step":"2","zoom_button_in_step":"3","show_post_tag":"1","show_prev_next_post":"1","show_popup_post":"1","number_popup_post":"1","show_author_box":"0","show_post_related":"0","show_inline_post_related":"0"}],"image_override":[{"single_post_thumbnail_size":"crop-500","single_post_gallery_size":"crop-500"}],"trending_post_position":"meta","trending_post_label":"Trending","sponsored_post_label":"Sponsored by","disable_ad":"0"},"jnews_primary_category":{"id":"50"},"jnews_social_meta":[],"jnews_override_counter":{"view_counter_number":"0","share_counter_number":"0","like_counter_number":"0","dislike_counter_number":"0"},"footnotes":""},"categories":[176],"tags":[],"class_list":["post-2567","post","type-post","status-publish","format-standard","has-post-thumbnail","hentry","category-viajes-es"],"_links":{"self":[{"href":"https:\/\/peruanos.nl\/es\/wp-json\/wp\/v2\/posts\/2567","targetHints":{"allow":["GET"]}}],"collection":[{"href":"https:\/\/peruanos.nl\/es\/wp-json\/wp\/v2\/posts"}],"about":[{"href":"https:\/\/peruanos.nl\/es\/wp-json\/wp\/v2\/types\/post"}],"author":[{"embeddable":true,"href":"https:\/\/peruanos.nl\/es\/wp-json\/wp\/v2\/users\/3"}],"replies":[{"embeddable":true,"href":"https:\/\/peruanos.nl\/es\/wp-json\/wp\/v2\/comments?post=2567"}],"version-history":[{"count":2,"href":"https:\/\/peruanos.nl\/es\/wp-json\/wp\/v2\/posts\/2567\/revisions"}],"predecessor-version":[{"id":2573,"href":"https:\/\/peruanos.nl\/es\/wp-json\/wp\/v2\/posts\/2567\/revisions\/2573"}],"wp:featuredmedia":[{"embeddable":true,"href":"https:\/\/peruanos.nl\/es\/wp-json\/wp\/v2\/media\/2494"}],"wp:attachment":[{"href":"https:\/\/peruanos.nl\/es\/wp-json\/wp\/v2\/media?parent=2567"}],"wp:term":[{"taxonomy":"category","embeddable":true,"href":"https:\/\/peruanos.nl\/es\/wp-json\/wp\/v2\/categories?post=2567"},{"taxonomy":"post_tag","embeddable":true,"href":"https:\/\/peruanos.nl\/es\/wp-json\/wp\/v2\/tags?post=2567"}],"curies":[{"name":"wp","href":"https:\/\/api.w.org\/{rel}","templated":true}]}}