{"id":2358,"date":"2024-11-08T18:03:20","date_gmt":"2024-11-08T17:03:20","guid":{"rendered":"https:\/\/peruanos.nl\/?p=2358"},"modified":"2024-11-08T19:28:57","modified_gmt":"2024-11-08T18:28:57","slug":"ernesto-ciencia-pasion-y-ritmos-peruanos-en-los-paises-bajos","status":"publish","type":"post","link":"https:\/\/peruanos.nl\/es\/ernesto-ciencia-pasion-y-ritmos-peruanos-en-los-paises-bajos\/","title":{"rendered":"Ernesto: Ciencia, Pasi\u00f3n y Ritmos Peruanos en los Pa\u00edses Bajos"},"content":{"rendered":"\n<p><strong>Ernesto Emilio Gonzales Huaman<\/strong> naci\u00f3 en el distrito de <strong>Comas<\/strong>, uno de los distritos m\u00e1s representativos y trabajadores de Lima, en 1992. Su vida discurr\u00eda entre mercados y risas infantiles en la calle. Los primeros 14 a\u00f1os de su vida transcurrieron en ese ambiente lleno de vitalidad, marcado por partidos de f\u00fatbol en la v\u00eda p\u00fablica con amigos, donde cualquier port\u00f3n de metal se convert\u00eda en el arco de gol y los \u201cbaldazos de agua fr\u00eda\u201d de aquellos que cuidaban sus portones convertidos en arcos improvisados. <em>\u201cNo volver\u00eda a vivir ah\u00ed de adulto, pero de ni\u00f1o me sent\u00eda como en casa<\/em>\u201d, rememora con cari\u00f1o. Despu\u00e9s, la familia se mud\u00f3 a Chaclacayo, una zona m\u00e1s tranquila, donde experiment\u00f3 un cambio radical de entorno \u201c<em>De ni\u00f1o sent\u00eda que mi barrio era el mundo<\/em>\u201d, recuerda.<\/p>\n\n\n\n<p>Estudi\u00f3 en varios colegios de Comas hasta que, en cuarto de primaria, ingres\u00f3 a <strong><a href=\"https:\/\/lacasadecarton.edu.pe\/\">\u201cLa Casa de Cart\u00f3n\u201d<\/a><\/strong>, un colegio alternativo ubicado en <strong>Chorrillos.<\/strong> La educaci\u00f3n y la creatividad se integraron en su formaci\u00f3n, d\u00e1ndole la oportunidad de so\u00f1ar en grande. Su constancia y el sacrificio de sus padres para que asistiera a este colegio especial lo impulsaron a alcanzar su primera gran meta: una beca para estudiar el <strong>Bachillerato Internacional<\/strong> en Estados Unidos, en una escuela que albergaba a estudiantes de m\u00e1s de 80 pa\u00edses. <em>\u201cFue una experiencia incre\u00edble en lo personal<\/em>\u201d, comenta Ernesto.<\/p>\n\n\n\n<h3 class=\"wp-block-heading\">De las Calles de Comas a la Ingenier\u00eda Electr\u00f3nica<\/h3>\n\n\n\n<p>La <strong>curiosidad<\/strong> de Ernesto por la<strong> ciencia <\/strong>fue impulsada, en gran parte, por el ambiente en la oficina de su padre, quien, aunque contador, pose\u00eda computadoras que despertaron el inter\u00e9s de su hijo. \u201c<em>Cada vez que iba, me pon\u00eda a jugar con una computadora que ten\u00eda sin usar<\/em>\u201d, recuerda. Su padre lo apoy\u00f3 con su primera computadora y, m\u00e1s adelante, lo inscribi\u00f3 en un curso de ensamblaje en la <strong><a href=\"https:\/\/portal.uni.edu.pe\/\">UNI<\/a><\/strong>. Desde adolescente, ya lograba ensamblar computadoras para familiares y conocidos, y esta pasi\u00f3n lo llevar\u00eda a estudiar ingenier\u00eda electr\u00f3nica.<\/p>\n\n\n\n<figure class=\"wp-block-image size-full is-resized alignnone wp-image-947\"><img fetchpriority=\"high\" decoding=\"async\" width=\"612\" height=\"404\" src=\"https:\/\/peruanos.nl\/wp-content\/uploads\/2024\/11\/ernesto_graduation_2011_article.webp\" alt=\"\" class=\"wp-image-2359\" style=\"width:1170px;height:auto\" srcset=\"https:\/\/peruanos.nl\/wp-content\/uploads\/2024\/11\/ernesto_graduation_2011_article.webp 612w, https:\/\/peruanos.nl\/wp-content\/uploads\/2024\/11\/ernesto_graduation_2011_article-300x198.webp 300w, https:\/\/peruanos.nl\/wp-content\/uploads\/2024\/11\/ernesto_graduation_2011_article-600x396.webp 600w\" sizes=\"(max-width: 612px) 100vw, 612px\" \/><figcaption class=\"wp-element-caption\">Graduaci\u00f3n de UWC-USA 2011 <\/figcaption><\/figure>\n\n\n\n<p>Ernesto cuenta que su visi\u00f3n inicial de la ingenier\u00eda electr\u00f3nica era limitada, asoci\u00e1ndola principalmente con circuitos. Sin embargo, al sumergirse en los estudios, descubri\u00f3 la vastedad de su campo y se especializ\u00f3 en circuitos integrados, combinando su conocimiento con un enfoque multidisciplinario.<\/p>\n\n\n\n<h3 class=\"wp-block-heading\">Un Viaje Acad\u00e9mico Global<\/h3>\n\n\n\n<p>Al salir del colegio en 2009, Ernesto ingres\u00f3 directamente a la <strong><a href=\"https:\/\/www.upc.edu.pe\/\">Universidad Peruana de Ciencias Aplicadas<\/a><\/strong> (UPC) por m\u00e9rito a sus excelentes calificaciones. Sin embargo, pocas semanas despu\u00e9s recibi\u00f3 la noticia de que hab\u00eda sido admitido en <strong><a href=\"https:\/\/www.uwc-usa.org\/\">UWC-USA<\/a><\/strong> y, gracias a una beca que hab\u00eda solicitado previamente, decidi\u00f3 viajar a <strong>Estados Unidos <\/strong>para cursar el Bachillerato Internacional.<\/p>\n\n\n\n<p>En 2011, tras culminar el bachillerato, Ernesto se mud\u00f3 a <strong>Alemania<\/strong> para estudiar<strong> Ingenier\u00eda El\u00e9ctrica y Ciencias de la Computaci\u00f3n <\/strong>en la <strong>Jacobs University Bremen<\/strong> (hoy conocida como <a href=\"https:\/\/constructor.university\/\">Constructor University<\/a>). En 2014, emigr\u00f3 a los <strong>Pa\u00edses Bajos<\/strong> para realizar su maestr\u00eda en la prestigiosa <strong><a href=\"https:\/\/www.tudelft.nl\/\">TU Delft<\/a><\/strong>. Llegar a una instituci\u00f3n de ese nivel no fue sencillo. Los est\u00e1ndares de la TU Delft exig\u00edan tanto a nivel acad\u00e9mico como personal; y aunque los profesores eran expertos en sus campos, Ernesto echaba de menos m\u00e9todos de ense\u00f1anza m\u00e1s interactivos, con menor dependencia de las diapositivas. No obstante, reconoce el gran valor de su formaci\u00f3n en una universidad vibrante y culturalmente diversa, donde estudiantes y docentes de m\u00faltiples nacionalidades creaban un entorno estimulante y enriquecedor.<\/p>\n\n\n\n<figure class=\"wp-block-image size-full is-resized alignnone wp-image-947\"><img decoding=\"async\" width=\"612\" height=\"404\" src=\"https:\/\/peruanos.nl\/wp-content\/uploads\/2024\/11\/ernesto_maestria_article.webp\" alt=\"\" class=\"wp-image-2380\" style=\"width:1170px;height:auto\" srcset=\"https:\/\/peruanos.nl\/wp-content\/uploads\/2024\/11\/ernesto_maestria_article.webp 612w, https:\/\/peruanos.nl\/wp-content\/uploads\/2024\/11\/ernesto_maestria_article-300x198.webp 300w, https:\/\/peruanos.nl\/wp-content\/uploads\/2024\/11\/ernesto_maestria_article-600x396.webp 600w\" sizes=\"(max-width: 612px) 100vw, 612px\" \/><figcaption class=\"wp-element-caption\">Graduaci\u00f3n de Maestria en Ingenier\u00eda electr\u00f3nica &#8211; microelectr\u00f3nica |Tu Delf<\/figcaption><\/figure>\n\n\n\n<p>Adaptarse a la vida en los Pa\u00edses Bajos no estuvo exento de desaf\u00edos, especialmente al ingresar al mundo laboral. Ernesto explica que, aunque su formaci\u00f3n era impecable, la competencia en el \u00e1mbito tecnol\u00f3gico es feroz. Fue la recomendaci\u00f3n de un mentor lo que le abri\u00f3 las puertas en una peque\u00f1a compa\u00f1\u00eda en Delft, y desde entonces, no ha dejado de demostrar su val\u00eda. Hoy, trabaja en <a href=\"https:\/\/www.nxp.com\/\">NXP<\/a>, una reconocida empresa de <strong>semiconductores<\/strong>, donde se especializa en el dise\u00f1o de circuitos para la <strong>industria automotriz<\/strong>. Ernesto tambi\u00e9n cultiva su pasi\u00f3n por la electr\u00f3nica en casa, desarrollando peque\u00f1os circuitos, e incluso planea abrir una pagina web para compartir su conocimiento con otros.<\/p>\n\n\n\n<blockquote class=\"wp-block-quote pullquote align-center is-layout-flow wp-block-quote-is-layout-flow\">\n<p>Aunque su futuro probablemente continuar\u00e1 en los Pa\u00edses Bajos, Ernesto sue\u00f1a con alg\u00fan d\u00eda regresar a Per\u00fa, al menos temporalmente, para compartir lo aprendido.<\/p>\n<\/blockquote>\n\n\n\n<h3 class=\"wp-block-heading\">\u201cSiempre ser\u00e9 un outsider\u201d<\/h3>\n\n\n\n<p>La vida en el extranjero, si bien est\u00e1 llena de oportunidades, tambi\u00e9n trae sus propios retos. <em>\u201cSiempre me he sentido como un outsider\u201d<\/em>, comenta Ernesto, aunque r\u00e1pidamente aclara que esto no lo afecta. Rodeado de amigos internacionales, ha aprendido a valorar tanto la inclusi\u00f3n como los l\u00edmites de pertenencia en un pa\u00eds tan distinto al suyo. Afortunadamente, no ha experimentado discriminaci\u00f3n, pero est\u00e1 muy consciente de la importancia de la fuerza laboral extranjera en sectores clave de los Pa\u00edses Bajos.<\/p>\n\n\n\n<p>Entre las diferencias culturales que m\u00e1s le impactaron destaca la franqueza de los holandeses, algo que le choc\u00f3 inicialmente. Sin embargo, hoy en d\u00eda aprecia esta caracter\u00edstica, ya que fomenta la transparencia y evita malentendidos. \u201c<em>Ojal\u00e1 en Per\u00fa fu\u00e9ramos todos as\u00ed\u201d<\/em>, reflexiona, recordando una an\u00e9cdota en la que un colega holand\u00e9s cuestion\u00f3 p\u00fablicamente una medida de pensiones en su empresa.<\/p>\n\n\n\n<figure class=\"wp-block-image size-full is-resized alignnone wp-image-947\"><img decoding=\"async\" width=\"612\" height=\"404\" src=\"https:\/\/peruanos.nl\/wp-content\/uploads\/2024\/11\/ernesto_la_sabrosura_2018_article-1.webp\" alt=\"\" class=\"wp-image-2373\" style=\"aspect-ratio:16\/9;object-fit:cover;width:1170px;height:auto\" srcset=\"https:\/\/peruanos.nl\/wp-content\/uploads\/2024\/11\/ernesto_la_sabrosura_2018_article-1.webp 612w, https:\/\/peruanos.nl\/wp-content\/uploads\/2024\/11\/ernesto_la_sabrosura_2018_article-1-300x198.webp 300w, https:\/\/peruanos.nl\/wp-content\/uploads\/2024\/11\/ernesto_la_sabrosura_2018_article-1-600x396.webp 600w\" sizes=\"(max-width: 612px) 100vw, 612px\" \/><figcaption class=\"wp-element-caption\">Ernesto en los Timbales | Orquesta de Salsa La Sabrosura<\/figcaption><\/figure>\n\n\n\n<h3 class=\"wp-block-heading\">M\u00fasico y Cient\u00edfico: Un Balance Arm\u00f3nico<\/h3>\n\n\n\n<p>Ernesto no solo es <strong>cient\u00edfico<\/strong>, sino tambi\u00e9n <strong>m\u00fasico<\/strong>. La m\u00fasica siempre ha sido parte de su vida; en su adolescencia experiment\u00f3 con el piano, pero fue la percusi\u00f3n lo que realmente lo conquist\u00f3. A los 14 a\u00f1os, en un grupo de folklore peruano, tuvo la oportunidad de probar el caj\u00f3n, y desde entonces su conexi\u00f3n con la m\u00fasica ha sido inquebrantable. Hoy en d\u00eda, Ernesto toca en varias orquestas de salsa en los Pa\u00edses Bajos, especializ\u00e1ndose en el caj\u00f3n y los timbales, aunque tambi\u00e9n toca congas, bong\u00f3s y bater\u00eda. \u201cLa percusi\u00f3n conecta con la parte m\u00e1s primitiva de las personas, y tiene un alto impacto en el p\u00fablico\u201d, comenta.<\/p>\n\n\n\n<figure class=\"wp-block-image size-full is-resized alignnone wp-image-947\"><img loading=\"lazy\" decoding=\"async\" width=\"612\" height=\"404\" src=\"https:\/\/peruanos.nl\/wp-content\/uploads\/2024\/11\/ernesto_la_sabrosura_article.webp\" alt=\"\" class=\"wp-image-2401\" style=\"width:1170px;height:auto\" srcset=\"https:\/\/peruanos.nl\/wp-content\/uploads\/2024\/11\/ernesto_la_sabrosura_article.webp 612w, https:\/\/peruanos.nl\/wp-content\/uploads\/2024\/11\/ernesto_la_sabrosura_article-300x198.webp 300w, https:\/\/peruanos.nl\/wp-content\/uploads\/2024\/11\/ernesto_la_sabrosura_article-600x396.webp 600w\" sizes=\"(max-width: 612px) 100vw, 612px\" \/><figcaption class=\"wp-element-caption\">Ernesto en los Timbales | Orquesta de Salsa La Sabrosura<\/figcaption><\/figure>\n\n\n\n<p>Ernesto combina la vida cient\u00edfica con la art\u00edstica, y aunque nunca ha tenido que escoger entre una u otra, mantiene un delicado equilibrio. Si bien le gustar\u00eda tocar m\u00e1s seguido, la estabilidad de su carrera cient\u00edfica ha sido clave para alcanzar sus objetivos personales.<\/p>\n\n\n\n<h3 class=\"wp-block-heading\">Per\u00fa Siempre Presente<\/h3>\n\n\n\n<p>Mantener su identidad peruana ha sido una prioridad para Ernesto. \u201c<em>A pesar de radicar aqu\u00ed, siempre siento por el Per\u00fa, me informo de lo que sucede y siempre deseo que le vaya bien\u201d<\/em>, comparte. Cada a\u00f1o visita su tierra natal, donde el cari\u00f1o de su familia y amigos lo recarga. Aunque su futuro probablemente continuar\u00e1 en los <strong>Pa\u00edses Bajos<\/strong>, Ernesto sue\u00f1a con alg\u00fan d\u00eda regresar a<strong> Per\u00fa<\/strong>, al menos temporalmente, para compartir lo aprendido.<\/p>\n\n\n\n<p>En su faceta musical, Ernesto tiene la meta de integrarse a una banda que toque regularmente y seguir enriqueciendo el panorama cultural de su entorno. Sabe que la m\u00fasica es un medio poderoso para conectar a las personas, y espera seguir inspirando a otros con sus ritmos.<\/p>\n\n\n\n<h3 class=\"wp-block-heading\">Reflexiones y Consejos para los J\u00f3venes Cient\u00edficos Peruanos<\/h3>\n\n\n\n<p>Ernesto ha acumulado valiosas lecciones de vida en su camino. Una de las m\u00e1s importantes es la preferencia por \u201c<em>una<\/em> <em>buena idea con una implementaci\u00f3n pobre sobre una mala idea con una implementaci\u00f3n genial\u201d<\/em>, una reflexi\u00f3n que aplica tanto en ciencia como en m\u00fasica.<\/p>\n\n\n\n<p>En cuanto al futuro de la ciencia en Per\u00fa, Ernesto considera que la clave para los j\u00f3venes peruanos es la educaci\u00f3n y la curiosidad. Aunque reconoce que a\u00fan hay desaf\u00edos en la ciencia peruana, Ernesto cree que cada joven tiene el poder de hacer una diferencia.<\/p>\n\n\n\n<p>A trav\u00e9s de sus m\u00faltiples facetas, Ernesto representa una fuente de inspiraci\u00f3n para aquellos que desean trascender fronteras, superarse constantemente y nunca perder el v\u00ednculo con sus ra\u00edces.<\/p>\n\n\n\n<p>\u00a1No olviden seguir a Ernesto en sus redes (<a href=\"https:\/\/www.instagram.com\/egpercusion\/\">@egpercusion)<\/a> y esperamos con muchas ansias su nueva p\u00e1gina web sobre ciencia y tecnologia para conocer m\u00e1s sobre sus proyectos y aportes a la ciencia!<\/p>\n\n\n\n<p>Compartir y difundir estas historias ayuda a fortalecer la conexi\u00f3n entre los <strong>peruanos en el extranjero<\/strong> y a celebrar el <strong>talento y orgullo peruano.<\/strong><\/p>\n\n\n\n<p>Para todos los que se inspiran con la historia de Ernesto y su pasi\u00f3n por la ciencia y la m\u00fasica, los invitamos a compartir sus pensamientos en los comentarios y a seguirnos en nuestras redes sociales, donde publicamos m\u00e1s historias como esta.<\/p>\n\n\n\n<figure class=\"wp-block-embed is-type-video is-provider-youtube wp-block-embed-youtube wp-embed-aspect-16-9 wp-has-aspect-ratio\"><div class=\"wp-block-embed__wrapper\">\n<div class=\"jeg_video_container jeg_video_content\"><iframe title=\"Mu\u00f1eca \u2605 La Sabrosura \u2605 Salsa Fundamental\" width=\"500\" height=\"281\" src=\"https:\/\/www.youtube.com\/embed\/V3UGfVkyD50?feature=oembed\" frameborder=\"0\" allow=\"accelerometer; autoplay; clipboard-write; encrypted-media; gyroscope; picture-in-picture; web-share\" referrerpolicy=\"strict-origin-when-cross-origin\" allowfullscreen><\/iframe><\/div>\n<\/div><\/figure>\n","protected":false},"excerpt":{"rendered":"<p>Ernesto Emilio Gonzales Huaman naci\u00f3 en el distrito de Comas, uno de los distritos m\u00e1s representativos y trabajadores de Lima, en 1992. Su vida discurr\u00eda entre mercados y risas infantiles en la calle. Los primeros 14 a\u00f1os de su vida transcurrieron en ese ambiente lleno de vitalidad, marcado por partidos de f\u00fatbol en la v\u00eda [&hellip;]<\/p>\n","protected":false},"author":1,"featured_media":2417,"comment_status":"open","ping_status":"open","sticky":false,"template":"","format":"standard","meta":{"jnews-multi-image_gallery":[],"jnews_single_post":{"source_name":"","source_url":"","via_name":"","via_url":"","override_template":"1","override":[{"template":"8","single_blog_custom":"","parallax":"1","fullscreen":"0","layout":"right-sidebar","sidebar":"default-sidebar","second_sidebar":"default-sidebar","sticky_sidebar":"1","share_position":"top","share_float_style":"share-monocrhome","show_share_counter":"1","show_view_counter":"1","show_featured":"1","show_post_meta":"1","show_post_author":"1","show_post_author_image":"1","show_post_date":"1","post_date_format":"default","post_date_format_custom":"Y\/m\/d","show_post_category":"1","show_post_reading_time":"0","post_reading_time_wpm":"300","show_zoom_button":"0","zoom_button_out_step":"2","zoom_button_in_step":"3","show_post_tag":"1","show_prev_next_post":"1","show_popup_post":"1","number_popup_post":"1","show_author_box":"0","show_post_related":"1","show_inline_post_related":"0","post_calculate_word_method":"str_word_count"}],"override_image_size":"0","image_override":[{"single_post_thumbnail_size":"crop-500","single_post_gallery_size":"crop-500"}],"trending_post":"0","trending_post_position":"meta","trending_post_label":"Trending","sponsored_post":"0","sponsored_post_label":"Sponsored by","sponsored_post_name":"","sponsored_post_url":"","sponsored_post_logo_enable":"0","sponsored_post_logo":"","sponsored_post_desc":"","format":"standard","video":"https:\/\/www.youtube.com\/watch?v=YdJc7-ZEuT0","disable_ad":"0"},"jnews_primary_category":{"id":"49"},"jnews_social_meta":[],"jnews_override_counter":{"view_counter_number":"0","share_counter_number":"0","like_counter_number":"0","dislike_counter_number":"0"},"footnotes":""},"categories":[186],"tags":[317,222,318,319,320],"class_list":["post-2358","post","type-post","status-publish","format-standard","has-post-thumbnail","hentry","category-estilo-de-vida","tag-ciencia-es","tag-musica-es","tag-peruanos-en-holanda-es","tag-peruanos-en-paises-bajos-es","tag-salsa-es"],"_links":{"self":[{"href":"https:\/\/peruanos.nl\/es\/wp-json\/wp\/v2\/posts\/2358","targetHints":{"allow":["GET"]}}],"collection":[{"href":"https:\/\/peruanos.nl\/es\/wp-json\/wp\/v2\/posts"}],"about":[{"href":"https:\/\/peruanos.nl\/es\/wp-json\/wp\/v2\/types\/post"}],"author":[{"embeddable":true,"href":"https:\/\/peruanos.nl\/es\/wp-json\/wp\/v2\/users\/1"}],"replies":[{"embeddable":true,"href":"https:\/\/peruanos.nl\/es\/wp-json\/wp\/v2\/comments?post=2358"}],"version-history":[{"count":14,"href":"https:\/\/peruanos.nl\/es\/wp-json\/wp\/v2\/posts\/2358\/revisions"}],"predecessor-version":[{"id":2450,"href":"https:\/\/peruanos.nl\/es\/wp-json\/wp\/v2\/posts\/2358\/revisions\/2450"}],"wp:featuredmedia":[{"embeddable":true,"href":"https:\/\/peruanos.nl\/es\/wp-json\/wp\/v2\/media\/2417"}],"wp:attachment":[{"href":"https:\/\/peruanos.nl\/es\/wp-json\/wp\/v2\/media?parent=2358"}],"wp:term":[{"taxonomy":"category","embeddable":true,"href":"https:\/\/peruanos.nl\/es\/wp-json\/wp\/v2\/categories?post=2358"},{"taxonomy":"post_tag","embeddable":true,"href":"https:\/\/peruanos.nl\/es\/wp-json\/wp\/v2\/tags?post=2358"}],"curies":[{"name":"wp","href":"https:\/\/api.w.org\/{rel}","templated":true}]}}