{"id":2143,"date":"2024-08-02T16:00:29","date_gmt":"2024-08-02T14:00:29","guid":{"rendered":"https:\/\/peruanos.nl\/2024\/08\/02\/pedro-paulet-el-ingeniero-peruano-que-sono-con-las-estrellas-y-revoluciono-la-ciencia-espacial\/"},"modified":"2024-11-12T18:05:27","modified_gmt":"2024-11-12T17:05:27","slug":"pedro-paulet-el-ingeniero-peruano-que-sono-con-las-estrellas-y-revoluciono-la-ciencia-espacial","status":"publish","type":"post","link":"https:\/\/peruanos.nl\/es\/pedro-paulet-el-ingeniero-peruano-que-sono-con-las-estrellas-y-revoluciono-la-ciencia-espacial\/","title":{"rendered":"Pedro Paulet: El Ingeniero Peruano que So\u00f1\u00f3 con las Estrellas y Revolucion\u00f3 la Ciencia Espacial"},"content":{"rendered":"\n<p>Cuando se habla de pioneros en la historia de la ciencia espacial, nombres como Wernher von Braun o los hermanos Wright suelen acaparar la atenci\u00f3n. Sin embargo, pocos conocen la historia de un genio peruano que, con su intelecto y creatividad, anticip\u00f3 la era espacial d\u00e9cadas antes de que siquiera existiera la posibilidad de volar fuera del planeta. Su nombre es Pedro Paulet, un sabio multidisciplinario cuyo legado perdura en el coraz\u00f3n de la exploraci\u00f3n espacial moderna. Este art\u00edculo desentra\u00f1a su incre\u00edble vida y los aportes que lo colocan en la vanguardia de la ingenier\u00eda espacial, un hombre que, desde la humildad, se propuso alcanzar las estrellas.   <\/p>\n\n<h3 class=\"wp-block-heading\">\u00bfQui\u00e9n fue Pedro Paulet?<\/h3>\n\n<p>Nacido en Arequipa, Per\u00fa, en 1874, Pedro Paulet Quispe fue un aut\u00e9ntico hombre del Renacimiento. Era arquitecto, ingeniero, qu\u00edmico, mec\u00e1nico, economista, ge\u00f3grafo, escultor, diplom\u00e1tico, periodista, inventor y escritor. Pero su mayor contribuci\u00f3n a la humanidad vino de su pasi\u00f3n por los cielos.  <\/p>\n\n<p>Paulet creci\u00f3 en una familia humilde y curs\u00f3 estudios escolares en el Colegio San Vicente de Pa\u00fal. Desde muy joven, demostr\u00f3 un inter\u00e9s inusual por la ciencia y la ingenier\u00eda, y su hambre de conocimiento lo llev\u00f3 a estudiar en la Universidad de Par\u00eds, donde en 1900 realiz\u00f3 su gran haza\u00f1a: la construcci\u00f3n del primer motor cohete impulsado por combustibles l\u00edquidos. Este motor, que pesaba tan solo 2.5 kg, ejerc\u00eda una presi\u00f3n de 90 kg y produc\u00eda 300 explosiones por minuto, fue el precursor de la tecnolog\u00eda que m\u00e1s tarde permitir\u00eda la llegada del hombre a la Luna.  <\/p>\n\n<h3 class=\"wp-block-heading\">El motor cohete que cambi\u00f3 la historia<\/h3>\n\n<p>El motor dise\u00f1ado por Paulet no solo fue una haza\u00f1a tecnol\u00f3gica sin precedentes para su \u00e9poca, sino que su aplicaci\u00f3n visionaria en la propulsi\u00f3n de aeronaves lo situ\u00f3 por delante de los hermanos Wright, quienes en 1903 realizaron el primer vuelo en avi\u00f3n. De hecho, en 1902, Paulet present\u00f3 un proyecto que asombr\u00f3 a la comunidad cient\u00edfica: un avi\u00f3n de metal sin h\u00e9lices, con alas delta y cabina ovoide. Su ingenio fue tan adelantado a su tiempo que muchos no comprendieron la magnitud de su invenci\u00f3n.  <\/p>\n\n<h3 class=\"wp-block-heading\">El legado de Paulet: De la Tierra a la Luna<\/h3>\n\n<p>El impacto de los descubrimientos de Paulet no qued\u00f3 relegado al olvido. La NASA reconoci\u00f3 su influencia en la tecnolog\u00eda que, a\u00f1os despu\u00e9s, se usar\u00eda para misiones espaciales como el Apolo 11. En 1969, cuando el hombre finalmente pis\u00f3 la superficie lunar, el trabajo de Paulet fue clave para desarrollar los motores de combustible l\u00edquido que impulsaron los cohetes hacia el espacio. Hoy, una placa en el Museo Nacional del Aire y el Espacio en Washington, D.C., honra su legado, recordando al mundo el genio que ayud\u00f3 a llevar al hombre a la Luna.   <\/p>\n\n<h3 class=\"wp-block-heading\">Wernher von Braun y el reconocimiento de un genio<\/h3>\n\n<p>Quiz\u00e1s uno de los m\u00e1s fervientes admiradores de Paulet fue el ingeniero alem\u00e1n <strong>Wernher von Braun<\/strong>, considerado el padre de la coheter\u00eda moderna. En su libro Historia mundial de la aeron\u00e1utica, von Braun afirmaba que<strong> Pedro Paulet<\/strong> deber\u00eda ser considerado el verdadero pionero del motor de propulsi\u00f3n de combustible l\u00edquido, reconociendo el impacto de sus experimentos a principios del siglo XX. Sus palabras reflejan la importancia de este inventor peruano en la historia de la exploraci\u00f3n espacial.  <\/p>\n\n<figure class=\"wp-block-image alignnone size-full is-resized wp-image-947\"><img fetchpriority=\"high\" decoding=\"async\" width=\"800\" height=\"537\" src=\"http:\/\/peruanos.nl\/wp-content\/uploads\/2024\/08\/pedro_paulet_inside_article.webp\" alt=\"\" class=\"wp-image-1469\" style=\"width:1170px;height:auto\" srcset=\"https:\/\/peruanos.nl\/wp-content\/uploads\/2024\/08\/pedro_paulet_inside_article.webp 800w, https:\/\/peruanos.nl\/wp-content\/uploads\/2024\/08\/pedro_paulet_inside_article-600x403.webp 600w, https:\/\/peruanos.nl\/wp-content\/uploads\/2024\/08\/pedro_paulet_inside_article-300x201.webp 300w, https:\/\/peruanos.nl\/wp-content\/uploads\/2024\/08\/pedro_paulet_inside_article-768x516.webp 768w, https:\/\/peruanos.nl\/wp-content\/uploads\/2024\/08\/pedro_paulet_inside_article-750x503.webp 750w\" sizes=\"(max-width: 800px) 100vw, 800px\" \/><figcaption class=\"wp-element-caption\">Maqueta del avi\u00f3n torpedo <\/figcaption><\/figure>\n\n<h3 class=\"wp-block-heading\">Una vida dedicada a la ciencia y la exploraci\u00f3n<\/h3>\n\n<p>A pesar de sus logros cient\u00edficos, Paulet enfrent\u00f3 dificultades a lo largo de su vida. En 1941, acompa\u00f1\u00f3 al expresidente peruano \u00d3scar R. Benavides como consejero comercial en Argentina. All\u00ed, intent\u00f3 fundar una industria aeron\u00e1utica sudamericana, pero su visi\u00f3n no fue comprendida del todo en su tiempo. Lamentablemente, muchos de sus prototipos y dise\u00f1os se perdieron durante la agitaci\u00f3n pol\u00edtica de la \u00e9poca.   <\/p>\n\n<blockquote class=\"wp-block-quote pullquote align-center is-layout-flow wp-block-quote-is-layout-flow\">\n<p>Paulet so\u00f1\u00f3 con las estrellas y puso en marcha las ideas que permitir\u00edan que la humanidad rompiera las barreras del cielo.<\/p>\n<\/blockquote>\n\n<p>Falleci\u00f3 el 30 de enero de 1945 en Buenos Aires, dejando tras de s\u00ed un legado cient\u00edfico que apenas comenzaba a ser reconocido. En su honor, la Fuerza A\u00e9rea del Per\u00fa erigi\u00f3 un mausoleo en el Cementerio Presb\u00edtero Maestro, donde sus restos descansan bajo una r\u00e9plica de su avi\u00f3n torpedo. <\/p>\n\n<h2 class=\"wp-block-heading\">Un sue\u00f1o que continu\u00f3 con su hija<\/h2>\n\n<p>La visi\u00f3n de Pedro Paulet no muri\u00f3 con \u00e9l. Durante su vida, comparti\u00f3 su pasi\u00f3n por la exploraci\u00f3n espacial con su hija, Megan, a quien dijo: \u00abCuando crezcas y mi invento se convierta en realidad, t\u00fa y yo viajaremos a la luna. Y si por mi edad yo muriese, t\u00fa seguir\u00edas mis pasos\u00bb. Si bien no vivi\u00f3 para ver su sue\u00f1o hecho realidad, sus contribuciones sentaron las bases para que el hombre alcanzara el espacio exterior.  <\/p>\n\n<p>Pedro Paulet no solo fue un genio en el campo de la ciencia y la ingenier\u00eda, sino tambi\u00e9n un s\u00edmbolo de perseverancia y visi\u00f3n futurista. En una \u00e9poca en la que volar parec\u00eda imposible, Paulet so\u00f1\u00f3 con las estrellas y puso en marcha las ideas que permitir\u00edan que la humanidad rompiera las barreras del cielo. Su vida y legado son un recordatorio de que el talento y la pasi\u00f3n pueden superar cualquier obst\u00e1culo, incluso los que parecen insuperables.  <\/p>\n\n<p>D\u00e9janos tus comentarios y opiniones en la secci\u00f3n abajo. \u00a1Comparte este art\u00edculo con tus amigos y familiares para que m\u00e1s personas conozcan el incre\u00edble legado de este genio peruano! No olvides suscribirte a nuestra p\u00e1gina para seguir aprendiendo sobre las figuras que han dejado huella en la historia de Per\u00fa y el mundo.  <\/p>\n","protected":false},"excerpt":{"rendered":"<p>Cuando se habla de pioneros en la historia de la ciencia espacial, nombres como Wernher von Braun o los hermanos Wright suelen acaparar la atenci\u00f3n. Sin embargo, pocos conocen la historia de un genio peruano que, con su intelecto y creatividad, anticip\u00f3 la era espacial d\u00e9cadas antes de que siquiera existiera la posibilidad de volar [&hellip;]<\/p>\n","protected":false},"author":1,"featured_media":1811,"comment_status":"open","ping_status":"open","sticky":false,"template":"","format":"standard","meta":{"jnews-multi-image_gallery":[],"jnews_single_post":[],"jnews_primary_category":[],"jnews_social_meta":[],"jnews_override_counter":[],"footnotes":""},"categories":[187],"tags":[211,281,215,280,282,283],"class_list":["post-2143","post","type-post","status-publish","format-standard","has-post-thumbnail","hentry","category-ciencia-y-tecnologia","tag-cultura-es","tag-espacio-es","tag-histora-es","tag-pedro-paulet-es","tag-viaje-al-espacio-es","tag-wernher-von-braun-es"],"_links":{"self":[{"href":"https:\/\/peruanos.nl\/es\/wp-json\/wp\/v2\/posts\/2143","targetHints":{"allow":["GET"]}}],"collection":[{"href":"https:\/\/peruanos.nl\/es\/wp-json\/wp\/v2\/posts"}],"about":[{"href":"https:\/\/peruanos.nl\/es\/wp-json\/wp\/v2\/types\/post"}],"author":[{"embeddable":true,"href":"https:\/\/peruanos.nl\/es\/wp-json\/wp\/v2\/users\/1"}],"replies":[{"embeddable":true,"href":"https:\/\/peruanos.nl\/es\/wp-json\/wp\/v2\/comments?post=2143"}],"version-history":[{"count":1,"href":"https:\/\/peruanos.nl\/es\/wp-json\/wp\/v2\/posts\/2143\/revisions"}],"predecessor-version":[{"id":2144,"href":"https:\/\/peruanos.nl\/es\/wp-json\/wp\/v2\/posts\/2143\/revisions\/2144"}],"wp:featuredmedia":[{"embeddable":true,"href":"https:\/\/peruanos.nl\/es\/wp-json\/wp\/v2\/media\/1811"}],"wp:attachment":[{"href":"https:\/\/peruanos.nl\/es\/wp-json\/wp\/v2\/media?parent=2143"}],"wp:term":[{"taxonomy":"category","embeddable":true,"href":"https:\/\/peruanos.nl\/es\/wp-json\/wp\/v2\/categories?post=2143"},{"taxonomy":"post_tag","embeddable":true,"href":"https:\/\/peruanos.nl\/es\/wp-json\/wp\/v2\/tags?post=2143"}],"curies":[{"name":"wp","href":"https:\/\/api.w.org\/{rel}","templated":true}]}}