{"id":2141,"date":"2024-11-27T18:00:00","date_gmt":"2024-11-27T17:00:00","guid":{"rendered":"https:\/\/peruanos.nl\/2024\/08\/05\/chacalon-del-cerro-a-la-eternidad-el-idolo-popular-de-la-chicha-peruana\/"},"modified":"2024-11-27T13:18:49","modified_gmt":"2024-11-27T12:18:49","slug":"chacalon-del-cerro-a-la-eternidad-el-idolo-popular-de-la-chicha-peruana","status":"publish","type":"post","link":"https:\/\/peruanos.nl\/es\/chacalon-del-cerro-a-la-eternidad-el-idolo-popular-de-la-chicha-peruana\/","title":{"rendered":"Chacal\u00f3n: Del Cerro a la Eternidad, el \u00cddolo Popular de la Chicha Peruana"},"content":{"rendered":"\n<p>Chacal\u00f3n. Su nombre evoca un sinf\u00edn de emociones y tambi\u00e9n controversias. Fue un personaje que surgi\u00f3 desde lo m\u00e1s profundo de los barrios marginales de Lima, un lugar donde la vida es una batalla constante y donde el respeto se gana a pulso. Pero <strong>Lorenzo Palacios Quispe, <\/strong>conocido en cada esquina de Per\u00fa como<strong> Chacal\u00f3n<\/strong>, no solo se gan\u00f3 el respeto; se gan\u00f3 la inmortalidad en el coraz\u00f3n de su pueblo. \u00bfC\u00f3mo es posible que alguien con un pasado tan \u00e1spero, rodeado de violencia y pobreza, llegue a ser considerado casi un santo milagroso? Acomp\u00e1\u00f1anos a descubrir la historia m\u00edtica y real del <strong>\u00abFara\u00f3n de la Chicha\u00bb<\/strong>.     <\/p>\n\n\n\n<h3 class=\"wp-block-heading\"><strong>Nacido en las Calles de La Victoria: Un Destino Marcado<\/strong><\/h3>\n\n\n\n<p>Lorenzo Palacios Quispe, m\u00e1s conocido como Chacal\u00f3n, no naci\u00f3 en un ambiente c\u00f3modo ni seguro. Su cuna fue el <strong>Cerro San Cosme<\/strong>, uno de los barrios m\u00e1s peligrosos y bravos de La Victoria, en Lima. En este lugar, donde \u00ab<strong>la vida no vale nada\u00bb<\/strong>, conviv\u00eda con prostitutas, temidos delincuentes, traficantes y \u00abcafichos\u00bb. Para sobrevivir, hab\u00eda que ser un \u00abFaite\u00ab, alguien que se ganaba el respeto a golpes, y Chacal\u00f3n, desde peque\u00f1o, supo c\u00f3mo hacerlo.   <\/p>\n\n\n\n<p>Cuando era ni\u00f1o, Chacal\u00f3n fue lo que en Per\u00fa se conoce como un \u201cp\u00e1jaro frutero\u201d: robaba frutas y peque\u00f1os objetos para subsistir. Y como muchos otros j\u00f3venes de su entorno, conoci\u00f3 la c\u00e1rcel. Su cuerpo estaba marcado por tatuajes que cubrian cicatrices de peleas callejeras. En aquella \u00e9poca, los tatuajes no eran moda; eran s\u00edmbolos de supervivencia.   <\/p>\n\n\n\n<figure class=\"wp-block-image size-large\"><img fetchpriority=\"high\" decoding=\"async\" width=\"1024\" height=\"766\" src=\"https:\/\/peruanos.nl\/wp-content\/uploads\/2024\/11\/chacalon_inside_articulo_3-1024x766.webp\" alt=\"\" class=\"wp-image-2734\" srcset=\"https:\/\/peruanos.nl\/wp-content\/uploads\/2024\/11\/chacalon_inside_articulo_3-1024x766.webp 1024w, https:\/\/peruanos.nl\/wp-content\/uploads\/2024\/11\/chacalon_inside_articulo_3-300x224.webp 300w, https:\/\/peruanos.nl\/wp-content\/uploads\/2024\/11\/chacalon_inside_articulo_3-768x575.webp 768w, https:\/\/peruanos.nl\/wp-content\/uploads\/2024\/11\/chacalon_inside_articulo_3-600x449.webp 600w, https:\/\/peruanos.nl\/wp-content\/uploads\/2024\/11\/chacalon_inside_articulo_3-750x561.webp 750w, https:\/\/peruanos.nl\/wp-content\/uploads\/2024\/11\/chacalon_inside_articulo_3.webp 1140w\" sizes=\"(max-width: 1024px) 100vw, 1024px\" \/><\/figure>\n\n\n\n<h3 class=\"wp-block-heading\"><strong>De la Calle a los Escenarios: El Ascenso del Fara\u00f3n<\/strong><\/h3>\n\n\n\n<p><strong>Chacal\u00f3n<\/strong> encontr\u00f3 en la m\u00fasica una forma de redenci\u00f3n. A pesar de su dura infancia y juventud, logr\u00f3 canalizar sus vivencias en canciones que hablaban de amor, desarraigo, y la dura realidad de los migrantes en Lima. A pesar de tener vecinos y rivales en el barrio que no compart\u00edan su herencia andina, \u00e9l logr\u00f3 destacar y conectarse con la gente, no solo por su m\u00fasica, sino porque era <strong>\u00abuno de ellos\u00bb<\/strong>, un hombre que compart\u00eda la misma lucha diaria.  <\/p>\n\n\n\n<p><strong>\u00bfC\u00f3mo destac\u00f3 un \u00abserrano\u00bb en un barrio donde dominaban los \u00abnegros y limenos pendencieros\u00bb?<\/strong> La respuesta era sencilla: Chacal\u00f3n era \u00abdel barrio\u00bb. No importaba el color de su piel, sino la forma en que se desenvolv\u00eda en las calles, la actitud, la lucha diaria por sobrevivir. Una de las claves de su \u00e9xito fue que <strong>Chacal\u00f3n y su grupo no solo tocaban cumbia y chicha<\/strong>; en sus conciertos tambi\u00e9n tocaban \u00ab<strong>salsa dura\u00bb<\/strong>, una faceta menos conocida de su carrera, pero que fascinaba a sus seguidores. Era un fan\u00e1tico de <strong>H\u00e9ctor Lavoe, Oscar de Le\u00f3n<\/strong> e <strong>Ismael Rivera<\/strong>, y esa influencia le permiti\u00f3 ganarse el coraz\u00f3n de los m\u00e1s \u00abachorados\u00bb de los barrios lime\u00f1os.<\/p>\n\n\n\n<p>Pero <strong>Chacal\u00f3n<\/strong> no era solo un m\u00fasico. En alg\u00fan momento de su vida, preocupado por su futuro, estudi\u00f3 <strong>cosmetolog\u00eda y costura<\/strong>, habilidades que le permitieron coser sus propias camisas coloridas, que se convirtieron en una parte ic\u00f3nica de su imagen. Este detalle refleja una faceta m\u00e1s compleja de su personalidad: un hombre duro de la calle que tambi\u00e9n ten\u00eda una sensibilidad art\u00edstica y un sentido de estilo.  <\/p>\n\n\n\n<figure class=\"wp-block-image size-large is-resized\"><img decoding=\"async\" width=\"1024\" height=\"766\" src=\"https:\/\/peruanos.nl\/wp-content\/uploads\/2024\/11\/chacalon_inside_articulo_1-1024x766.webp\" alt=\"\" class=\"wp-image-2740\" style=\"width:1170px;height:auto\" srcset=\"https:\/\/peruanos.nl\/wp-content\/uploads\/2024\/11\/chacalon_inside_articulo_1-1024x766.webp 1024w, https:\/\/peruanos.nl\/wp-content\/uploads\/2024\/11\/chacalon_inside_articulo_1-300x224.webp 300w, https:\/\/peruanos.nl\/wp-content\/uploads\/2024\/11\/chacalon_inside_articulo_1-768x575.webp 768w, https:\/\/peruanos.nl\/wp-content\/uploads\/2024\/11\/chacalon_inside_articulo_1-600x449.webp 600w, https:\/\/peruanos.nl\/wp-content\/uploads\/2024\/11\/chacalon_inside_articulo_1-750x561.webp 750w, https:\/\/peruanos.nl\/wp-content\/uploads\/2024\/11\/chacalon_inside_articulo_1.webp 1140w\" sizes=\"(max-width: 1024px) 100vw, 1024px\" \/><\/figure>\n\n\n\n<h3 class=\"wp-block-heading\"><strong>El Amor por la Familia y su Legado<\/strong><\/h3>\n\n\n\n<p>A pesar de su fama y vida desordenada, <strong>Chacal\u00f3n<\/strong> ten\u00eda un inmenso amor por su familia. Se dice que fue el \u00fanico de entre sus <strong>15 hermanos<\/strong> que logr\u00f3 sacar adelante a toda la familia incluso despues de muerto, d\u00e1ndoles educaci\u00f3n a todos sus hijos. Siempre se preocup\u00f3 por ellos, incluso en los momentos m\u00e1s bohemios de su vida, poniendo a su familia por encima de todo.  <\/p>\n\n\n\n<p>Su humildad y carisma lo convirtieron en una figura adorada. Nunca dej\u00f3 de sentirse como <strong>uno m\u00e1s del barrio<\/strong>, y a menudo se lo ve\u00eda en el <strong>estadio de Alianza Lima<\/strong> vistiendo la camiseta blanquiazul, dispuesto a cantar a capella cuando sus seguidores se lo ped\u00edan. <\/p>\n\n\n\n<h3 class=\"wp-block-heading\"><strong>El \u00abFara\u00f3n de la Cumbia\u00bb y el Santo Milagroso<\/strong><\/h3>\n\n\n\n<p>Seg\u00fan la p\u00e1gina <strong>ChichaWeb<\/strong>, fue el presentador de televisi\u00f3n <strong>Augusto Ferrando<\/strong> quien le dio el t\u00edtulo de <strong>\u00abFara\u00f3n de la Cumbia\u00bb<\/strong>, inspirado en el apodo que se le daba a <strong>\u00d3scar D\u2019Le\u00f3n<\/strong>, conocido como el <strong>\u00abFara\u00f3n de la Salsa\u00bb<\/strong> en la misma \u00e9poca. <strong>Chacal\u00f3n<\/strong>, con su simpat\u00eda y personalidad marginal, encaj\u00f3 perfectamente en este t\u00edtulo.<\/p>\n\n\n\n<figure class=\"wp-block-image size-large is-resized alignnone wp-image-947 size-full\"><img decoding=\"async\" width=\"1024\" height=\"766\" src=\"https:\/\/peruanos.nl\/wp-content\/uploads\/2024\/11\/chacalon_inside_articulo_2-1024x766.webp\" alt=\"\" class=\"wp-image-2737\" style=\"width:1170px;height:auto\" srcset=\"https:\/\/peruanos.nl\/wp-content\/uploads\/2024\/11\/chacalon_inside_articulo_2-1024x766.webp 1024w, https:\/\/peruanos.nl\/wp-content\/uploads\/2024\/11\/chacalon_inside_articulo_2-300x224.webp 300w, https:\/\/peruanos.nl\/wp-content\/uploads\/2024\/11\/chacalon_inside_articulo_2-768x575.webp 768w, https:\/\/peruanos.nl\/wp-content\/uploads\/2024\/11\/chacalon_inside_articulo_2-600x449.webp 600w, https:\/\/peruanos.nl\/wp-content\/uploads\/2024\/11\/chacalon_inside_articulo_2-750x561.webp 750w, https:\/\/peruanos.nl\/wp-content\/uploads\/2024\/11\/chacalon_inside_articulo_2.webp 1140w\" sizes=\"(max-width: 1024px) 100vw, 1024px\" \/><figcaption class=\"wp-element-caption\">Jos\u00e9 Luis Carvallo y Chacalon | Foto cortes\u00eda Chica Web<\/figcaption><\/figure>\n\n\n\n<p>Pero Chacal\u00f3n aporto muy poco musicalmente, nunca dej\u00f3 de ser un m\u00fasico amateur y fue criticado por su amateurismo comparado con otros grupos superiores musicalmente como <strong>Los Shapis,<\/strong> <strong>Grupo Maravilla,<\/strong> o <strong>Vico y su Grupo Karicia<\/strong>, <strong>Guinda<\/strong> y otros mas. En palabras de su compa\u00f1ero de escenario y gran m\u00fasico <strong>Jose Luis Carvallo<\/strong>: \u00abChacal\u00f3n fue siempre fue desafinado y fuera de beat\u00bb. Contra todo eso, Chacal\u00f3n se gan\u00f3 el coraz\u00f3n del pueblo y se convirti\u00f3 en el \u00eddolo popular sin precedentes. Debido a todo esto se dice: <strong>\u00abCuando Chacal\u00f3n canta, los cerros bajan\u00bb<\/strong>.   <\/p>\n\n\n\n<p>Lo m\u00e1s curioso de su legado no es solo su m\u00fasica, sino c\u00f3mo Chacal\u00f3n ha sido elevado casi a la categor\u00eda de santo popular. En los barrios m\u00e1s pobres de Lima, muchos creen en su poder milagroso. Su tumba siempre est\u00e1 adornada con flores frescas con velas encendidas y muchas personas le rezan y le piden ayuda en numerosos asuntos, como la mejora de la salud, la protecci\u00f3n ante problemas, trabajo, la orientaci\u00f3n y hasta la reconciliaci\u00f3n de su pareja.  <\/p>\n\n\n\n<figure class=\"wp-block-image size-large is-resized\"><img loading=\"lazy\" decoding=\"async\" width=\"1024\" height=\"766\" src=\"https:\/\/peruanos.nl\/wp-content\/uploads\/2024\/11\/chacalon_inside_articulo_5-1024x766.webp\" alt=\"\" class=\"wp-image-2743\" style=\"width:1170px;height:auto\" srcset=\"https:\/\/peruanos.nl\/wp-content\/uploads\/2024\/11\/chacalon_inside_articulo_5-1024x766.webp 1024w, https:\/\/peruanos.nl\/wp-content\/uploads\/2024\/11\/chacalon_inside_articulo_5-300x224.webp 300w, https:\/\/peruanos.nl\/wp-content\/uploads\/2024\/11\/chacalon_inside_articulo_5-768x575.webp 768w, https:\/\/peruanos.nl\/wp-content\/uploads\/2024\/11\/chacalon_inside_articulo_5-600x449.webp 600w, https:\/\/peruanos.nl\/wp-content\/uploads\/2024\/11\/chacalon_inside_articulo_5-750x561.webp 750w, https:\/\/peruanos.nl\/wp-content\/uploads\/2024\/11\/chacalon_inside_articulo_5.webp 1140w\" sizes=\"(max-width: 1024px) 100vw, 1024px\" \/><\/figure>\n\n\n\n<h3 class=\"wp-block-heading\"><strong><strong>Soy Provinciano: El Himno que Une Migrantes Peruanos y Latinos<\/strong><\/strong><\/h3>\n\n\n\n<p>Su mayor \u00e9xito,<strong> \u00abSoy Provinciano<\/strong>\u00bb (1978), es considerado un verdadero <strong>himno de los migrantes peruanos,<\/strong> ya que con su inconfundible mezcla de nostalgia y fortaleza, la canci\u00f3n narra la historia de aquellos que dejaron su tierra natal, su hogar y sus costumbres, en busca de nuevas oportunidades y un futuro mejor. <\/p>\n\n\n\n<p>Lo que hace \u00fanica a esta canci\u00f3n no es solo su impacto en el Per\u00fa, sino que a m\u00e1s de cuatro d\u00e9cadas de su lanzamiento, tambi\u00e9n resuena con muchos migrantes latinos que comparten experiencias similares. La lucha por adaptarse a nuevos entornos, la a\u00f1oranza por el lugar de origen y el orgullo de las ra\u00edces culturales hacen de la canci\u00f3n Soy Provinciano un s\u00edmbolo de identidad y resistencia para quienes enfrentan la traves\u00eda de empezar de nuevo sin olvidar de d\u00f3nde vienen.<\/p>\n\n\n\n<figure class=\"wp-block-image size-large is-resized\"><img loading=\"lazy\" decoding=\"async\" width=\"1024\" height=\"766\" src=\"https:\/\/peruanos.nl\/wp-content\/uploads\/2024\/11\/chacalon_inside_articulo_6-1024x766.webp\" alt=\"\" class=\"wp-image-2746\" style=\"width:1170px;height:auto\" srcset=\"https:\/\/peruanos.nl\/wp-content\/uploads\/2024\/11\/chacalon_inside_articulo_6-1024x766.webp 1024w, https:\/\/peruanos.nl\/wp-content\/uploads\/2024\/11\/chacalon_inside_articulo_6-300x224.webp 300w, https:\/\/peruanos.nl\/wp-content\/uploads\/2024\/11\/chacalon_inside_articulo_6-768x575.webp 768w, https:\/\/peruanos.nl\/wp-content\/uploads\/2024\/11\/chacalon_inside_articulo_6-600x449.webp 600w, https:\/\/peruanos.nl\/wp-content\/uploads\/2024\/11\/chacalon_inside_articulo_6-750x561.webp 750w, https:\/\/peruanos.nl\/wp-content\/uploads\/2024\/11\/chacalon_inside_articulo_6.webp 1140w\" sizes=\"(max-width: 1024px) 100vw, 1024px\" \/><\/figure>\n\n\n\n<h3 class=\"wp-block-heading\"><strong><strong>\u00bfQu\u00e9 Hace a Chacal\u00f3n Eterno?<\/strong><\/strong><\/h3>\n\n\n\n<p>Aunque Chacal\u00f3n falleci\u00f3 el <strong>24 de junio de 1994<\/strong>, su legado sigue vivo. Hoy en d\u00eda, su m\u00fasica sigue sonando en los <strong>mercados<\/strong>, <strong>combis, microbuses, puestos de ambulantes, puestos de comida, quioscos, bodegas y fiestas populares<\/strong>. M\u00e1s all\u00e1 de su m\u00fasica, <strong>Chacal\u00f3n<\/strong> representa el alma de los barrios populares de Lima, el esp\u00edritu de resistencia de los migrantes andinos, y el poder de la m\u00fasica para unir a un pueblo. Hoy en d\u00eda, su tumba es lugar de peregrinaci\u00f3n para aquellos que a\u00fan creen en su poder m\u00edstico y su vida e imagen sigue siendo una fuente de inspiraci\u00f3n para aquellos que luchan por superar la adversidad. <\/p>\n\n\n\n<blockquote class=\"wp-block-quote pullquote align-center is-layout-flow wp-block-quote-is-layout-flow\">\n<p>Chacal\u00f3n, fue mucho m\u00e1s que un cantante de chicha. Fue una leyenda nacida del barrio, del sufrimiento, de la humildad y del amor por su gente. <\/p>\n<\/blockquote>\n\n\n\n<p>Entre sus otros grandes \u00e9xitos se incluyen canciones como \u00ab<strong>Mi dolor\u00bb, \u00abViento\u00bb, \u00abAmargo Amor\u00bb, \u00abPor que te amo \u00bb Soy provinciano\u00bb, Lagrimas de Amor, \u00abTriste desenga\u00f1o\u00bb<\/strong>, y <strong>\u00abEl muchacho pobre\u00bb<\/strong>, todas las cuales siguen siendo coreadas por sus fan\u00e1ticos y mantienen vivo el legado de un hombre que, sin pretenderlo, se convirti\u00f3 en una leyenda.<\/p>\n\n\n\n<p><strong>Lorenzo Palacios Quispe,<\/strong> m\u00e1s conocido como<strong> Chacal\u00f3n<\/strong>, fue mucho m\u00e1s que un cantante de chicha. Fue una leyenda nacida del barrio, del sufrimiento, de la humildad y del amor por su gente. Hoy, su legado sigue vivo y su historia sigue siendo contada por aquellos que lo conocieron y por los que lo veneran como un verdadero santo del pueblo.<\/p>\n\n\n\n<p><strong>\u00bfQu\u00e9 opinas de la vida y el legado de Chacal\u00f3n?<\/strong> No te quedes sin compartir tu opini\u00f3n en los comentarios, y si te gust\u00f3 este art\u00edculo, \u00a1comp\u00e1rtelo con tus amigos y suscr\u00edbete a nuestra p\u00e1gina web para recibir m\u00e1s historias sobre \u00edconos peruanos!<\/p>\n\n\n\n<p><\/p>\n\n\n\n<figure class=\"wp-block-embed is-type-video is-provider-youtube wp-block-embed-youtube wp-embed-aspect-4-3 wp-has-aspect-ratio\"><div class=\"wp-block-embed__wrapper\">\n<div class=\"jeg_video_container jeg_video_content\"><iframe title=\"Soy Provinciano\" width=\"500\" height=\"375\" src=\"https:\/\/www.youtube.com\/embed\/0Y8VC87djVg?feature=oembed\" frameborder=\"0\" allow=\"accelerometer; autoplay; clipboard-write; encrypted-media; gyroscope; picture-in-picture; web-share\" referrerpolicy=\"strict-origin-when-cross-origin\" allowfullscreen><\/iframe><\/div>\n<\/div><\/figure>\n","protected":false},"excerpt":{"rendered":"<p>Chacal\u00f3n. Su nombre evoca un sinf\u00edn de emociones y tambi\u00e9n controversias. Fue un personaje que surgi\u00f3 desde lo m\u00e1s profundo de los barrios marginales de Lima, un lugar donde la vida es una batalla constante y donde el respeto se gana a pulso. Pero Lorenzo Palacios Quispe, conocido en cada esquina de Per\u00fa como Chacal\u00f3n, [&hellip;]<\/p>\n","protected":false},"author":1,"featured_media":2659,"comment_status":"open","ping_status":"open","sticky":false,"template":"","format":"standard","meta":{"jnews-multi-image_gallery":[],"jnews_single_post":{"format":"standard","override":[{"template":"1","parallax":"1","fullscreen":"1","layout":"right-sidebar","sidebar":"default-sidebar","second_sidebar":"default-sidebar","sticky_sidebar":"1","share_position":"top","share_float_style":"share-monocrhome","show_share_counter":"1","show_view_counter":"1","show_featured":"1","show_post_meta":"1","show_post_author":"1","show_post_author_image":"1","show_post_date":"1","post_date_format":"default","post_date_format_custom":"Y\/m\/d","show_post_category":"1","show_post_reading_time":"0","post_reading_time_wpm":"300","post_calculate_word_method":"str_word_count","show_zoom_button":"0","zoom_button_out_step":"2","zoom_button_in_step":"3","show_post_tag":"1","show_prev_next_post":"1","show_popup_post":"1","number_popup_post":"1","show_author_box":"0","show_post_related":"0","show_inline_post_related":"0"}],"image_override":[{"single_post_thumbnail_size":"crop-500","single_post_gallery_size":"crop-500"}],"trending_post_position":"meta","trending_post_label":"Trending","sponsored_post_label":"Sponsored by","disable_ad":"0","trending_post":"1"},"jnews_primary_category":[],"jnews_social_meta":[],"jnews_override_counter":{"view_counter_number":"0","share_counter_number":"0","like_counter_number":"0","dislike_counter_number":"0"},"footnotes":""},"categories":[186],"tags":[378,213,381,379,380],"class_list":["post-2141","post","type-post","status-publish","format-standard","has-post-thumbnail","hentry","category-estilo-de-vida","tag-chacalon-es","tag-chicha-es","tag-musica-es-2","tag-musica-chicha-es","tag-musica-peruana-es"],"_links":{"self":[{"href":"https:\/\/peruanos.nl\/es\/wp-json\/wp\/v2\/posts\/2141","targetHints":{"allow":["GET"]}}],"collection":[{"href":"https:\/\/peruanos.nl\/es\/wp-json\/wp\/v2\/posts"}],"about":[{"href":"https:\/\/peruanos.nl\/es\/wp-json\/wp\/v2\/types\/post"}],"author":[{"embeddable":true,"href":"https:\/\/peruanos.nl\/es\/wp-json\/wp\/v2\/users\/1"}],"replies":[{"embeddable":true,"href":"https:\/\/peruanos.nl\/es\/wp-json\/wp\/v2\/comments?post=2141"}],"version-history":[{"count":13,"href":"https:\/\/peruanos.nl\/es\/wp-json\/wp\/v2\/posts\/2141\/revisions"}],"predecessor-version":[{"id":2958,"href":"https:\/\/peruanos.nl\/es\/wp-json\/wp\/v2\/posts\/2141\/revisions\/2958"}],"wp:featuredmedia":[{"embeddable":true,"href":"https:\/\/peruanos.nl\/es\/wp-json\/wp\/v2\/media\/2659"}],"wp:attachment":[{"href":"https:\/\/peruanos.nl\/es\/wp-json\/wp\/v2\/media?parent=2141"}],"wp:term":[{"taxonomy":"category","embeddable":true,"href":"https:\/\/peruanos.nl\/es\/wp-json\/wp\/v2\/categories?post=2141"},{"taxonomy":"post_tag","embeddable":true,"href":"https:\/\/peruanos.nl\/es\/wp-json\/wp\/v2\/tags?post=2141"}],"curies":[{"name":"wp","href":"https:\/\/api.w.org\/{rel}","templated":true}]}}