{"id":2139,"date":"2024-10-31T00:00:26","date_gmt":"2024-10-30T23:00:26","guid":{"rendered":"https:\/\/peruanos.nl\/2024\/08\/04\/dia-de-la-cancion-criolla-historia-artistas-y-orgullo-peruano\/"},"modified":"2024-11-08T18:35:46","modified_gmt":"2024-11-08T17:35:46","slug":"dia-de-la-cancion-criolla-historia-artistas-y-orgullo-peruano","status":"publish","type":"post","link":"https:\/\/peruanos.nl\/es\/dia-de-la-cancion-criolla-historia-artistas-y-orgullo-peruano\/","title":{"rendered":"D\u00eda de la Canci\u00f3n Criolla: Historia, Artistas y Orgullo Peruano"},"content":{"rendered":"\n<p>Cada 31 de octubre, el Per\u00fa celebra uno de los eventos m\u00e1s vibrantes y emotivos de su calendario cultural: el <strong>D\u00eda de la Canci\u00f3n Criolla<\/strong>. Esta fecha, que coincide con las festividades del <strong>Se\u00f1or de los Milagros<\/strong>, es un tributo a la rica tradici\u00f3n musical del pa\u00eds y una oportunidad para revivir la m\u00fasica que cuenta la historia de los barrios, de las calles y de la vida misma en Lima y en todo el Per\u00fa. La m\u00fasica criolla es, en esencia, el coraz\u00f3n sonoro de un pa\u00eds que abraza su mestizaje, y el D\u00eda de la Canci\u00f3n Criolla es su celebraci\u00f3n m\u00e1xima.  <\/p>\n\n<p>En este art\u00edculo te invitamos a descubrir el origen, la evoluci\u00f3n y los exponentes m\u00e1s emblem\u00e1ticos de esta m\u00fasica, mientras exploras por qu\u00e9 los peruanos deben sentirse tan orgullosos de su legado criollo. \u00a1Acomp\u00e1\u00f1anos en este fascinante recorrido por la historia y los ritmos de la m\u00fasica criolla peruana! <\/p>\n\n<h3 class=\"wp-block-heading\">El Origen del D\u00eda de la Canci\u00f3n Criolla<\/h3>\n\n<p>El <strong>18 de octubre de 1944<\/strong>, el entonces presidente del Per\u00fa, <strong>Manuel Prado Ugarteche<\/strong>, decidi\u00f3 establecer una fecha para rendir homenaje a los m\u00fasicos y artistas criollos de la \u00e9poca. Con la intenci\u00f3n de coincidir con las celebraciones del <strong>Se\u00f1or de los Milagros<\/strong>, un evento religioso de gran importancia en Lima, el <strong>D\u00eda de la Canci\u00f3n Criolla<\/strong> fue creado para celebrar la riqueza y diversidad de este g\u00e9nero musical. A\u00f1os m\u00e1s tarde, en <strong>1973<\/strong>, tras la muerte de la ic\u00f3nica cantante <strong>Lucha Reyes<\/strong> el 31 de octubre, la festividad fue trasladada a esta fecha en su honor, consolid\u00e1ndose como una fecha de doble significado para los peruanos: m\u00fasica y devoci\u00f3n.  <\/p>\n\n<figure class=\"wp-block-image size-full is-resized\"><img fetchpriority=\"high\" decoding=\"async\" width=\"500\" height=\"336\" src=\"https:\/\/peruanos.nl\/wp-content\/uploads\/2024\/08\/dia_de_la_cancion_peruana_inside_article_4.webp\" alt=\"\" class=\"wp-image-1439\" style=\"width:1170px;height:auto\" srcset=\"https:\/\/peruanos.nl\/wp-content\/uploads\/2024\/08\/dia_de_la_cancion_peruana_inside_article_4.webp 500w, https:\/\/peruanos.nl\/wp-content\/uploads\/2024\/08\/dia_de_la_cancion_peruana_inside_article_4-300x202.webp 300w\" sizes=\"(max-width: 500px) 100vw, 500px\" \/><\/figure>\n\n<h3 class=\"wp-block-heading\">La M\u00fasica Criolla: Una Fusi\u00f3n \u00danica y Mestiza<\/h3>\n\n<p>La m\u00fasica criolla es el resultado de una fascinante mezcla de culturas. A lo largo de los siglos, los m\u00fasicos peruanos lograron fusionar diferentes g\u00e9neros musicales de origen europeo, andino y africano. El <strong>vals vien\u00e9s<\/strong>, la <strong>jota espa\u00f1ola<\/strong>, la <strong>zarzuela espa\u00f1ola<\/strong>, y los ritmos tradicionales <strong>andinos<\/strong> y <strong>afroperuanos<\/strong> dieron origen a la m\u00fasica criolla, un g\u00e9nero profundamente mestizo y representativo de la multiculturalidad del Per\u00fa.  <\/p>\n\n<p>Aunque sus ra\u00edces est\u00e1n en los <strong>Barrios Altos<\/strong> y el <strong>R\u00edmac<\/strong> de Lima, este g\u00e9nero r\u00e1pidamente se extendi\u00f3 por todo el pa\u00eds, convirti\u00e9ndose en un s\u00edmbolo de la identidad nacional. Con el tiempo, se consolid\u00f3 como la m\u00fasica que acompa\u00f1aba las celebraciones, las penas, los amores y desamores de la vida diaria en las calles lime\u00f1as. <\/p>\n\n<figure class=\"wp-block-image size-full is-resized\"><img decoding=\"async\" width=\"800\" height=\"537\" src=\"https:\/\/peruanos.nl\/wp-content\/uploads\/2024\/08\/dia_de_la_cancion_peruana_inside_article_3-1.webp\" alt=\"\" class=\"wp-image-1441\" style=\"width:1170px;height:auto\" srcset=\"https:\/\/peruanos.nl\/wp-content\/uploads\/2024\/08\/dia_de_la_cancion_peruana_inside_article_3-1.webp 800w, https:\/\/peruanos.nl\/wp-content\/uploads\/2024\/08\/dia_de_la_cancion_peruana_inside_article_3-1-600x403.webp 600w, https:\/\/peruanos.nl\/wp-content\/uploads\/2024\/08\/dia_de_la_cancion_peruana_inside_article_3-1-300x201.webp 300w, https:\/\/peruanos.nl\/wp-content\/uploads\/2024\/08\/dia_de_la_cancion_peruana_inside_article_3-1-768x516.webp 768w, https:\/\/peruanos.nl\/wp-content\/uploads\/2024\/08\/dia_de_la_cancion_peruana_inside_article_3-1-750x503.webp 750w\" sizes=\"(max-width: 800px) 100vw, 800px\" \/><\/figure>\n\n<h3 class=\"wp-block-heading\">Artistas Que Definieron la M\u00fasica Criolla<\/h3>\n\n<p>La m\u00fasica criolla tiene una larga lista de exponentes que marcaron una \u00e9poca y cuyo legado sigue vivo hasta el d\u00eda de hoy. Estos artistas no solo compusieron canciones, sino que tambi\u00e9n se convirtieron en s\u00edmbolos de la resistencia cultural y el orgullo nacional: <\/p>\n\n<p><strong>Los Embajadores Criollos<\/strong> y <strong>Los Morochucos<\/strong>: Grupos emblem\u00e1ticos que marcaron la historia de la m\u00fasica criolla, con sus armon\u00edas y virtuosismo en la guitarra criolla, inmortalizando temas que hoy forman parte del acervo cultural peruano.<\/p>\n\n<p><strong>Felipe Pinglo Alva<\/strong>: Considerado el padre del vals criollo, sus composiciones como <strong>\u00abEl Plebeyo\u00bb<\/strong> y <strong>\u00abEl Huerto de mi Amada\u00bb<\/strong> se han convertido en himnos del g\u00e9nero. Pinglo retrat\u00f3 en sus canciones las vidas de los humildes y marginados, reflejando con sensibilidad las historias de amor, lucha y dolor del pueblo. <\/p>\n\n<p><strong>Carmencita Lara<\/strong>: Con su voz inconfundible, Carmencita Lara inmortaliz\u00f3 temas como <strong>\u00abOlv\u00eddala Amigo\u00bb<\/strong> y <strong>\u00abLlora, Llora Coraz\u00f3n\u00bb<\/strong>, que mezclaban lo criollo con el lamento de los corazones heridos. Fue una de las figuras m\u00e1s queridas del g\u00e9nero. <\/p>\n\n<p><strong>Arturo \u00abZambo\u00bb Cavero<\/strong> y <strong>\u00d3scar Avil\u00e9s<\/strong>: Juntos, conformaron uno de los d\u00faos m\u00e1s legendarios de la m\u00fasica criolla. Canciones como <strong>\u00abY se llama Per\u00fa\u00bb<\/strong> y <strong>\u00abContigo Per\u00fa\u00bb<\/strong> se convirtieron en aut\u00e9nticos himnos patri\u00f3ticos que siguen emocionando a los peruanos. <\/p>\n\n<p><strong>Chabuca Granda<\/strong>: La creadora de la inolvidable <strong>\u00abLa Flor de la Canela\u00bb<\/strong> y <strong>\u00abJos\u00e9 Antonio\u00bb<\/strong>, supo elevar la m\u00fasica criolla a niveles de poes\u00eda, logrando el reconocimiento internacional por su l\u00edrica y estilo \u00fanico.<\/p>\n\n<p><strong>Augusto Polo Campos<\/strong>: El compositor de grandes \u00e9xitos como <strong>\u00abContigo Per\u00fa\u00bb<\/strong> y <strong>\u00abRegresa\u00bb<\/strong>, Augusto Polo Campos fue otro de los grandes genios que contribuyeron a la riqueza del cancionero criollo.<\/p>\n\n<p><strong>Eva Ayll\u00f3n<\/strong>: Considerada la <strong>\u00abReina del Land\u00f3\u00bb<\/strong>, Eva Ayll\u00f3n ha sido una de las figuras m\u00e1s influyentes en la difusi\u00f3n y preservaci\u00f3n de la m\u00fasica criolla y afroperuana, llevando su talento a escenarios internacionales.<\/p>\n\n<figure class=\"wp-block-image size-full is-resized\"><img decoding=\"async\" width=\"833\" height=\"380\" src=\"https:\/\/peruanos.nl\/wp-content\/uploads\/2024\/08\/dia_cancion_criolla_inside_article_1.webp\" alt=\"\" class=\"wp-image-1434\" style=\"width:1170px;height:auto\" srcset=\"https:\/\/peruanos.nl\/wp-content\/uploads\/2024\/08\/dia_cancion_criolla_inside_article_1.webp 833w, https:\/\/peruanos.nl\/wp-content\/uploads\/2024\/08\/dia_cancion_criolla_inside_article_1-600x274.webp 600w, https:\/\/peruanos.nl\/wp-content\/uploads\/2024\/08\/dia_cancion_criolla_inside_article_1-300x137.webp 300w, https:\/\/peruanos.nl\/wp-content\/uploads\/2024\/08\/dia_cancion_criolla_inside_article_1-768x350.webp 768w, https:\/\/peruanos.nl\/wp-content\/uploads\/2024\/08\/dia_cancion_criolla_inside_article_1-750x342.webp 750w\" sizes=\"(max-width: 833px) 100vw, 833px\" \/><\/figure>\n\n<h3 class=\"wp-block-heading\">El Estilo Inconfundible de la Guitarra Criolla<\/h3>\n\n<p>Un aspecto particular de la m\u00fasica criolla es su uso distintivo de la guitarra criolla. Los guitarristas peruanos desarrollaron un estilo \u00fanico, que mezcla complejos arpegios y rasgueos con una sensibilidad r\u00edtmica que acompa\u00f1a las emotivas letras del vals, la marinera o el tondero. Esta guitarra se ha convertido en la columna vertebral de la m\u00fasica criolla, siendo el acompa\u00f1amiento perfecto para las voces que narran las historias de amor, dolor y alegr\u00eda del pueblo peruano.  <\/p>\n\n<blockquote class=\"wp-block-quote is-style-plain is-layout-flow wp-block-quote-is-layout-flow\">\n<blockquote class=\"wp-block-quote is-layout-flow wp-block-quote-is-layout-flow\">\n<p>La m\u00fasica criolla es mucho m\u00e1s que un g\u00e9nero musical; es la voz del Per\u00fa. Es el reflejo del mestizaje cultural que define al pa\u00eds, un testimonio sonoro de su historia, sus luchas y sus sue\u00f1os. <\/p>\n<\/blockquote>\n<\/blockquote>\n\n<h3 class=\"wp-block-heading\">El Legado de Lucha Reyes: El Coraz\u00f3n de la Canci\u00f3n Criolla<\/h3>\n\n<p>El <strong>31 de octubre de 1973<\/strong>, la m\u00fasica criolla perdi\u00f3 a una de sus figuras m\u00e1s queridas: <strong>Lucha Reyes<\/strong>. Conocida como la <strong>\u00abMorena de Oro\u00bb<\/strong>, Lucha Reyes fue una de las voces m\u00e1s poderosas del g\u00e9nero. Su interpretaci\u00f3n de <strong>\u00abRegresa\u00bb<\/strong> se ha convertido en un cl\u00e1sico inmortal, que sigue resonando en las pe\u00f1as y corazones de los peruanos. Tras su fallecimiento, se decidi\u00f3 que el <strong>D\u00eda de la Canci\u00f3n Criolla<\/strong> se celebrara cada 31 de octubre, como un tributo eterno a su legado.   <\/p>\n\n<figure class=\"wp-block-image alignnone size-full is-resized wp-image-947\"><img loading=\"lazy\" decoding=\"async\" width=\"800\" height=\"537\" src=\"https:\/\/peruanos.nl\/wp-content\/uploads\/2024\/08\/lucha_reyes_inside_article.webp\" alt=\"\" class=\"wp-image-1437\" style=\"width:1170px;height:auto\" srcset=\"https:\/\/peruanos.nl\/wp-content\/uploads\/2024\/08\/lucha_reyes_inside_article.webp 800w, https:\/\/peruanos.nl\/wp-content\/uploads\/2024\/08\/lucha_reyes_inside_article-600x403.webp 600w, https:\/\/peruanos.nl\/wp-content\/uploads\/2024\/08\/lucha_reyes_inside_article-300x201.webp 300w, https:\/\/peruanos.nl\/wp-content\/uploads\/2024\/08\/lucha_reyes_inside_article-768x516.webp 768w, https:\/\/peruanos.nl\/wp-content\/uploads\/2024\/08\/lucha_reyes_inside_article-750x503.webp 750w\" sizes=\"(max-width: 800px) 100vw, 800px\" \/><figcaption class=\"wp-element-caption\">Lucha Reyes en una presentacion en canal 5 | Diciembre 1972<\/figcaption><\/figure>\n\n<h3 class=\"wp-block-heading\">Por Qu\u00e9 los Peruanos Deben Sentirse Orgullosos de su M\u00fasica Criolla<\/h3>\n\n<p>La m\u00fasica criolla es mucho m\u00e1s que un g\u00e9nero musical; es la voz del Per\u00fa. Es el reflejo del mestizaje cultural que define al pa\u00eds, un testimonio sonoro de su historia, sus luchas y sus sue\u00f1os. Cada vals, cada marinera, cada tondero es un fragmento de la identidad nacional. Esta m\u00fasica ha acompa\u00f1ado al pueblo en sus momentos m\u00e1s dif\u00edciles y tambi\u00e9n en sus celebraciones m\u00e1s alegres.   <\/p>\n\n<p>Los peruanos deben sentirse orgullosos de su m\u00fasica criolla porque es una representaci\u00f3n viva de su cultura, de su capacidad para integrar diversas influencias y convertirlas en algo propio. Es una m\u00fasica que cuenta historias de vida, de amor, de lucha, y de resistencia. <\/p>\n\n<h3 class=\"wp-block-heading\">Celebra el D\u00eda de la Canci\u00f3n Criolla<\/h3>\n\n<p>El D\u00eda de la Canci\u00f3n Criolla es una oportunidad para reconectar con las ra\u00edces musicales del Per\u00fa. Te invitamos a celebrar este d\u00eda escuchando a los grandes exponentes del g\u00e9nero, visitando las <strong>pe\u00f1as y fiestas criollas en el Per\u00fa, Paises Bajos<\/strong><strong> y todo el mundo<\/strong> donde a\u00fan se tocan los valses y marineras en vivo, o simplemente compartiendo una canci\u00f3n con tus seres queridos. <\/p>\n\n<figure class=\"wp-block-image alignnone size-full is-resized wp-image-947\"><img loading=\"lazy\" decoding=\"async\" width=\"800\" height=\"537\" src=\"https:\/\/peruanos.nl\/wp-content\/uploads\/2024\/08\/dia_de_la_cancion_peruana_inside_article_2.webp\" alt=\"\" class=\"wp-image-1442\" style=\"width:1170px;height:auto\" srcset=\"https:\/\/peruanos.nl\/wp-content\/uploads\/2024\/08\/dia_de_la_cancion_peruana_inside_article_2.webp 800w, https:\/\/peruanos.nl\/wp-content\/uploads\/2024\/08\/dia_de_la_cancion_peruana_inside_article_2-600x403.webp 600w, https:\/\/peruanos.nl\/wp-content\/uploads\/2024\/08\/dia_de_la_cancion_peruana_inside_article_2-300x201.webp 300w, https:\/\/peruanos.nl\/wp-content\/uploads\/2024\/08\/dia_de_la_cancion_peruana_inside_article_2-768x516.webp 768w, https:\/\/peruanos.nl\/wp-content\/uploads\/2024\/08\/dia_de_la_cancion_peruana_inside_article_2-750x503.webp 750w\" sizes=\"(max-width: 800px) 100vw, 800px\" \/><figcaption class=\"wp-element-caption\">Arturo \u00abZambo\u00bb Cavero y \u00d3scar Avil\u00e9s | Photo de archivo: Revista Ovaci\u00f3n 12 marzo 1977<\/figcaption><\/figure>\n\n<p>Queremos saber cu\u00e1l es tu canci\u00f3n criolla favorita. \u00bfQu\u00e9 recuerdos te trae la m\u00fasica criolla? <strong>D\u00e9janos tu comentario<\/strong> y comparte este art\u00edculo con aquellos que tambi\u00e9n aprecian la rica tradici\u00f3n musical del Per\u00fa. No olvides <strong>suscribirte<\/strong> a nuestra p\u00e1gina para recibir m\u00e1s historias, an\u00e9cdotas y novedades sobre la cultura peruana. \u00a1Juntos, sigamos haciendo que la m\u00fasica criolla nunca deje de sonar en el coraz\u00f3n de los peruanos!   <\/p>\n\n<figure class=\"wp-block-embed is-type-video is-provider-youtube wp-block-embed-youtube wp-embed-aspect-16-9 wp-has-aspect-ratio\"><div class=\"wp-block-embed__wrapper\">\n<div class=\"jeg_video_container jeg_video_content\"><iframe title=\"Contigo Peru\u0301\" width=\"500\" height=\"281\" src=\"https:\/\/www.youtube.com\/embed\/sspHSzXlktc?start=96&#038;feature=oembed\" frameborder=\"0\" allow=\"accelerometer; autoplay; clipboard-write; encrypted-media; gyroscope; picture-in-picture; web-share\" referrerpolicy=\"strict-origin-when-cross-origin\" allowfullscreen><\/iframe><\/div>\n<\/div><\/figure>\n","protected":false},"excerpt":{"rendered":"<p>Cada 31 de octubre, el Per\u00fa celebra uno de los eventos m\u00e1s vibrantes y emotivos de su calendario cultural: el D\u00eda de la Canci\u00f3n Criolla. Esta fecha, que coincide con las festividades del Se\u00f1or de los Milagros, es un tributo a la rica tradici\u00f3n musical del pa\u00eds y una oportunidad para revivir la m\u00fasica que [&hellip;]<\/p>\n","protected":false},"author":3,"featured_media":1779,"comment_status":"open","ping_status":"open","sticky":false,"template":"","format":"standard","meta":{"jnews-multi-image_gallery":[],"jnews_single_post":{"format":"standard"},"jnews_primary_category":[],"jnews_social_meta":[],"jnews_override_counter":[],"footnotes":""},"categories":[154,177],"tags":[277,279,278],"class_list":["post-2139","post","type-post","status-publish","format-standard","has-post-thumbnail","hentry","category-cultura-es","category-historia","tag-dia-de-la-cancion-criolla-es","tag-musica-criolla-es","tag-vals-peruano-es"],"_links":{"self":[{"href":"https:\/\/peruanos.nl\/es\/wp-json\/wp\/v2\/posts\/2139","targetHints":{"allow":["GET"]}}],"collection":[{"href":"https:\/\/peruanos.nl\/es\/wp-json\/wp\/v2\/posts"}],"about":[{"href":"https:\/\/peruanos.nl\/es\/wp-json\/wp\/v2\/types\/post"}],"author":[{"embeddable":true,"href":"https:\/\/peruanos.nl\/es\/wp-json\/wp\/v2\/users\/3"}],"replies":[{"embeddable":true,"href":"https:\/\/peruanos.nl\/es\/wp-json\/wp\/v2\/comments?post=2139"}],"version-history":[{"count":1,"href":"https:\/\/peruanos.nl\/es\/wp-json\/wp\/v2\/posts\/2139\/revisions"}],"predecessor-version":[{"id":2140,"href":"https:\/\/peruanos.nl\/es\/wp-json\/wp\/v2\/posts\/2139\/revisions\/2140"}],"wp:featuredmedia":[{"embeddable":true,"href":"https:\/\/peruanos.nl\/es\/wp-json\/wp\/v2\/media\/1779"}],"wp:attachment":[{"href":"https:\/\/peruanos.nl\/es\/wp-json\/wp\/v2\/media?parent=2139"}],"wp:term":[{"taxonomy":"category","embeddable":true,"href":"https:\/\/peruanos.nl\/es\/wp-json\/wp\/v2\/categories?post=2139"},{"taxonomy":"post_tag","embeddable":true,"href":"https:\/\/peruanos.nl\/es\/wp-json\/wp\/v2\/tags?post=2139"}],"curies":[{"name":"wp","href":"https:\/\/api.w.org\/{rel}","templated":true}]}}