{"id":2123,"date":"2024-08-14T16:00:10","date_gmt":"2024-08-14T14:00:10","guid":{"rendered":"https:\/\/peruanos.nl\/2024\/08\/14\/el-fascinante-perro-peruano-sin-pelo-una-de-las-razas-mas-exoticas-y-ancestrales-del-mundo\/"},"modified":"2024-11-12T17:46:56","modified_gmt":"2024-11-12T16:46:56","slug":"el-fascinante-perro-peruano-sin-pelo-una-de-las-razas-mas-exoticas-y-ancestrales-del-mundo","status":"publish","type":"post","link":"https:\/\/peruanos.nl\/es\/el-fascinante-perro-peruano-sin-pelo-una-de-las-razas-mas-exoticas-y-ancestrales-del-mundo\/","title":{"rendered":"El Fascinante Perro Peruano sin Pelo: Una de las Razas m\u00e1s Ex\u00f3ticas y Ancestrales del Mundo"},"content":{"rendered":"\n<p>El <strong>Perro Peruano sin Pelo<\/strong>, tambi\u00e9n conocido como \u00abViringo\u00bb, es una de las razas m\u00e1s ex\u00f3ticas y misteriosas del mundo, con una historia que se remonta a miles de a\u00f1os. No solo es una de las razas m\u00e1s antiguas de Am\u00e9rica, sino que tambi\u00e9n est\u00e1 profundamente arraigada en la cultura precolombina de Per\u00fa, donde fue valorado por su singularidad y por sus supuestas propiedades curativas. En este art\u00edculo, exploraremos por qu\u00e9 esta raza sigue cautivando tanto a los peruanos como a amantes de los perros de todo el mundo, y c\u00f3mo ha sido redescubierta y apreciada en la actualidad.  <\/p>\n\n<h3 class=\"wp-block-heading\">Or\u00edgenes Ancestrales del Perro Peruano sin Pelo<\/h3>\n\n<p>El <strong>Perro sin Pelo del Per\u00fa<\/strong> es una raza que ha permanecido pr\u00e1cticamente inalterada desde sus or\u00edgenes, lo que lo clasifica como un perro de tipo primitivo. Esto significa que su morfolog\u00eda no ha cambiado en miles de a\u00f1os, lo que le otorga un valor natural inigualable. De hecho, seg\u00fan los investigadores, su presencia en la regi\u00f3n andina data de entre <strong>300 y 500 a\u00f1os a.C.<\/strong>, y su imagen ha sido representada en diversas culturas antiguas, como los <strong>Mochica<\/strong>, <strong>Chim\u00fa<\/strong>, <strong>Paracas,<\/strong> <strong>Vic\u00fas<\/strong>, y <strong>Chancay<\/strong>.  <\/p>\n\n<p>En la lengua quechua, una de las lenguas tambien originarias del Per\u00fa, el t\u00e9rmino \u201c<strong>Viringo<\/strong>\u201d tiene varios significados. Para algunos, significa \u201cavisador\u201d debido a la agudeza de sus sentidos y su habilidad para alertar a sus due\u00f1os, mientras que otras teor\u00edas sugieren que se refiere a su condici\u00f3n de <strong>desnudo<\/strong> o sin pelo, ya que esta palabra se usa como sin\u00f3nimo de \u201cdesnudo\u201d en otras partes de Sudam\u00e9rica. <\/p>\n\n<h3 class=\"wp-block-heading\">El Misterio Cient\u00edfico Detr\u00e1s de su Falta de Pelo<\/h3>\n\n<p>Una de las caracter\u00edsticas m\u00e1s sorprendentes de esta raza es la ausencia de pelaje, una peculiaridad que ha despertado la curiosidad de cient\u00edficos e historiadores. Seg\u00fan la ciencia, el <strong>Perro sin Pelo del Per\u00fa<\/strong> sufre un trastorno gen\u00e9tico conocido como <strong>hipoplasia ectod\u00e9rmica<\/strong>, que afecta el desarrollo de la piel y otras partes del cuerpo, como los dientes. Este s\u00edndrome no solo es responsable de la falta de pelaje, sino tambi\u00e9n de que la temperatura corporal de estos perros sea <strong>tres grados m\u00e1s alta<\/strong> que la de los humanos, lo que los convierte en una fuente natural de calor.  <\/p>\n\n<figure class=\"wp-block-image alignnone size-large is-resized wp-image-947 size-full\"><img fetchpriority=\"high\" decoding=\"async\" width=\"1024\" height=\"766\" src=\"https:\/\/peruanos.nl\/wp-content\/uploads\/2024\/08\/perro_peruano_inside_articulo-1024x766.jpg\" alt=\"\" class=\"wp-image-1283\" style=\"width:1170px;height:auto\" srcset=\"https:\/\/peruanos.nl\/wp-content\/uploads\/2024\/08\/perro_peruano_inside_articulo-1024x766.jpg 1024w, https:\/\/peruanos.nl\/wp-content\/uploads\/2024\/08\/perro_peruano_inside_articulo-600x449.jpg 600w, https:\/\/peruanos.nl\/wp-content\/uploads\/2024\/08\/perro_peruano_inside_articulo-300x224.jpg 300w, https:\/\/peruanos.nl\/wp-content\/uploads\/2024\/08\/perro_peruano_inside_articulo-768x575.jpg 768w, https:\/\/peruanos.nl\/wp-content\/uploads\/2024\/08\/perro_peruano_inside_articulo-750x561.jpg 750w, https:\/\/peruanos.nl\/wp-content\/uploads\/2024\/08\/perro_peruano_inside_articulo.jpg 1140w\" sizes=\"(max-width: 1024px) 100vw, 1024px\" \/><figcaption class=\"wp-element-caption\"><em>Ceramio de la cultura Chim\u00fa (1100 &#8211; 1450 d.C.) representando a un Perro Sin Pelo del Per\u00fa. Expuesto en el Museo de Arqueolog\u00eda, Antropolog\u00eda e Historia del Per\u00fa. <\/em><\/figcaption><\/figure>\n\n<p>En tiempos antiguos, los incas y otras culturas andinas valoraban este calor como una caracter\u00edstica curativa. Se cre\u00eda que estos perros pod\u00edan aliviar dolencias como el asma o el reumatismo, simplemente por el contacto con su piel caliente. Este mito ha perdurado a lo largo de los siglos, y hoy en d\u00eda muchas personas siguen creyendo en las propiedades terap\u00e9uticas del <strong>Perro sin Pelo del Per\u00fa<\/strong>.  <\/p>\n\n<h3 class=\"wp-block-heading\">El Valor Espiritual del \u00abAllqu\u00bb o \u00abKaclla\u00bb en la Cultura Inca<\/h3>\n\n<p>En la civilizaci\u00f3n inca, el <strong>Perro sin Pelo del Per\u00fa<\/strong> no era solo un compa\u00f1ero, sino un animal sagrado. Era conocido como <strong>Allqu<\/strong> o <strong>Kaclla<\/strong>, y los incas lo utilizaban en diversos <strong>rituales y ceremonias<\/strong> llevadas a cabo por curanderos y chamanes. Estos perros eran considerados como gu\u00edas espirituales, especialmente aquellos de color negro, ya que se cre\u00eda que pod\u00edan guiar las almas de los difuntos en su viaje hacia el m\u00e1s all\u00e1.  <\/p>\n\n<p>Adem\u00e1s, su cuerpo ten\u00eda un valor pr\u00e1ctico y espiritual para los antiguos peruanos. Tras la muerte de uno de estos perros, su cuerpo era aprovechado en su totalidad, ya sea para rituales o por sus propiedades curativas. Los incas cre\u00edan que su sangre pod\u00eda tratar enfermedades respiratorias, como el asma, lo que subraya la importancia que ten\u00eda este animal en su cultura.  <\/p>\n\n<blockquote class=\"wp-block-quote pullquote align-center is-layout-flow wp-block-quote-is-layout-flow\">\n<p>El <strong>Perro sin Pelo del Per\u00fa<\/strong> sigue siendo una de las razas m\u00e1s fascinantes del mundo, apreciada tanto por su aspecto singular como por la historia que lleva en su piel.<\/p>\n<\/blockquote>\n\n<h3 class=\"wp-block-heading\">El Resurgir de una Raza Casi Extinta<\/h3>\n\n<p>Con la llegada de los conquistadores espa\u00f1oles al Per\u00fa en el siglo XVI, el <strong>Perro sin Pelo del Per\u00fa<\/strong> fue percibido de una manera muy diferente. Los colonizadores lo consideraban un animal maligno y supersticioso, lo que condujo a una persecuci\u00f3n sistem\u00e1tica de la raza. Durante siglos, estos perros fueron <strong>marginados<\/strong>, convirti\u00e9ndose en animales callejeros y casi desapareciendo por completo de la cultura peruana.  <\/p>\n\n<p>En <strong>1985<\/strong>, la raza fue registrada oficialmente en la <strong>Federaci\u00f3n Cinol\u00f3gica Internacional (FCI)<\/strong>, siendo clasificada en el <strong>Grupo V<\/strong>, que abarca perros tipo Spitz y de tipo primitivo, atl\u00e9ticos y \u00e1giles. Este reconocimiento internacional permiti\u00f3 que la raza fuera valorada y protegida tanto en Per\u00fa como en otras partes del mundo. <\/p>\n\n<p>Afortunadamente, el resurgir del inter\u00e9s por la historia precolombina y la identidad cultural de Per\u00fa ha llevado a un renacimiento de esta raza. El 22 de octubre de <strong>2001<\/strong>, el Congreso de la Rep\u00fablica del Per\u00fa, mediante el <strong>Decreto Ley N\u00b0 27537<\/strong>, declar\u00f3 al <strong>Perro sin Pelo del Per\u00fa<\/strong> como <strong>Patrimonio de la Naci\u00f3n<\/strong>. Esta declaraci\u00f3n no solo preserva la raza, sino que la reconoce como una parte integral del legado cultural peruano.  <\/p>\n\n<h3 class=\"wp-block-heading\">El car\u00e1cter y personalidad del Perro Sin Pelo del Per\u00fa<\/h3>\n\n<p>M\u00e1s all\u00e1 de su apariencia ex\u00f3tica, el <strong>Perro Sin Pelo del Per\u00fa<\/strong> destaca por su personalidad. Es un perro inteligente, leal y protector, con una naturaleza tranquila pero alerta. Es afectuoso con su familia, pero puede ser reservado con los extra\u00f1os, lo que lo convierte en un excelente perro guardi\u00e1n. A pesar de su aspecto delicado, es un perro resistente y saludable, siempre que reciba los cuidados adecuados para su piel expuesta.   <\/p>\n\n<p>El Viringo es especialmente cari\u00f1oso con los ni\u00f1os y disfruta de la compa\u00f1\u00eda humana. Su temperamento calmado lo hace ideal para hogares tranquilos, mientras que su agilidad y energ\u00eda lo convierten en un excelente compa\u00f1ero para actividades al aire libre. <\/p>\n\n<figure class=\"wp-block-image size-large is-resized\"><img decoding=\"async\" width=\"1024\" height=\"766\" src=\"https:\/\/peruanos.nl\/wp-content\/uploads\/2024\/08\/perro_peruano_inside_articulo1-1024x766.jpg\" alt=\"\" class=\"wp-image-1284\" style=\"width:1170px;height:auto\" srcset=\"https:\/\/peruanos.nl\/wp-content\/uploads\/2024\/08\/perro_peruano_inside_articulo1-1024x766.jpg 1024w, https:\/\/peruanos.nl\/wp-content\/uploads\/2024\/08\/perro_peruano_inside_articulo1-600x449.jpg 600w, https:\/\/peruanos.nl\/wp-content\/uploads\/2024\/08\/perro_peruano_inside_articulo1-300x224.jpg 300w, https:\/\/peruanos.nl\/wp-content\/uploads\/2024\/08\/perro_peruano_inside_articulo1-768x575.jpg 768w, https:\/\/peruanos.nl\/wp-content\/uploads\/2024\/08\/perro_peruano_inside_articulo1-750x561.jpg 750w, https:\/\/peruanos.nl\/wp-content\/uploads\/2024\/08\/perro_peruano_inside_articulo1.jpg 1140w\" sizes=\"(max-width: 1024px) 100vw, 1024px\" \/><\/figure>\n\n<h3 class=\"wp-block-heading\">De los Tiempos Antiguos a la Actualidad: Un S\u00edmbolo Nacional<\/h3>\n\n<p>Hoy en d\u00eda, el <strong>Perro sin Pelo del Per\u00fa<\/strong> ha recuperado su lugar en la sociedad peruana. Ha pasado de ser un perro callejero y marginado a ser <strong>amado y apreciado<\/strong> nuevamente, tal como lo hac\u00edan los antiguos peruanos de las civilizaciones milenarias. En la actualidad, es com\u00fan encontrar estos perros en hogares peruanos como mascotas, donde su aspecto ex\u00f3tico y su rica historia cultural contin\u00faan fascinando a nuevas generaciones.  <\/p>\n\n<p>Gracias a los esfuerzos de preservaci\u00f3n y a la creciente conciencia sobre su valor cultural, el <strong>Perro sin Pelo del Per\u00fa<\/strong> ha resurgido como un <strong>s\u00edmbolo de identidad nacional<\/strong>, representando la fusi\u00f3n entre la naturaleza, la cultura ancestral y la modernidad. Su historia, llena de altibajos, lo convierte en un perro \u00fanico que conecta a los peruanos con su pasado y les recuerda la importancia de proteger su herencia. <\/p>\n\n<p>El <strong>Perro sin Pelo del Per\u00fa<\/strong>, con su impresionante historia de supervivencia y su conexi\u00f3n con las culturas prehisp\u00e1nicas, es mucho m\u00e1s que una raza ex\u00f3tica. Su valor como s\u00edmbolo de identidad cultural y su renacimiento como una raza apreciada tanto en Per\u00fa como en el extranjero lo convierten en un emblema de la riqueza cultural del pa\u00eds. <\/p>\n\n<p>Desde su veneraci\u00f3n en tiempos antiguos hasta su casi extinci\u00f3n, este perro ha demostrado ser una raza resistente y especial, profundamente entrelazada con el legado espiritual y cultural de los pueblos andinos. Hoy en d\u00eda, el <strong>Perro sin Pelo del Per\u00fa<\/strong> sigue siendo una de las razas m\u00e1s fascinantes del mundo, apreciada tanto por su aspecto singular como por la historia que lleva en su piel. <\/p>\n","protected":false},"excerpt":{"rendered":"<p>El Perro Peruano sin Pelo, tambi\u00e9n conocido como \u00abViringo\u00bb, es una de las razas m\u00e1s ex\u00f3ticas y misteriosas del mundo, con una historia que se remonta a miles de a\u00f1os. No solo es una de las razas m\u00e1s antiguas de Am\u00e9rica, sino que tambi\u00e9n est\u00e1 profundamente arraigada en la cultura precolombina de Per\u00fa, donde fue [&hellip;]<\/p>\n","protected":false},"author":1,"featured_media":1675,"comment_status":"open","ping_status":"open","sticky":false,"template":"","format":"standard","meta":{"jnews-multi-image_gallery":[],"jnews_single_post":{"format":"standard"},"jnews_primary_category":[],"jnews_social_meta":[],"jnews_override_counter":[],"footnotes":""},"categories":[154],"tags":[258,259,260,257],"class_list":["post-2123","post","type-post","status-publish","format-standard","has-post-thumbnail","hentry","category-cultura-es","tag-animales-es","tag-perro-peruano-es","tag-perro-sin-pelo-es","tag-perros-es"],"_links":{"self":[{"href":"https:\/\/peruanos.nl\/es\/wp-json\/wp\/v2\/posts\/2123","targetHints":{"allow":["GET"]}}],"collection":[{"href":"https:\/\/peruanos.nl\/es\/wp-json\/wp\/v2\/posts"}],"about":[{"href":"https:\/\/peruanos.nl\/es\/wp-json\/wp\/v2\/types\/post"}],"author":[{"embeddable":true,"href":"https:\/\/peruanos.nl\/es\/wp-json\/wp\/v2\/users\/1"}],"replies":[{"embeddable":true,"href":"https:\/\/peruanos.nl\/es\/wp-json\/wp\/v2\/comments?post=2123"}],"version-history":[{"count":1,"href":"https:\/\/peruanos.nl\/es\/wp-json\/wp\/v2\/posts\/2123\/revisions"}],"predecessor-version":[{"id":2124,"href":"https:\/\/peruanos.nl\/es\/wp-json\/wp\/v2\/posts\/2123\/revisions\/2124"}],"wp:featuredmedia":[{"embeddable":true,"href":"https:\/\/peruanos.nl\/es\/wp-json\/wp\/v2\/media\/1675"}],"wp:attachment":[{"href":"https:\/\/peruanos.nl\/es\/wp-json\/wp\/v2\/media?parent=2123"}],"wp:term":[{"taxonomy":"category","embeddable":true,"href":"https:\/\/peruanos.nl\/es\/wp-json\/wp\/v2\/categories?post=2123"},{"taxonomy":"post_tag","embeddable":true,"href":"https:\/\/peruanos.nl\/es\/wp-json\/wp\/v2\/tags?post=2123"}],"curies":[{"name":"wp","href":"https:\/\/api.w.org\/{rel}","templated":true}]}}