{"id":2119,"date":"2024-09-19T15:59:51","date_gmt":"2024-09-19T13:59:51","guid":{"rendered":"https:\/\/peruanos.nl\/2024\/09\/19\/yma-sumac-la-voz-de-los-andes-que-conquisto-el-mundo-y-elevo-el-nombre-de-peru\/"},"modified":"2024-11-12T18:17:50","modified_gmt":"2024-11-12T17:17:50","slug":"yma-sumac-la-voz-de-los-andes-que-conquisto-el-mundo-y-elevo-el-nombre-de-peru","status":"publish","type":"post","link":"https:\/\/peruanos.nl\/es\/yma-sumac-la-voz-de-los-andes-que-conquisto-el-mundo-y-elevo-el-nombre-de-peru\/","title":{"rendered":"Yma Sumac: La Voz de los Andes que Conquist\u00f3 el Mundo y Elev\u00f3 el Nombre de Per\u00fa"},"content":{"rendered":"\n<p>Cuando hablamos de figuras musicales que han trascendido fronteras y han dejado una huella imborrable en la historia, es inevitable mencionar a <strong>Yma Sumac<\/strong>, la soprano peruana de fama mundial. Su extraordinaria voz, capaz de alcanzar m\u00e1s de cuatro octavas, la convirti\u00f3 en una leyenda viva durante el siglo XX. Pero Yma Sumac fue mucho m\u00e1s que una cantante; fue un \u00edcono cultural que puso el nombre de Per\u00fa en la escena internacional y se convirti\u00f3 en un s\u00edmbolo de talento y misticismo que sigue inspirando hasta el d\u00eda de hoy.  <\/p>\n\n<h3 class=\"wp-block-heading\">Los Primeros A\u00f1os: De Callao al Mundo<\/h3>\n\n<p>Nacida como <strong>Zoila Emperatriz Ch\u00e1varri del Castillo<\/strong> el 13 de septiembre de 1922 en <strong>Callao<\/strong>, Per\u00fa, Yma Sumac creci\u00f3 rodeada de la rica cultura andina. Desde muy joven, mostr\u00f3 un talento innato para la m\u00fasica. Seg\u00fan algunas versiones, cantaba canciones folcl\u00f3ricas desde la infancia, y su madre, consciente de su potencial, la alent\u00f3 a desarrollar su asombroso rango vocal.  <\/p>\n\n<p>Sumac siempre estuvo vinculada a sus ra\u00edces peruanas, y se especul\u00f3 que descend\u00eda de la nobleza incaica, lo que a\u00f1adi\u00f3 un aura m\u00edstica a su figura. Aunque la veracidad de esta afirmaci\u00f3n nunca fue probada, ayud\u00f3 a construir una imagen fascinante alrededor de su persona, intensificando su fama y conectando su identidad art\u00edstica con las leyendas de los Andes. <\/p>\n\n<h3 class=\"wp-block-heading\">El Salto a la Fama Internacional<\/h3>\n\n<p>El verdadero salto a la fama de Yma Sumac ocurri\u00f3 cuando se mud\u00f3 a Estados Unidos en la d\u00e9cada de 1940. All\u00ed fue descubierta por los grandes productores de la \u00e9poca y firm\u00f3 con <strong>Capitol Records<\/strong>. Su primer gran \u00e9xito lleg\u00f3 con el \u00e1lbum <em>\u00abVoice of the Xtabay\u00bb<\/em> (1950), que la catapult\u00f3 a la escena mundial. El disco combinaba elementos de la m\u00fasica tradicional andina con el <strong>exotica<\/strong>, un g\u00e9nero popular en los a\u00f1os 50 que mezclaba ritmos latinos, tropicales y sonidos de fantas\u00eda.   <\/p>\n\n<figure class=\"wp-block-image size-full is-resized alignnone wp-image-947\"><img fetchpriority=\"high\" decoding=\"async\" width=\"1140\" height=\"759\" src=\"http:\/\/peruanos.nl\/wp-content\/uploads\/2024\/09\/yma_sumac_head_article.jpg\" alt=\"\" class=\"wp-image-1203\" style=\"width:1170px;height:auto\" srcset=\"https:\/\/peruanos.nl\/wp-content\/uploads\/2024\/09\/yma_sumac_head_article.jpg 1140w, https:\/\/peruanos.nl\/wp-content\/uploads\/2024\/09\/yma_sumac_head_article-600x399.jpg 600w, https:\/\/peruanos.nl\/wp-content\/uploads\/2024\/09\/yma_sumac_head_article-300x200.jpg 300w, https:\/\/peruanos.nl\/wp-content\/uploads\/2024\/09\/yma_sumac_head_article-1024x682.jpg 1024w, https:\/\/peruanos.nl\/wp-content\/uploads\/2024\/09\/yma_sumac_head_article-768x511.jpg 768w, https:\/\/peruanos.nl\/wp-content\/uploads\/2024\/09\/yma_sumac_head_article-750x499.jpg 750w\" sizes=\"(max-width: 1140px) 100vw, 1140px\" \/><\/figure>\n\n<p>La propuesta art\u00edstica de Yma Sumac era tan \u00fanica que r\u00e1pidamente se gan\u00f3 la atenci\u00f3n de cr\u00edticos y audiencias por igual. Su rango vocal, que abarcaba desde tonos bajos profundos hasta agudos casi inalcanzables, maravillaba a todos los que la escuchaban. De hecho, su capacidad para interpretar notas extremadamente altas y bajas alimentaba la leyenda de que su voz no era humana, sino algo casi sobrenatural.  <\/p>\n\n<p>Su estilo ex\u00f3tico y su imagen enigm\u00e1tica ayudaron a construir un personaje fascinante para el p\u00fablico de Estados Unidos y Europa. Su m\u00fasica no solo fue innovadora, sino tambi\u00e9n una embajadora de las ra\u00edces culturales del Per\u00fa en el extranjero. <\/p>\n\n<h3 class=\"wp-block-heading\">La M\u00edstica y el Mito de Yma Sumac<\/h3>\n\n<p>Uno de los factores que contribuy\u00f3 a la m\u00edtica figura de Yma Sumac fue su supuesta descendencia inca. Se dec\u00eda que era descendiente directa del emperador <strong>Atahualpa<\/strong>, el \u00faltimo Inca, y esta narrativa reforzaba la idea de que su voz no solo era prodigiosa, sino casi m\u00edstica, como un eco de los antiguos dioses andinos. Aunque esta afirmaci\u00f3n nunca fue verificada, Yma Sumac la acept\u00f3 como parte de su imagen p\u00fablica.  <\/p>\n\n<p>En sus presentaciones, a menudo usaba trajes inspirados en la vestimenta incaica, y su presencia esc\u00e9nica parec\u00eda sacada de otro tiempo. La cantante no solo interpretaba canciones, sino que encarnaba una figura ancestral y atemporal. Esto, combinado con su inigualable rango vocal y su sentido teatral, la convirti\u00f3 en un \u00edcono \u00fanico en el mundo del espect\u00e1culo.  <\/p>\n\n<blockquote class=\"wp-block-quote pullquote align-center is-layout-flow wp-block-quote-is-layout-flow\">\n<p>Yma Sumac Fue pionera al fusionar las tradiciones musicales de los Andes con la orquestaci\u00f3n moderna y, en muchos sentidos, abri\u00f3 la puerta para que la m\u00fasica peruana fuera apreciada a nivel mundial.<\/p>\n<\/blockquote>\n\n<h3 class=\"wp-block-heading\">La Influencia de Yma Sumac en la M\u00fasica y la Cultura<\/h3>\n\n<p>Yma Sumac no solo fue una cantante excepcional; fue una de las pocas artistas latinoamericanas que, en pleno siglo XX, logr\u00f3 trascender las barreras culturales y llegar a audiencias globales. Su m\u00fasica fue un puente entre el folclore andino y las tendencias contempor\u00e1neas de su \u00e9poca, especialmente en los g\u00e9neros del jazz y la m\u00fasica cl\u00e1sica, donde incursion\u00f3 con colaboraciones y actuaciones. <\/p>\n\n<p>Durante la \u00e9poca de auge de la <strong>exotica<\/strong>, su estilo fue incomparable. Mientras otros artistas del g\u00e9nero se apoyaban en instrumentos y ritmos tropicales, Yma Sumac aportaba una autenticidad cultural que otros no ten\u00edan. Fue pionera al fusionar las tradiciones musicales de los Andes con la orquestaci\u00f3n moderna y, en muchos sentidos, abri\u00f3 la puerta para que la m\u00fasica peruana fuera apreciada a nivel mundial.  <\/p>\n\n<p>El alcance de su fama fue extraordinario: se present\u00f3 en escenarios tan prestigiosos como el <strong>Carnegie Hall<\/strong> de Nueva York, el <strong>Hollywood Bowl<\/strong> y realiz\u00f3 giras por Europa, Asia y la Uni\u00f3n Sovi\u00e9tica, algo pr\u00e1cticamente in\u00e9dito para una artista peruana en esa \u00e9poca.<\/p>\n\n<h3 class=\"wp-block-heading\">La Perfecci\u00f3n de una Voz Inigualable<\/h3>\n\n<p>Una de las caracter\u00edsticas m\u00e1s sobresalientes de Yma Sumac fue su inusual rango vocal. Se dice que su voz abarcaba <strong>m\u00e1s de cuatro octavas<\/strong>, un logro impresionante que pocos cantantes en la historia han podido alcanzar. Este rango le permiti\u00f3 interpretar una amplia variedad de estilos musicales, desde cantos profundos y oscuros hasta notas alt\u00edsimas que parec\u00edan imposibles para cualquier otra voz humana.  <\/p>\n\n<p>A lo largo de su carrera, grab\u00f3 \u00e9xitos como \u00abChuncho (The Forest Creatures)\u00bb, \u00abTaita Inty (Virgin of the Sun God)\u00bb, \u00abMalambo No. 1\u00bb, y \u00abGopher Mambo\u00bb, que muestran su asombroso rango y versatilidad. Adem\u00e1s, su capacidad para combinar estos sonidos con ritmos tropicales y m\u00fasica cl\u00e1sica occidental la convirti\u00f3 en una artista verdaderamente \u00fanica. <\/p>\n\n<h3 class=\"wp-block-heading\">Alcance de su Fama y Trascendencia<\/h3>\n\n<p>Yma Sumac alcanz\u00f3 un nivel de fama internacional que pocas artistas latinoamericanas lograron en su \u00e9poca. Fue admirada por celebridades de la talla de <strong>Marlon Brando<\/strong>, <strong>Orson Welles<\/strong>, y <strong>Carmen Miranda<\/strong>, y su impacto fue tal que incluso hoy en d\u00eda sigue siendo un referente de la m\u00fasica latinoamericana a nivel global. <\/p>\n\n<p>Su legado ha sido rescatado por diversos artistas modernos que encuentran en su figura una fuente de inspiraci\u00f3n. A lo largo de los a\u00f1os, su m\u00fasica ha sido redescubierta por nuevas generaciones, y sus \u00e1lbumes han sido reeditados para seguir celebrando su incre\u00edble talento. Incluso en la cultura pop, su influencia sigue viva: su m\u00fasica ha sido utilizada en pel\u00edculas, comerciales, y remixes modernos, manteni\u00e9ndola presente en el mundo contempor\u00e1neo.  <\/p>\n\n<figure class=\"wp-block-image size-large is-resized alignnone wp-image-947 size-full\"><img decoding=\"async\" width=\"1024\" height=\"766\" src=\"http:\/\/peruanos.nl\/wp-content\/uploads\/2024\/08\/ymac_sumac_inside_articulo-1024x766.jpg\" alt=\"\" class=\"wp-image-1200\" style=\"width:1170px;height:auto\" srcset=\"https:\/\/peruanos.nl\/wp-content\/uploads\/2024\/08\/ymac_sumac_inside_articulo-1024x766.jpg 1024w, https:\/\/peruanos.nl\/wp-content\/uploads\/2024\/08\/ymac_sumac_inside_articulo-600x449.jpg 600w, https:\/\/peruanos.nl\/wp-content\/uploads\/2024\/08\/ymac_sumac_inside_articulo-300x224.jpg 300w, https:\/\/peruanos.nl\/wp-content\/uploads\/2024\/08\/ymac_sumac_inside_articulo-768x575.jpg 768w, https:\/\/peruanos.nl\/wp-content\/uploads\/2024\/08\/ymac_sumac_inside_articulo-750x561.jpg 750w, https:\/\/peruanos.nl\/wp-content\/uploads\/2024\/08\/ymac_sumac_inside_articulo.jpg 1140w\" sizes=\"(max-width: 1024px) 100vw, 1024px\" \/><\/figure>\n\n<h3 class=\"wp-block-heading\">Yma Sumac: La Voz Inmortal de los Andes<\/h3>\n\n<p><\/p><p>Yma Sumac falleci\u00f3 en Los Angeles el 1 de noviembre de 2008 a la edad de 86 a\u00f1os. Dos a\u00f1os antes estuvo el Per\u00fa y recibi\u00f3 la Orden del Sol. Su legado es un recordatorio del inmenso talento que ha surgido de tierras peruanas y de c\u00f3mo ese talento puede resonar en todo el mundo. Su capacidad para llevar las melod\u00edas andinas a escenarios internacionales no solo puso a Per\u00fa en el mapa cultural, sino que tambi\u00e9n mostr\u00f3 el poder de la diversidad musical.Su historia es un ejemplo de c\u00f3mo las ra\u00edces culturales peruanas pueden fusionarse con tendencias globales, creando algo universal y atemporal. La comunidad peruana en el extranjero tiene en Yma Sumac una figura de la que sentirse profundamente conectada, pues su vida y carrera son testimonio de que el talento peruano puede brillar en cualquier parte del mundo.    <\/p>Yma Sumac no fue solo una cantante; fue una artista que trascendi\u00f3 generaciones y fronteras, llevando consigo la riqueza cultural del Per\u00fa y fusion\u00e1ndola con el mundo. Su carrera sigue siendo un ejemplo de innovaci\u00f3n, misticismo y talento inigualable. Para los peruanos y para la comunidad peruana en el extranjero, su legado es un motivo de profunda admiraci\u00f3n, una muestra de que lo que nace en el Per\u00fa puede llegar a tocar corazones en cada rinc\u00f3n del planeta.\n\n<p><strong>Yma Sumac<\/strong> es, sin duda, una leyenda viva que nos recuerda que el arte y la cultura peruana tienen la capacidad de conquistar al mundo entero.<\/p>\n\n<figure class=\"wp-block-embed is-type-video is-provider-youtube wp-block-embed-youtube wp-embed-aspect-16-9 wp-has-aspect-ratio\"><div class=\"wp-block-embed__wrapper\">\n<div class=\"jeg_video_container jeg_video_content\"><iframe title=\"Yma S\u00famac - Chuncho (1958) (HD) (Audio Remasterizado)\" width=\"500\" height=\"281\" src=\"https:\/\/www.youtube.com\/embed\/cTblxWlbcfQ?feature=oembed\" frameborder=\"0\" allow=\"accelerometer; autoplay; clipboard-write; encrypted-media; gyroscope; picture-in-picture; web-share\" referrerpolicy=\"strict-origin-when-cross-origin\" allowfullscreen><\/iframe><\/div>\n<\/div><\/figure>\n","protected":false},"excerpt":{"rendered":"<p>Cuando hablamos de figuras musicales que han trascendido fronteras y han dejado una huella imborrable en la historia, es inevitable mencionar a Yma Sumac, la soprano peruana de fama mundial. Su extraordinaria voz, capaz de alcanzar m\u00e1s de cuatro octavas, la convirti\u00f3 en una leyenda viva durante el siglo XX. Pero Yma Sumac fue mucho [&hellip;]<\/p>\n","protected":false},"author":1,"featured_media":1615,"comment_status":"open","ping_status":"open","sticky":false,"template":"","format":"standard","meta":{"jnews-multi-image_gallery":[],"jnews_single_post":[],"jnews_primary_category":[],"jnews_social_meta":[],"jnews_override_counter":[],"footnotes":""},"categories":[186],"tags":[211,222],"class_list":["post-2119","post","type-post","status-publish","format-standard","has-post-thumbnail","hentry","category-estilo-de-vida","tag-cultura-es","tag-musica-es"],"_links":{"self":[{"href":"https:\/\/peruanos.nl\/es\/wp-json\/wp\/v2\/posts\/2119","targetHints":{"allow":["GET"]}}],"collection":[{"href":"https:\/\/peruanos.nl\/es\/wp-json\/wp\/v2\/posts"}],"about":[{"href":"https:\/\/peruanos.nl\/es\/wp-json\/wp\/v2\/types\/post"}],"author":[{"embeddable":true,"href":"https:\/\/peruanos.nl\/es\/wp-json\/wp\/v2\/users\/1"}],"replies":[{"embeddable":true,"href":"https:\/\/peruanos.nl\/es\/wp-json\/wp\/v2\/comments?post=2119"}],"version-history":[{"count":2,"href":"https:\/\/peruanos.nl\/es\/wp-json\/wp\/v2\/posts\/2119\/revisions"}],"predecessor-version":[{"id":2627,"href":"https:\/\/peruanos.nl\/es\/wp-json\/wp\/v2\/posts\/2119\/revisions\/2627"}],"wp:featuredmedia":[{"embeddable":true,"href":"https:\/\/peruanos.nl\/es\/wp-json\/wp\/v2\/media\/1615"}],"wp:attachment":[{"href":"https:\/\/peruanos.nl\/es\/wp-json\/wp\/v2\/media?parent=2119"}],"wp:term":[{"taxonomy":"category","embeddable":true,"href":"https:\/\/peruanos.nl\/es\/wp-json\/wp\/v2\/categories?post=2119"},{"taxonomy":"post_tag","embeddable":true,"href":"https:\/\/peruanos.nl\/es\/wp-json\/wp\/v2\/tags?post=2119"}],"curies":[{"name":"wp","href":"https:\/\/api.w.org\/{rel}","templated":true}]}}