{"id":2111,"date":"2024-09-23T15:59:00","date_gmt":"2024-09-23T20:59:00","guid":{"rendered":"https:\/\/peruanos.nl\/2024\/09\/23\/jorge-chavez-el-aviador-que-desafio-los-cielos-europeos-y-entro-en-la-historia\/"},"modified":"2024-11-06T14:26:14","modified_gmt":"2024-11-06T19:26:14","slug":"jorge-chavez-el-aviador-que-desafio-los-cielos-europeos-y-entro-en-la-historia","status":"publish","type":"post","link":"https:\/\/peruanos.nl\/es\/jorge-chavez-el-aviador-que-desafio-los-cielos-europeos-y-entro-en-la-historia\/","title":{"rendered":"Jorge Ch\u00e1vez: El Aviador que Desafi\u00f3 los Cielos Europeos y Entr\u00f3 en la Historia"},"content":{"rendered":"\n<p>El 23 de septiembre de 1910, un hombre se preparaba para realizar una haza\u00f1a que no solo desafiar\u00eda los l\u00edmites de la tecnolog\u00eda de su \u00e9poca, sino tambi\u00e9n los de la imaginaci\u00f3n humana. <strong>Jorge Ch\u00e1vez Dartnell<\/strong>, un joven aviador peruano, se encontraba en el aer\u00f3dromo de <strong>Briga<\/strong>, Suiza, con un \u00fanico objetivo en mente: convertirse en el primer hombre en cruzar los <strong>Alpes<\/strong> en avi\u00f3n, una haza\u00f1a nunca antes lograda y considerada casi imposible en aquellos tiempos. Sin embargo, con valent\u00eda, determinaci\u00f3n y una pasi\u00f3n infinita por la aviaci\u00f3n, Ch\u00e1vez se lanz\u00f3 a los cielos, para nunca ser olvidado. <\/p>\n\n\n\n<h3 class=\"wp-block-heading\">Los Primeros A\u00f1os de un H\u00e9roe en Nacimiento<\/h3>\n\n\n\n<p>Nacido en <strong>Par\u00eds<\/strong> el 13 de junio de 1887, de padres peruanos, Jorge Ch\u00e1vez creci\u00f3 en una familia acomodada que le permiti\u00f3 recibir una educaci\u00f3n s\u00f3lida. Aunque naci\u00f3 y vivi\u00f3 la mayor parte de su vida en Francia, Ch\u00e1vez siempre tuvo un fuerte sentido de identidad con el Per\u00fa, pa\u00eds que sus padres dejaron cuando se mudaron a Europa. Desde una edad temprana, Ch\u00e1vez mostr\u00f3 una fascinaci\u00f3n por las m\u00e1quinas y la ingenier\u00eda, un inter\u00e9s que eventualmente lo llev\u00f3 a estudiar en la <strong>Escuela de Ingenier\u00eda de Par\u00eds<\/strong>.  <\/p>\n\n\n\n<p>Uno de los momentos clave de su ni\u00f1ez fue cuando, a los 10 a\u00f1os, le regal\u00f3 a su madre un dibujo de un avi\u00f3n con alas extendidas, se\u00f1alando que alg\u00fan d\u00eda construir\u00eda una m\u00e1quina capaz de volar m\u00e1s alto que cualquier otro. Esta visi\u00f3n temprana de la aviaci\u00f3n marc\u00f3 su car\u00e1cter como so\u00f1ador, pero tambi\u00e9n como alguien decidido a hacer realidad sus sue\u00f1os. <\/p>\n\n\n\n<p>Ch\u00e1vez tambi\u00e9n era conocido por ser un joven inquieto y curioso. Durante su adolescencia, sol\u00eda realizar experimentos con cometas de papel y modelos de avi\u00f3n, lo que a menudo le causaba problemas en la escuela, pero tambi\u00e9n le ganaba la admiraci\u00f3n de sus compa\u00f1eros. En una ocasi\u00f3n, Jorge fabric\u00f3 un peque\u00f1o planeador con materiales reciclados, lo que fascin\u00f3 a sus amigos, aunque provoc\u00f3 la desaprobaci\u00f3n de sus profesores, quienes consideraban que estaba m\u00e1s preocupado por sus proyectos de vuelo que por los estudios convencionales.  <\/p>\n\n\n\n<p>A medida que avanzaba la primera d\u00e9cada del siglo XX, la aviaci\u00f3n comenzaba a despegar, literalmente. Los hermanos Wright hab\u00edan realizado su primer vuelo en 1903, y el mundo entero estaba fascinado por las posibilidades de las m\u00e1quinas voladoras. Jorge Ch\u00e1vez, con su esp\u00edritu aventurero y su pasi\u00f3n por la ingenier\u00eda, no fue la excepci\u00f3n. A pesar de que la aviaci\u00f3n era un campo peligroso y a\u00fan en desarrollo, Ch\u00e1vez decidi\u00f3 que su futuro estaba en los cielos.   <\/p>\n\n\n\n<p> A trav\u00e9s de su ni\u00f1ez, juventud y temprana carrera como piloto, el lema que lo impulsaba era claro: <strong>\u00abArriba, siempre arriba\u00bb<\/strong>, una frase que resum\u00eda su deseo de superaci\u00f3n y ambici\u00f3n.<\/p>\n\n\n\n<h3 class=\"wp-block-heading\">El Piloto que Desafi\u00f3 los Alpes<\/h3>\n\n\n\n<p>El joven aviador obtuvo su licencia de vuelo en 1910, y r\u00e1pidamente comenz\u00f3 a participar en competiciones a\u00e9reas y a realizar vuelos experimentales. Sin embargo, hab\u00eda un desaf\u00edo en particular que captur\u00f3 su imaginaci\u00f3n: cruzar los <strong>Alpes<\/strong>, la cadena monta\u00f1osa m\u00e1s formidable de Europa, en avi\u00f3n. Este era un reto que ning\u00fan piloto hab\u00eda logrado, y las dificultades t\u00e9cnicas y los peligros inherentes lo hac\u00edan a\u00fan m\u00e1s arriesgado.  <\/p>\n\n\n\n<p>Ch\u00e1vez eligi\u00f3 pilotar un monoplano <strong>Bl\u00e9riot XI<\/strong>, una aeronave ligera dise\u00f1ada por el pionero de la aviaci\u00f3n <strong>Louis Bl\u00e9riot<\/strong>, que se hab\u00eda hecho famosa un a\u00f1o antes cuando Bl\u00e9riot cruz\u00f3 el Canal de la Mancha. El Bl\u00e9riot XI era un avi\u00f3n simple, con un fuselaje de madera y tela, una envergadura de 7.8 metros y un motor de <strong>50 caballos de fuerza<\/strong>. A pesar de lo primitivo que suena hoy en d\u00eda, en 1910 esta m\u00e1quina representaba el pin\u00e1culo de la ingenier\u00eda aeron\u00e1utica. Aun as\u00ed, la idea de volar a trav\u00e9s de las alturas de los Alpes en esta fr\u00e1gil estructura parec\u00eda una locura para muchos.   <\/p>\n\n\n\n<figure class=\"wp-block-image size-large is-resized alignnone wp-image-947 size-full\"><img fetchpriority=\"high\" decoding=\"async\" width=\"1024\" height=\"766\" src=\"https:\/\/peruanos.nl\/wp-content\/uploads\/2024\/08\/jorge_chavez_inside_articulo-1024x766.jpg\" alt=\"\" class=\"wp-image-1240\" style=\"width:1170px;height:auto\" srcset=\"https:\/\/peruanos.nl\/wp-content\/uploads\/2024\/08\/jorge_chavez_inside_articulo-1024x766.jpg 1024w, https:\/\/peruanos.nl\/wp-content\/uploads\/2024\/08\/jorge_chavez_inside_articulo-600x449.jpg 600w, https:\/\/peruanos.nl\/wp-content\/uploads\/2024\/08\/jorge_chavez_inside_articulo-300x224.jpg 300w, https:\/\/peruanos.nl\/wp-content\/uploads\/2024\/08\/jorge_chavez_inside_articulo-768x575.jpg 768w, https:\/\/peruanos.nl\/wp-content\/uploads\/2024\/08\/jorge_chavez_inside_articulo-750x561.jpg 750w, https:\/\/peruanos.nl\/wp-content\/uploads\/2024\/08\/jorge_chavez_inside_articulo.jpg 1140w\" sizes=\"(max-width: 1024px) 100vw, 1024px\" \/><\/figure>\n\n\n\n<p>El 19 de septiembre de 1910, Jorge Ch\u00e1vez lleg\u00f3 a <strong>Briga<\/strong>, Suiza, listo para hacer historia. En su mente, estaba claro: no solo iba a cruzar los Alpes, sino que tambi\u00e9n quer\u00eda demostrar que el ser humano pod\u00eda conquistar el cielo, superar las barreras f\u00edsicas y tecnol\u00f3gicas, y alcanzar metas que parec\u00edan inalcanzables. \u00abArriba, siempre arriba\u00bb, su lema, era un recordatorio constante de su ambici\u00f3n y su convicci\u00f3n de que el esfuerzo humano pod\u00eda llevarlo a lo m\u00e1s alto.  <\/p>\n\n\n\n<h3 class=\"wp-block-heading\">El Vuelo Inolvidable<\/h3>\n\n\n\n<p>El 23 de septiembre, despu\u00e9s de varios d\u00edas de mal tiempo, las condiciones mejoraron lo suficiente como para permitir el vuelo. Jorge Ch\u00e1vez, en su monoplano Bl\u00e9riot XI, despeg\u00f3 de Briga con direcci\u00f3n a <strong>Domodossola<\/strong>, en Italia. Los Alpes, con sus majestuosas cumbres y su clima impredecible, eran un desaf\u00edo monumental. Ch\u00e1vez sab\u00eda que la altitud ser\u00eda uno de los mayores obst\u00e1culos, ya que su avi\u00f3n no estaba dise\u00f1ado para volar tan alto, y los vientos de monta\u00f1a pod\u00edan ser traicioneros.   <\/p>\n\n\n\n<blockquote class=\"wp-block-quote is-layout-flow wp-block-quote-is-layout-flow\">\n<p><strong>\u00abArriba, siempre arriba\u00bb<\/strong>, una frase que reflejaba su deseo de superar cualquier obst\u00e1culo y alcanzar nuevas alturas, tanto en el aire como en la vida.<\/p>\n<\/blockquote>\n\n\n\n<p>A medida que el Bl\u00e9riot XI ascend\u00eda, el paisaje bajo \u00e9l se volv\u00eda cada vez m\u00e1s imponente. Las monta\u00f1as, cubiertas de nieve eterna, parec\u00edan estirarse hacia el cielo. Ch\u00e1vez, concentrado y decidido, mantuvo el control de su avi\u00f3n, ajustando su trayectoria para evitar las corrientes de aire m\u00e1s peligrosas. Volaba solo, sin m\u00e1s ayuda que su instinto, su habilidad y la fe en que su m\u00e1quina soportar\u00eda las duras condiciones.El punk, en su forma m\u00e1s pura, naci\u00f3 en Per\u00fa,   <\/p>\n\n\n\n<p>Cruz\u00f3 el punto m\u00e1s alto de los Alpes, el <strong>Paso del Simpl\u00f3n<\/strong>, a una altitud de unos <strong>2,200 metros<\/strong>. La haza\u00f1a que estaba realizando en ese momento no ten\u00eda precedentes: estaba desafiando no solo la naturaleza, sino tambi\u00e9n las limitaciones de la ingenier\u00eda de su \u00e9poca. Para cualquier observador en tierra, era un espect\u00e1culo impresionante: un hombre y su avi\u00f3n, peque\u00f1os en comparaci\u00f3n con las monta\u00f1as colosales, abriendo un nuevo cap\u00edtulo en la historia de la aviaci\u00f3n.  <\/p>\n\n\n\n<h3 class=\"wp-block-heading\">La Ca\u00edda Tr\u00e1gica y el Legado Inmortal<\/h3>\n\n\n\n<p>Despu\u00e9s de casi dos horas de vuelo, Jorge Ch\u00e1vez avist\u00f3 <strong>Domodossola<\/strong>, su destino. Estaba a punto de completar lo que nadie hab\u00eda hecho antes. Pero en los momentos finales de su descenso, cuando parec\u00eda que la haza\u00f1a estaba lograda, el avi\u00f3n comenz\u00f3 a presentar fallas. Al parecer, la estructura del Bl\u00e9riot XI no pudo soportar las tensiones del vuelo a gran altitud durante tanto tiempo, y al acercarse al aterrizaje, las alas del monoplano se plegaron. Ch\u00e1vez perdi\u00f3 el control y el avi\u00f3n se estrell\u00f3 contra el suelo.    <\/p>\n\n\n\n<p>Gravemente herido, fue trasladado al hospital en Domodossola. A pesar de los esfuerzos de los m\u00e9dicos, Jorge Ch\u00e1vez falleci\u00f3 cuatro d\u00edas despu\u00e9s, el <strong>27 de septiembre de 1910<\/strong>, a los 23 a\u00f1os de edad. Antes de morir, seg\u00fan los informes, sus \u00faltimas palabras fueron: \u00abArriba, siempre arriba\u00bb. Aunque su vida fue breve, su legado perdura.   <\/p>\n\n\n\n<h3 class=\"wp-block-heading\">El Significado de su Haza\u00f1a<\/h3>\n\n\n\n<p>La haza\u00f1a de Jorge Ch\u00e1vez no fue solo un logro t\u00e9cnico; fue una muestra de la capacidad humana para so\u00f1ar en grande, tomar riesgos y superar los l\u00edmites. Su valent\u00eda y determinaci\u00f3n lo convirtieron en un pionero de la aviaci\u00f3n, y su nombre qued\u00f3 grabado en la historia no solo como el primer hombre en cruzar los Alpes en avi\u00f3n, sino como un ejemplo de lo que se puede lograr con pasi\u00f3n y coraje. <\/p>\n\n\n\n<p>Para <strong>Per\u00fa<\/strong>, Ch\u00e1vez representa el esp\u00edritu aventurero y pionero de su gente. A pesar de haber nacido en Par\u00eds y haber vivido gran parte de su vida en Europa, Ch\u00e1vez siempre mantuvo un profundo amor por el Per\u00fa. Su logro en los Alpes es visto como una victoria no solo personal, sino nacional. En honor a su haza\u00f1a, el principal aeropuerto internacional del pa\u00eds lleva su nombre: <strong>Aeropuerto Internacional Jorge Ch\u00e1vez<\/strong> en Lima, un s\u00edmbolo de c\u00f3mo su legado sigue presente en la vida diaria de los peruanos.   <\/p>\n\n\n\n<p>Jorge Ch\u00e1vez es una fuente de inspiraci\u00f3n y orgullo. Su historia resuena con aquellos que, como \u00e9l, han dejado su tierra natal para seguir sus sue\u00f1os. Ch\u00e1vez demostr\u00f3 que, sin importar las fronteras, los peruanos tienen la capacidad de lograr lo imposible y dejar una huella imborrable en el mundo.  <\/p>\n\n\n\n<p>El <a href=\"https:\/\/en.wikipedia.org\/wiki\/Bl%C3%A9riot_XI\" data-type=\"link\" data-id=\"https:\/\/en.wikipedia.org\/wiki\/Bl%C3%A9riot_XI\"><strong>Bl\u00e9riot XI<\/strong> <\/a>en el que vol\u00f3 ahora es un \u00edcono de la historia de la aviaci\u00f3n, y su vuelo sigue siendo recordado en exhibiciones de aviaci\u00f3n y ceremonias conmemorativas en Per\u00fa y en Europa. La figura de Jorge Ch\u00e1vez, con su esp\u00edritu indomable, es un recordatorio de que los sue\u00f1os m\u00e1s grandes son posibles, incluso cuando parecen estar m\u00e1s all\u00e1 de nuestro alcance. <\/p>\n\n\n\n<p>Jorge Ch\u00e1vez muri\u00f3 joven, pero su legado permanece vivo. Su audacia y determinaci\u00f3n siguen inspirando a los peruanos a so\u00f1ar y a alcanzar sus metas, sin importar cu\u00e1n lejanas puedan parecer. \u00abArriba, siempre arriba\u00bb no es solo un lema, sino una forma de vida, una llamada a la perseverancia y al deseo de volar m\u00e1s alto, tal como lo hizo este joven aviador hace m\u00e1s de un siglo.  <\/p>\n","protected":false},"excerpt":{"rendered":"<p>El 23 de septiembre de 1910, un hombre se preparaba para realizar una haza\u00f1a que no solo desafiar\u00eda los l\u00edmites de la tecnolog\u00eda de su \u00e9poca, sino tambi\u00e9n los de la imaginaci\u00f3n humana. Jorge Ch\u00e1vez Dartnell, un joven aviador peruano, se encontraba en el aer\u00f3dromo de Briga, Suiza, con un \u00fanico objetivo en mente: convertirse [&hellip;]<\/p>\n","protected":false},"author":1,"featured_media":1631,"comment_status":"open","ping_status":"open","sticky":false,"template":"","format":"standard","meta":{"jnews-multi-image_gallery":[],"jnews_single_post":{"format":"standard"},"jnews_primary_category":[],"jnews_social_meta":[],"jnews_override_counter":[],"footnotes":""},"categories":[186,177],"tags":[252,251,215,250],"class_list":["post-2111","post","type-post","status-publish","format-standard","has-post-thumbnail","hentry","category-estilo-de-vida","category-historia","tag-aviacion-es","tag-bleriot-xi-es","tag-histora-es","tag-jorge-chavez-es"],"_links":{"self":[{"href":"https:\/\/peruanos.nl\/es\/wp-json\/wp\/v2\/posts\/2111","targetHints":{"allow":["GET"]}}],"collection":[{"href":"https:\/\/peruanos.nl\/es\/wp-json\/wp\/v2\/posts"}],"about":[{"href":"https:\/\/peruanos.nl\/es\/wp-json\/wp\/v2\/types\/post"}],"author":[{"embeddable":true,"href":"https:\/\/peruanos.nl\/es\/wp-json\/wp\/v2\/users\/1"}],"replies":[{"embeddable":true,"href":"https:\/\/peruanos.nl\/es\/wp-json\/wp\/v2\/comments?post=2111"}],"version-history":[{"count":3,"href":"https:\/\/peruanos.nl\/es\/wp-json\/wp\/v2\/posts\/2111\/revisions"}],"predecessor-version":[{"id":2348,"href":"https:\/\/peruanos.nl\/es\/wp-json\/wp\/v2\/posts\/2111\/revisions\/2348"}],"wp:featuredmedia":[{"embeddable":true,"href":"https:\/\/peruanos.nl\/es\/wp-json\/wp\/v2\/media\/1631"}],"wp:attachment":[{"href":"https:\/\/peruanos.nl\/es\/wp-json\/wp\/v2\/media?parent=2111"}],"wp:term":[{"taxonomy":"category","embeddable":true,"href":"https:\/\/peruanos.nl\/es\/wp-json\/wp\/v2\/categories?post=2111"},{"taxonomy":"post_tag","embeddable":true,"href":"https:\/\/peruanos.nl\/es\/wp-json\/wp\/v2\/tags?post=2111"}],"curies":[{"name":"wp","href":"https:\/\/api.w.org\/{rel}","templated":true}]}}