{"id":2105,"date":"2024-09-25T15:59:00","date_gmt":"2024-09-25T20:59:00","guid":{"rendered":"https:\/\/peruanos.nl\/2024\/09\/25\/los-10-libros-mas-importantes-de-la-literatura-peruana-obras-que-definen-la-identidad-nacional\/"},"modified":"2024-10-31T08:24:17","modified_gmt":"2024-10-31T13:24:17","slug":"los-10-libros-mas-importantes-de-la-literatura-peruana-obras-que-definen-la-identidad-nacional","status":"publish","type":"post","link":"https:\/\/peruanos.nl\/es\/los-10-libros-mas-importantes-de-la-literatura-peruana-obras-que-definen-la-identidad-nacional\/","title":{"rendered":"Los 10 Libros M\u00e1s Importantes de la Literatura Peruana: Obras que Definen la Identidad Nacional"},"content":{"rendered":"\n<p>La literatura peruana ha sido un pilar fundamental en la cultura latinoamericana, plasmando las vivencias, luchas y transformaciones del Per\u00fa a lo largo de los siglos. En este art\u00edculo, presentaremos los diez libros m\u00e1s importantes de la literatura peruana, ordenados no solo por su impacto en la sociedad, sino tambi\u00e9n por su contribuci\u00f3n a la identidad cultural del pa\u00eds y su resonancia internacional. Estas obras no solo han marcado a generaciones de lectores peruanos, sino que tambi\u00e9n han servido como ventanas para entender la compleja y rica diversidad del Per\u00fa.  <\/p>\n\n<p>Estos diez libros conforman el coraz\u00f3n de la literatura peruana, cada uno aportando una visi\u00f3n \u00fanica de la sociedad, la identidad y la historia del Per\u00fa. Desde las historias de lucha y resistencia en las monta\u00f1as andinas hasta los retratos de la aristocracia lime\u00f1a, estas obras siguen cautivando a los lectores tanto dentro como fuera del pa\u00eds, sirviendo como faros culturales que nos invitan a explorar la riqueza y complejidad del Per\u00fa. <\/p>\n\n<h3 class=\"wp-block-heading\"><strong>1. \u00abLa Ciudad y los Perros\u00bb (1963) \u2013 Mario Vargas Llosa<\/strong><\/h3>\n\n<p>Primera gran obra de Mario Vargas Llosa y pieza clave del \u00abboom\u00bb latinoamericano, <strong>\u00abLa Ciudad y los Perros\u00bb<\/strong> abri\u00f3 las puertas de la literatura peruana al mundo. La novela retrata la brutalidad de la vida militar en un colegio lime\u00f1o, cuestionando el autoritarismo, el machismo y la violencia en la sociedad peruana. Esta obra no solo catapult\u00f3 a Vargas Llosa a la fama, sino que tambi\u00e9n estableci\u00f3 un antes y un despu\u00e9s en la narrativa latinoamericana.  <\/p>\n\n<figure class=\"wp-block-gallery has-nested-images columns-default is-cropped wp-block-gallery-1 is-layout-flex wp-block-gallery-is-layout-flex\">\n<figure class=\"wp-block-image size-large\"><img fetchpriority=\"high\" decoding=\"async\" width=\"1024\" height=\"539\" data-id=\"1245\" src=\"https:\/\/peruanos.nl\/wp-content\/uploads\/2024\/08\/la_ciudad_y_los_perros-1024x539.jpg\" alt=\"\" class=\"wp-image-1245\" srcset=\"https:\/\/peruanos.nl\/wp-content\/uploads\/2024\/08\/la_ciudad_y_los_perros-1024x539.jpg 1024w, https:\/\/peruanos.nl\/wp-content\/uploads\/2024\/08\/la_ciudad_y_los_perros-600x316.jpg 600w, https:\/\/peruanos.nl\/wp-content\/uploads\/2024\/08\/la_ciudad_y_los_perros-300x158.jpg 300w, https:\/\/peruanos.nl\/wp-content\/uploads\/2024\/08\/la_ciudad_y_los_perros-768x404.jpg 768w, https:\/\/peruanos.nl\/wp-content\/uploads\/2024\/08\/la_ciudad_y_los_perros-750x395.jpg 750w, https:\/\/peruanos.nl\/wp-content\/uploads\/2024\/08\/la_ciudad_y_los_perros.jpg 1140w\" sizes=\"(max-width: 1024px) 100vw, 1024px\" \/><\/figure>\n<\/figure>\n\n<h3 class=\"wp-block-heading\"><strong>2.<\/strong> <strong>\u00abLos R\u00edos Profundos\u00bb (1958) \u2013 Jos\u00e9 Mar\u00eda Arguedas<\/strong><\/h3>\n\n<p>Una de las joyas del indigenismo, <strong>\u00abLos R\u00edos Profundos\u00bb<\/strong> es un reflejo \u00edntimo y profundo de la identidad mestiza peruana. Arguedas capta como ning\u00fan otro autor la fusi\u00f3n de la cosmovisi\u00f3n andina y la cultura occidental. A trav\u00e9s de la mirada de un joven, la novela describe la vida en los Andes y la conexi\u00f3n m\u00edstica entre los seres humanos y la naturaleza. Es una obra fundamental para entender el alma del Per\u00fa profundo.   <\/p>\n\n<figure class=\"wp-block-image size-large is-resized\"><img decoding=\"async\" width=\"1024\" height=\"539\" src=\"https:\/\/peruanos.nl\/wp-content\/uploads\/2024\/08\/los_rios_profundos-1024x539.jpg\" alt=\"\" class=\"wp-image-1246\" style=\"width:1170px;height:auto\" srcset=\"https:\/\/peruanos.nl\/wp-content\/uploads\/2024\/08\/los_rios_profundos-1024x539.jpg 1024w, https:\/\/peruanos.nl\/wp-content\/uploads\/2024\/08\/los_rios_profundos-600x316.jpg 600w, https:\/\/peruanos.nl\/wp-content\/uploads\/2024\/08\/los_rios_profundos-300x158.jpg 300w, https:\/\/peruanos.nl\/wp-content\/uploads\/2024\/08\/los_rios_profundos-768x404.jpg 768w, https:\/\/peruanos.nl\/wp-content\/uploads\/2024\/08\/los_rios_profundos-750x395.jpg 750w, https:\/\/peruanos.nl\/wp-content\/uploads\/2024\/08\/los_rios_profundos.jpg 1140w\" sizes=\"(max-width: 1024px) 100vw, 1024px\" \/><\/figure>\n\n<h3 class=\"wp-block-heading\"><strong>3. \u00abEl Mundo es Ancho y Ajeno\u00bb (1941) \u2013 Ciro Alegr\u00eda<\/strong><\/h3>\n\n<p>Esta novela \u00e9pica narra la lucha de una comunidad ind\u00edgena por mantener sus tierras frente a los abusos de los terratenientes. <strong>\u00abEl Mundo es Ancho y Ajeno\u00bb<\/strong> es una de las novelas m\u00e1s influyentes del indigenismo peruano, poniendo de relieve las injusticias y desigualdades que sufr\u00edan los pueblos originarios del pa\u00eds. La obra es una denuncia social y, al mismo tiempo, una afirmaci\u00f3n de la resistencia y dignidad de los pueblos andinos. <\/p>\n\n<figure class=\"wp-block-image size-large is-resized\"><img decoding=\"async\" width=\"1024\" height=\"539\" src=\"https:\/\/peruanos.nl\/wp-content\/uploads\/2024\/08\/el_mundo_es_ancho_y_ajeno.jpg-1024x539.jpg\" alt=\"\" class=\"wp-image-1257\" style=\"width:1170px;height:auto\" srcset=\"https:\/\/peruanos.nl\/wp-content\/uploads\/2024\/08\/el_mundo_es_ancho_y_ajeno.jpg-1024x539.jpg 1024w, https:\/\/peruanos.nl\/wp-content\/uploads\/2024\/08\/el_mundo_es_ancho_y_ajeno.jpg-600x316.jpg 600w, https:\/\/peruanos.nl\/wp-content\/uploads\/2024\/08\/el_mundo_es_ancho_y_ajeno.jpg-300x158.jpg 300w, https:\/\/peruanos.nl\/wp-content\/uploads\/2024\/08\/el_mundo_es_ancho_y_ajeno.jpg-768x404.jpg 768w, https:\/\/peruanos.nl\/wp-content\/uploads\/2024\/08\/el_mundo_es_ancho_y_ajeno.jpg-750x395.jpg 750w, https:\/\/peruanos.nl\/wp-content\/uploads\/2024\/08\/el_mundo_es_ancho_y_ajeno.jpg.jpg 1140w\" sizes=\"(max-width: 1024px) 100vw, 1024px\" \/><\/figure>\n\n<h3 class=\"wp-block-heading\"><strong>4. \u00abTradiciones Peruanas\u00bb (1872-1910) \u2013 Ricardo Palma<\/strong><\/h3>\n\n<p>Considerada la obra fundacional de la literatura peruana, las <strong>\u00abTradiciones Peruanas\u00bb<\/strong> de Ricardo Palma son una serie de relatos hist\u00f3ricos y leyendas que rescatan el pasado virreinal del Per\u00fa. Palma utiliza un estilo humor\u00edstico y ligero para relatar an\u00e9cdotas y mitos, convirtiendo sus \u00abtradiciones\u00bb en un invaluable archivo de la memoria colectiva del pa\u00eds. Esta obra es esencial para comprender la herencia colonial y la identidad peruana.  <\/p>\n\n<figure class=\"wp-block-image size-large is-resized\"><img loading=\"lazy\" decoding=\"async\" width=\"1024\" height=\"539\" src=\"https:\/\/peruanos.nl\/wp-content\/uploads\/2024\/08\/tradiciones_peruanas-1024x539.jpg\" alt=\"\" class=\"wp-image-1248\" style=\"width:1170px;height:auto\" srcset=\"https:\/\/peruanos.nl\/wp-content\/uploads\/2024\/08\/tradiciones_peruanas-1024x539.jpg 1024w, https:\/\/peruanos.nl\/wp-content\/uploads\/2024\/08\/tradiciones_peruanas-600x316.jpg 600w, https:\/\/peruanos.nl\/wp-content\/uploads\/2024\/08\/tradiciones_peruanas-300x158.jpg 300w, https:\/\/peruanos.nl\/wp-content\/uploads\/2024\/08\/tradiciones_peruanas-768x404.jpg 768w, https:\/\/peruanos.nl\/wp-content\/uploads\/2024\/08\/tradiciones_peruanas-750x395.jpg 750w, https:\/\/peruanos.nl\/wp-content\/uploads\/2024\/08\/tradiciones_peruanas.jpg 1140w\" sizes=\"(max-width: 1024px) 100vw, 1024px\" \/><\/figure>\n\n<h3 class=\"wp-block-heading\"><strong>5<\/strong>. <strong>\u00abTodas las Sangres\u00bb (1964) \u2013 Jos\u00e9 Mar\u00eda Arguedas<\/strong><\/h3>\n\n<p>sta novela monumental explora las tensiones entre el mundo ind\u00edgena y el coste\u00f1o en un Per\u00fa en proceso de modernizaci\u00f3n. Arguedas presenta a trav\u00e9s de m\u00faltiples personajes la lucha de poder entre las clases sociales, etnias y regiones del pa\u00eds. <strong>\u00abTodas las Sangres\u00bb<\/strong> es una profunda reflexi\u00f3n sobre la diversidad cultural y los conflictos de identidad en el Per\u00fa. Su enfoque en la pluriculturalidad y los cambios sociales la hacen indispensable.  <\/p>\n\n<figure class=\"wp-block-image size-large is-resized\"><img loading=\"lazy\" decoding=\"async\" width=\"1024\" height=\"539\" src=\"https:\/\/peruanos.nl\/wp-content\/uploads\/2024\/08\/todas_las_sangres-1024x539.jpg\" alt=\"\" class=\"wp-image-1249\" style=\"width:1170px;height:auto\" srcset=\"https:\/\/peruanos.nl\/wp-content\/uploads\/2024\/08\/todas_las_sangres-1024x539.jpg 1024w, https:\/\/peruanos.nl\/wp-content\/uploads\/2024\/08\/todas_las_sangres-600x316.jpg 600w, https:\/\/peruanos.nl\/wp-content\/uploads\/2024\/08\/todas_las_sangres-300x158.jpg 300w, https:\/\/peruanos.nl\/wp-content\/uploads\/2024\/08\/todas_las_sangres-768x404.jpg 768w, https:\/\/peruanos.nl\/wp-content\/uploads\/2024\/08\/todas_las_sangres-750x395.jpg 750w, https:\/\/peruanos.nl\/wp-content\/uploads\/2024\/08\/todas_las_sangres.jpg 1140w\" sizes=\"(max-width: 1024px) 100vw, 1024px\" \/><\/figure>\n\n<h3 class=\"wp-block-heading\"><strong>6<\/strong>. <strong>\u00abTrilce\u00bb (1922) \u2013 C\u00e9sar Vallejo<\/strong><\/h3>\n\n<p>Uno de los libros de poes\u00eda m\u00e1s vanguardistas de la historia literaria en espa\u00f1ol, <strong>\u00abTrilce\u00bb<\/strong> es una obra que desaf\u00eda todas las convenciones po\u00e9ticas de su tiempo. Con un lenguaje cr\u00edptico y una estructura innovadora, C\u00e9sar Vallejo explora la alienaci\u00f3n, el dolor y la soledad en esta obra, que a\u00fan sigue siendo objeto de estudio por su complejidad y profundidad emocional. Es una referencia en la poes\u00eda moderna latinoamericana.  <\/p>\n\n<figure class=\"wp-block-image size-large is-resized\"><img loading=\"lazy\" decoding=\"async\" width=\"1024\" height=\"539\" src=\"https:\/\/peruanos.nl\/wp-content\/uploads\/2024\/08\/trilce-1024x539.jpg\" alt=\"\" class=\"wp-image-1250\" style=\"width:1170px;height:auto\" srcset=\"https:\/\/peruanos.nl\/wp-content\/uploads\/2024\/08\/trilce-1024x539.jpg 1024w, https:\/\/peruanos.nl\/wp-content\/uploads\/2024\/08\/trilce-600x316.jpg 600w, https:\/\/peruanos.nl\/wp-content\/uploads\/2024\/08\/trilce-300x158.jpg 300w, https:\/\/peruanos.nl\/wp-content\/uploads\/2024\/08\/trilce-768x404.jpg 768w, https:\/\/peruanos.nl\/wp-content\/uploads\/2024\/08\/trilce-750x395.jpg 750w, https:\/\/peruanos.nl\/wp-content\/uploads\/2024\/08\/trilce.jpg 1140w\" sizes=\"(max-width: 1024px) 100vw, 1024px\" \/><\/figure>\n\n<p><\/p>\n\n<h3 class=\"wp-block-heading\"><strong>7. \u00abUn Mundo para Julius\u00bb (1970) \u2013 Alfredo Bryce Echenique<\/strong><\/h3>\n\n<p>Con su estilo fresco y sarc\u00e1stico, Bryce Echenique retrata la vida de la clase alta lime\u00f1a a trav\u00e9s de los ojos de un ni\u00f1o. <strong>\u00abUn Mundo para Julius\u00bb<\/strong> ofrece una visi\u00f3n cr\u00edtica y, a veces, tierna de la desigualdad social y los privilegios en el Per\u00fa. La inocencia del protagonista contrasta con el entorno superficial y clasista de su familia, haciendo de esta novela un cl\u00e1sico imprescindible. <\/p>\n\n<figure class=\"wp-block-image size-large is-resized\"><img loading=\"lazy\" decoding=\"async\" width=\"1024\" height=\"539\" src=\"https:\/\/peruanos.nl\/wp-content\/uploads\/2024\/08\/un_mundo_para_julius-1-1024x539.jpg\" alt=\"\" class=\"wp-image-1258\" style=\"width:1170px;height:auto\" srcset=\"https:\/\/peruanos.nl\/wp-content\/uploads\/2024\/08\/un_mundo_para_julius-1-1024x539.jpg 1024w, https:\/\/peruanos.nl\/wp-content\/uploads\/2024\/08\/un_mundo_para_julius-1-600x316.jpg 600w, https:\/\/peruanos.nl\/wp-content\/uploads\/2024\/08\/un_mundo_para_julius-1-300x158.jpg 300w, https:\/\/peruanos.nl\/wp-content\/uploads\/2024\/08\/un_mundo_para_julius-1-768x404.jpg 768w, https:\/\/peruanos.nl\/wp-content\/uploads\/2024\/08\/un_mundo_para_julius-1-750x395.jpg 750w, https:\/\/peruanos.nl\/wp-content\/uploads\/2024\/08\/un_mundo_para_julius-1.jpg 1140w\" sizes=\"(max-width: 1024px) 100vw, 1024px\" \/><\/figure>\n\n<h3 class=\"wp-block-heading\"><strong>8. \u00abEl Sexto\u00bb (1961) \u2013 Jos\u00e9 Mar\u00eda Arguedas<\/strong><\/h3>\n\n<p>Inspirada en la experiencia del propio Arguedas en una prisi\u00f3n, <strong>\u00abEl Sexto\u00bb<\/strong> describe la brutalidad de la vida carcelaria bajo un r\u00e9gimen opresivo. A trav\u00e9s de una narrativa cruda, la novela explora la deshumanizaci\u00f3n de los presos y la resistencia frente a un sistema corrupto. La obra se destaca por su capacidad para transmitir la tensi\u00f3n pol\u00edtica y social del Per\u00fa de la \u00e9poca.  <\/p>\n\n<figure class=\"wp-block-image size-large is-resized\"><img loading=\"lazy\" decoding=\"async\" width=\"1024\" height=\"539\" src=\"https:\/\/peruanos.nl\/wp-content\/uploads\/2024\/08\/el_sexto-1024x539.jpg\" alt=\"\" class=\"wp-image-1254\" style=\"width:1170px;height:auto\" srcset=\"https:\/\/peruanos.nl\/wp-content\/uploads\/2024\/08\/el_sexto-1024x539.jpg 1024w, https:\/\/peruanos.nl\/wp-content\/uploads\/2024\/08\/el_sexto-600x316.jpg 600w, https:\/\/peruanos.nl\/wp-content\/uploads\/2024\/08\/el_sexto-300x158.jpg 300w, https:\/\/peruanos.nl\/wp-content\/uploads\/2024\/08\/el_sexto-768x404.jpg 768w, https:\/\/peruanos.nl\/wp-content\/uploads\/2024\/08\/el_sexto-750x395.jpg 750w, https:\/\/peruanos.nl\/wp-content\/uploads\/2024\/08\/el_sexto.jpg 1140w\" sizes=\"(max-width: 1024px) 100vw, 1024px\" \/><\/figure>\n\n<h3 class=\"wp-block-heading\"><strong>9.<\/strong> <strong>\u00abPoemas Humanos<\/strong><strong>\u00bb (1957) \u2013 C\u00e9sar Vallejo<\/strong><\/h3>\n\n<p>sta colecci\u00f3n de poemas es una de las m\u00e1s importantes y universales de la obra de Vallejo. <strong>\u00abPoemas Humanos\u00bb<\/strong> abarca temas como la muerte, el sufrimiento y la solidaridad humana, y est\u00e1 marcada por el dolor existencial y la lucha interna que caracterizan a Vallejo. Es una obra clave en la poes\u00eda en espa\u00f1ol, donde la experiencia humana se eleva a un nivel trascendental, conectando con lectores de todas partes del mundo. <\/p>\n\n<figure class=\"wp-block-image size-large is-resized\"><img loading=\"lazy\" decoding=\"async\" width=\"1024\" height=\"539\" src=\"https:\/\/peruanos.nl\/wp-content\/uploads\/2024\/08\/poemas_humanos-1024x539.jpg\" alt=\"\" class=\"wp-image-1253\" style=\"width:1170px;height:auto\" srcset=\"https:\/\/peruanos.nl\/wp-content\/uploads\/2024\/08\/poemas_humanos-1024x539.jpg 1024w, https:\/\/peruanos.nl\/wp-content\/uploads\/2024\/08\/poemas_humanos-600x316.jpg 600w, https:\/\/peruanos.nl\/wp-content\/uploads\/2024\/08\/poemas_humanos-300x158.jpg 300w, https:\/\/peruanos.nl\/wp-content\/uploads\/2024\/08\/poemas_humanos-768x404.jpg 768w, https:\/\/peruanos.nl\/wp-content\/uploads\/2024\/08\/poemas_humanos-750x395.jpg 750w, https:\/\/peruanos.nl\/wp-content\/uploads\/2024\/08\/poemas_humanos.jpg 1140w\" sizes=\"(max-width: 1024px) 100vw, 1024px\" \/><\/figure>\n\n<h3 class=\"wp-block-heading\"><strong>10.<\/strong> <strong>\u00abNo me Esperen en Abril\u00bb (1993) \u2013 Alfredo Bryce Echenique<\/strong><\/h3>\n\n<p>Esta novela juvenil, ambientada en la Lima de mediados del siglo XX, captura con humor y nostalgia las experiencias de la adolescencia y los dilemas familiares. <strong>\u00abNo me Esperen en Abril\u00bb<\/strong> es una obra clave dentro del realismo nost\u00e1lgico de Bryce Echenique, quien es un maestro en combinar la comedia y la melancol\u00eda para crear personajes entra\u00f1ables y memorables. Es una mirada \u00edntima a la Lima de la \u00e9poca y las emociones universales de la juventud. <\/p>\n\n<figure class=\"wp-block-image size-large is-resized\"><img loading=\"lazy\" decoding=\"async\" width=\"1024\" height=\"539\" src=\"https:\/\/peruanos.nl\/wp-content\/uploads\/2024\/08\/no_me_esperen_en_abril-1024x539.jpg\" alt=\"\" class=\"wp-image-1252\" style=\"width:1170px;height:auto\" srcset=\"https:\/\/peruanos.nl\/wp-content\/uploads\/2024\/08\/no_me_esperen_en_abril-1024x539.jpg 1024w, https:\/\/peruanos.nl\/wp-content\/uploads\/2024\/08\/no_me_esperen_en_abril-600x316.jpg 600w, https:\/\/peruanos.nl\/wp-content\/uploads\/2024\/08\/no_me_esperen_en_abril-300x158.jpg 300w, https:\/\/peruanos.nl\/wp-content\/uploads\/2024\/08\/no_me_esperen_en_abril-768x404.jpg 768w, https:\/\/peruanos.nl\/wp-content\/uploads\/2024\/08\/no_me_esperen_en_abril-750x395.jpg 750w, https:\/\/peruanos.nl\/wp-content\/uploads\/2024\/08\/no_me_esperen_en_abril.jpg 1140w\" sizes=\"(max-width: 1024px) 100vw, 1024px\" \/><\/figure>\n","protected":false},"excerpt":{"rendered":"<p>La literatura peruana ha sido un pilar fundamental en la cultura latinoamericana, plasmando las vivencias, luchas y transformaciones del Per\u00fa a lo largo de los siglos. En este art\u00edculo, presentaremos los diez libros m\u00e1s importantes de la literatura peruana, ordenados no solo por su impacto en la sociedad, sino tambi\u00e9n por su contribuci\u00f3n a la [&hellip;]<\/p>\n","protected":false},"author":2,"featured_media":1655,"comment_status":"open","ping_status":"open","sticky":false,"template":"","format":"standard","meta":{"jnews-multi-image_gallery":[],"jnews_single_post":[],"jnews_primary_category":[],"jnews_social_meta":[],"jnews_override_counter":[],"footnotes":""},"categories":[154],"tags":[238,240,239,211,236,241,234,235,237],"class_list":["post-2105","post","type-post","status-publish","format-standard","has-post-thumbnail","hentry","category-cultura-es","tag-alfredo-bryce-echenique-es","tag-cesar-vallejo-es","tag-ciro-alegria-es","tag-cultura-es","tag-escritores-peruanos-es","tag-jose-maria-arguedas-es","tag-literatura-es","tag-literatura-peruana-es","tag-mario-vargas-llosa-es"],"_links":{"self":[{"href":"https:\/\/peruanos.nl\/es\/wp-json\/wp\/v2\/posts\/2105","targetHints":{"allow":["GET"]}}],"collection":[{"href":"https:\/\/peruanos.nl\/es\/wp-json\/wp\/v2\/posts"}],"about":[{"href":"https:\/\/peruanos.nl\/es\/wp-json\/wp\/v2\/types\/post"}],"author":[{"embeddable":true,"href":"https:\/\/peruanos.nl\/es\/wp-json\/wp\/v2\/users\/2"}],"replies":[{"embeddable":true,"href":"https:\/\/peruanos.nl\/es\/wp-json\/wp\/v2\/comments?post=2105"}],"version-history":[{"count":1,"href":"https:\/\/peruanos.nl\/es\/wp-json\/wp\/v2\/posts\/2105\/revisions"}],"predecessor-version":[{"id":2106,"href":"https:\/\/peruanos.nl\/es\/wp-json\/wp\/v2\/posts\/2105\/revisions\/2106"}],"wp:featuredmedia":[{"embeddable":true,"href":"https:\/\/peruanos.nl\/es\/wp-json\/wp\/v2\/media\/1655"}],"wp:attachment":[{"href":"https:\/\/peruanos.nl\/es\/wp-json\/wp\/v2\/media?parent=2105"}],"wp:term":[{"taxonomy":"category","embeddable":true,"href":"https:\/\/peruanos.nl\/es\/wp-json\/wp\/v2\/categories?post=2105"},{"taxonomy":"post_tag","embeddable":true,"href":"https:\/\/peruanos.nl\/es\/wp-json\/wp\/v2\/tags?post=2105"}],"curies":[{"name":"wp","href":"https:\/\/api.w.org\/{rel}","templated":true}]}}