{"id":2060,"date":"2024-09-21T04:32:47","date_gmt":"2024-09-21T02:32:47","guid":{"rendered":"https:\/\/peruanos.nl\/2024\/09\/21\/el-punk-nacio-en-peru-la-historia-olvidada-de-los-saicos-pioneros-del-movimiento-punk-mundial\/"},"modified":"2024-11-01T03:43:02","modified_gmt":"2024-11-01T08:43:02","slug":"el-punk-nacio-en-peru-la-historia-olvidada-de-los-saicos-pioneros-del-movimiento-punk-mundial","status":"publish","type":"post","link":"https:\/\/peruanos.nl\/es\/el-punk-nacio-en-peru-la-historia-olvidada-de-los-saicos-pioneros-del-movimiento-punk-mundial\/","title":{"rendered":"El Punk Naci\u00f3 en Per\u00fa: La Historia Olvidada de Los Saicos, Pioneros del Movimiento Punk Mundial"},"content":{"rendered":"\n<p>Cuando hablamos del origen del punk, la mayor\u00eda de personas piensan en bandas ic\u00f3nicas como los Ramones o los Sex Pistols, asociando el nacimiento de este explosivo g\u00e9nero con la contracultura estadounidense y brit\u00e1nica de los a\u00f1os 70. Sin embargo, lo que pocos saben es que casi una d\u00e9cada antes de que el punk estallara en esas tierras, una banda peruana ya estaba sembrando las semillas de este movimiento. S\u00ed, el punk, tal como lo conocemos, tiene sus ra\u00edces en Lima, Per\u00fa, y esa ra\u00edz se llama Los Saicos.  <\/p>\n\n<h3 class=\"wp-block-heading\">La Historia de Los Saicos: Rebeld\u00eda en Tiempos de Rock<\/h3>\n\n<p>Corr\u00eda el a\u00f1o 1964 en Lima. El rock and roll ya hab\u00eda llegado a Per\u00fa, y los j\u00f3venes viv\u00edan inmersos en la nueva ola de bandas como Los Beatles y los Rolling Stones. Pero un grupo de muchachos inconformistas, insatisfechos con los sonidos suaves y mel\u00f3dicos de esa \u00e9poca, decidieron romper con las normas y crear algo totalmente distinto, m\u00e1s agresivo, m\u00e1s visceral. Los Saicos se formaron en el barrio de Lince, y su propuesta fue tan transgresora que parec\u00eda provenir de otro planeta.   <\/p>\n\n<p>El grupo estuvo conformado por Erwin Flores (voz y guitarra), Rolando Carpio (guitarra principal), C\u00e9sar Castrill\u00f3n (bajo y voz), y Pancho Guevara (bater\u00eda). Desde el primer acorde, su m\u00fasica no se parec\u00eda a nada de lo que se escuchaba en las radios locales o internacionales. Su sonido era crudo, lleno de distorsi\u00f3n, y sus letras eran m\u00e1s cercanas a un grito de guerra que a las t\u00edpicas canciones de amor que predominaban en la \u00e9poca.  <\/p>\n\n<p>Algunos de sus temas m\u00e1s conocidos incluyen \u00abDemolici\u00f3n\u00bb, \u00abFugaz\u00bb, y \u00abCamisa de fuerza\u00bb<\/p>\n\n<h3 class=\"wp-block-heading\">\u00abDemolici\u00f3n\u00bb: El Himno de la Rebeli\u00f3n<\/h3>\n\n<p>Si hay una canci\u00f3n que define la esencia de Los Saicos, es sin duda \u00abDemolici\u00f3n\u00bb. Con su famoso estribillo \u00ab\u00a1Echemos abajo la estaci\u00f3n del tren!\u00bb, esta canci\u00f3n se convirti\u00f3 en el estandarte de la banda y en un ejemplo perfecto de su esp\u00edritu rebelde. Era algo in\u00e9dito: mientras otros grupos hablaban de romances adolescentes, Los Saicos cantaban sobre destrucci\u00f3n, caos y desaf\u00edo a la autoridad. Esta agresividad y falta de convencionalismo es lo que, a\u00f1os despu\u00e9s, caracterizar\u00eda al punk rock.   <\/p>\n\n<figure class=\"wp-block-image alignnone size-large is-resized wp-image-947 size-full\"><img fetchpriority=\"high\" decoding=\"async\" width=\"1024\" height=\"766\" src=\"http:\/\/peruanos.nl\/wp-content\/uploads\/2024\/08\/los_saicos_inside_articulo-1024x766.jpg\" alt=\"\" class=\"wp-image-1194\" style=\"width:1168px;height:auto\" srcset=\"https:\/\/peruanos.nl\/wp-content\/uploads\/2024\/08\/los_saicos_inside_articulo-1024x766.jpg 1024w, https:\/\/peruanos.nl\/wp-content\/uploads\/2024\/08\/los_saicos_inside_articulo-600x449.jpg 600w, https:\/\/peruanos.nl\/wp-content\/uploads\/2024\/08\/los_saicos_inside_articulo-300x224.jpg 300w, https:\/\/peruanos.nl\/wp-content\/uploads\/2024\/08\/los_saicos_inside_articulo-768x575.jpg 768w, https:\/\/peruanos.nl\/wp-content\/uploads\/2024\/08\/los_saicos_inside_articulo-750x561.jpg 750w, https:\/\/peruanos.nl\/wp-content\/uploads\/2024\/08\/los_saicos_inside_articulo.jpg 1140w\" sizes=\"(max-width: 1024px) 100vw, 1024px\" \/><\/figure>\n\n<p>Lanzada en 1965, \u00abDemolici\u00f3n\u00bb fue un \u00e9xito en Per\u00fa, pero su impacto internacional tardar\u00eda en ser reconocido. La canci\u00f3n, con su ritmo fren\u00e9tico, sus gritos desgarradores y su inconfundible energ\u00eda, resonar\u00eda d\u00e9cadas despu\u00e9s en la escena underground del punk, siendo considerada por muchos como una de las primeras canciones de punk en la historia. <\/p>\n\n<h3 class=\"wp-block-heading\">El Fin de una Era: La Desaparici\u00f3n de los Saicos<\/h3>\n\n<p>Pese a su potencial innovador, Los Saicos tuvieron una carrera corta. En 1966, apenas dos a\u00f1os despu\u00e9s de su formaci\u00f3n, el grupo se disolvi\u00f3. En total, lanzaron solo seis sencillos, pero esos pocos temas fueron suficientes para que su legado perdurara. A diferencia de otras bandas de la \u00e9poca, Los Saicos no grabaron \u00e1lbumes completos ni realizaron extensas giras internacionales, pero su impacto fue profundo y duradero.   <\/p>\n\n<p>Luego de la disoluci\u00f3n del grupo, los miembros de la banda siguieron caminos separados. Erwin Flores emigr\u00f3 a Estados Unidos, Rolando Carpio falleci\u00f3 en un accidente en 2005, y Pancho Guevara falleci\u00f3 en 2015. Sin embargo, en los \u00faltimos a\u00f1os, Los Saicos han vivido un renacimiento, con su m\u00fasica siendo redescubierta por nuevas generaciones y con tributos de bandas punk de todo el mundo.  <\/p>\n\n<blockquote class=\"wp-block-quote pullquote align-center is-layout-flow wp-block-quote-is-layout-flow\">\n<p>El punk, en su forma m\u00e1s pura, naci\u00f3 en Per\u00fa,<\/p>\n<\/blockquote>\n\n<h3 class=\"wp-block-heading\">La Trascendencia de Los Saicos en el Punk Mundial<\/h3>\n\n<p>A pesar de su breve carrera, Los Saicos han sido redescubiertos y reconocidos internacionalmente como una de las bandas precursoras del punk rock. Su sonido, basado en la agresividad y la actitud rebelde, ten\u00eda m\u00e1s en com\u00fan con las futuras bandas punk de Nueva York y Londres que con los grupos de rock de su tiempo. <\/p>\n\n<p>Hoy en d\u00eda, el reconocimiento internacional hacia la banda ha crecido enormemente. Documentales, como \u00abSaicoman\u00eda\u00bb (2011), y una creciente comunidad de fan\u00e1ticos han colocado a Los Saicos en el pedestal que merecen, destac\u00e1ndolos como pioneros de un g\u00e9nero que no fue completamente valorado hasta mucho despu\u00e9s. <\/p>\n\n<p>La m\u00fasica de Los Saicos, especialmente canciones como \u00abDemolici\u00f3n\u00bb, \u00abCamisa de fuerza\u00bb y \u00abFugaz\u00bb, captura el esp\u00edritu del punk de una manera pura y aut\u00e9ntica. Su capacidad para canalizar la rabia juvenil, la frustraci\u00f3n social y el deseo de rebelarse contra las normas encarnaba perfectamente la esencia de lo que ser\u00eda el punk rock a\u00f1os despu\u00e9s. <\/p>\n\n<h3 class=\"wp-block-heading\">Per\u00fa en la Historia del Punk: Los Saicos, Precursores del Movimiento<\/h3>\n\n<p>El legado de Los Saicos es un hito hist\u00f3rico que resalta el talento y la originalidad del Per\u00fa en la m\u00fasica global. En una \u00e9poca en la que el pa\u00eds no figuraba en los grandes centros de producci\u00f3n musical, un grupo de j\u00f3venes lime\u00f1os cre\u00f3 algo \u00fanico, adelantado a su tiempo y revolucionario a nivel mundial. <\/p>\n\n<p>Su impacto es una muestra del poder de la creatividad peruana y de c\u00f3mo las ideas innovadoras pueden surgir desde cualquier lugar. Los Saicos colocaron a Per\u00fa en el mapa musical internacional, demostrando que el pa\u00eds no solo puede participar en movimientos globales, sino tambi\u00e9n iniciarlos. <\/p>\n\n<p>La pr\u00f3xima vez que alguien te hable del origen del punk, no dudes en mencionar a Los Saicos. Esta banda lime\u00f1a rompi\u00f3 barreras, adelant\u00e1ndose a su tiempo y sentando las bases de un movimiento que cambiar\u00eda la m\u00fasica para siempre. El punk, en su forma m\u00e1s pura, naci\u00f3 en Per\u00fa, y eso es motivo m\u00e1s que suficiente para sentirnos orgullosos de nuestras ra\u00edces, de nuestra cultura y de la creatividad infinita de los peruanos. Los Saicos no solo representan una parte crucial de la historia del rock, sino que tambi\u00e9n simbolizan el esp\u00edritu rebelde y audaz que caracteriza al Per\u00fa. Y eso, sin duda, es algo para celebrar.    <\/p>\n\n<p>Hoy en d\u00eda, su legado sigue vivo, y para los peruanos, su historia es un s\u00edmbolo de la capacidad de romper con las convenciones y dejar una marca duradera.<\/p>\n\n<figure class=\"wp-block-embed is-type-video is-provider-youtube wp-block-embed-youtube wp-embed-aspect-16-9 wp-has-aspect-ratio\"><div class=\"wp-block-embed__wrapper\">\n<div class=\"jeg_video_container jeg_video_content\"><iframe title=\"Demolici\u00f3n - Los Saicos\" width=\"500\" height=\"281\" src=\"https:\/\/www.youtube.com\/embed\/bIwDtPErh-M?feature=oembed\" frameborder=\"0\" allow=\"accelerometer; autoplay; clipboard-write; encrypted-media; gyroscope; picture-in-picture; web-share\" referrerpolicy=\"strict-origin-when-cross-origin\" allowfullscreen><\/iframe><\/div>\n<\/div><\/figure>\n","protected":false},"excerpt":{"rendered":"<p>Cuando hablamos del origen del punk, la mayor\u00eda de personas piensan en bandas ic\u00f3nicas como los Ramones o los Sex Pistols, asociando el nacimiento de este explosivo g\u00e9nero con la contracultura estadounidense y brit\u00e1nica de los a\u00f1os 70. Sin embargo, lo que pocos saben es que casi una d\u00e9cada antes de que el punk estallara [&hellip;]<\/p>\n","protected":false},"author":2,"featured_media":1605,"comment_status":"open","ping_status":"open","sticky":false,"template":"","format":"standard","meta":{"jnews-multi-image_gallery":[],"jnews_single_post":{"format":"standard","override":[{"template":"1","parallax":"1","fullscreen":"1","layout":"right-sidebar","sidebar":"default-sidebar","second_sidebar":"default-sidebar","sticky_sidebar":"1","share_position":"top","share_float_style":"share-monocrhome","show_share_counter":"1","show_view_counter":"1","show_featured":"1","show_post_meta":"1","show_post_author":"1","show_post_author_image":"1","show_post_date":"1","post_date_format":"default","post_date_format_custom":"Y\/m\/d","show_post_category":"1","show_post_reading_time":"0","post_reading_time_wpm":"300","post_calculate_word_method":"str_word_count","show_zoom_button":"0","zoom_button_out_step":"2","zoom_button_in_step":"3","show_post_tag":"1","show_prev_next_post":"1","show_popup_post":"1","number_popup_post":"1","show_author_box":"0","show_post_related":"0","show_inline_post_related":"0"}],"image_override":[{"single_post_thumbnail_size":"crop-500","single_post_gallery_size":"crop-500"}],"trending_post_position":"meta","trending_post_label":"Trending","sponsored_post_label":"Sponsored by","disable_ad":"0"},"jnews_primary_category":{"id":"49"},"jnews_social_meta":[],"jnews_override_counter":{"view_counter_number":"0","share_counter_number":"0","like_counter_number":"0","dislike_counter_number":"0"},"footnotes":""},"categories":[154,186,177],"tags":[211,222],"class_list":["post-2060","post","type-post","status-publish","format-standard","has-post-thumbnail","hentry","category-cultura-es","category-estilo-de-vida","category-historia","tag-cultura-es","tag-musica-es"],"_links":{"self":[{"href":"https:\/\/peruanos.nl\/es\/wp-json\/wp\/v2\/posts\/2060","targetHints":{"allow":["GET"]}}],"collection":[{"href":"https:\/\/peruanos.nl\/es\/wp-json\/wp\/v2\/posts"}],"about":[{"href":"https:\/\/peruanos.nl\/es\/wp-json\/wp\/v2\/types\/post"}],"author":[{"embeddable":true,"href":"https:\/\/peruanos.nl\/es\/wp-json\/wp\/v2\/users\/2"}],"replies":[{"embeddable":true,"href":"https:\/\/peruanos.nl\/es\/wp-json\/wp\/v2\/comments?post=2060"}],"version-history":[{"count":2,"href":"https:\/\/peruanos.nl\/es\/wp-json\/wp\/v2\/posts\/2060\/revisions"}],"predecessor-version":[{"id":2307,"href":"https:\/\/peruanos.nl\/es\/wp-json\/wp\/v2\/posts\/2060\/revisions\/2307"}],"wp:featuredmedia":[{"embeddable":true,"href":"https:\/\/peruanos.nl\/es\/wp-json\/wp\/v2\/media\/1605"}],"wp:attachment":[{"href":"https:\/\/peruanos.nl\/es\/wp-json\/wp\/v2\/media?parent=2060"}],"wp:term":[{"taxonomy":"category","embeddable":true,"href":"https:\/\/peruanos.nl\/es\/wp-json\/wp\/v2\/categories?post=2060"},{"taxonomy":"post_tag","embeddable":true,"href":"https:\/\/peruanos.nl\/es\/wp-json\/wp\/v2\/tags?post=2060"}],"curies":[{"name":"wp","href":"https:\/\/api.w.org\/{rel}","templated":true}]}}