{"id":992,"date":"2024-10-14T08:28:55","date_gmt":"2024-10-14T13:28:55","guid":{"rendered":"http:\/\/peruanos.nl\/2024\/07\/30\/u-s-online-sales-surge-shoppers-throng-stores-on-thanksgiving-evening\/"},"modified":"2024-10-31T09:02:48","modified_gmt":"2024-10-31T14:02:48","slug":"elecciones-generales-2026-cierre-del-padron-electoral","status":"publish","type":"post","link":"https:\/\/peruanos.nl\/en\/elecciones-generales-2026-cierre-del-padron-electoral\/","title":{"rendered":"Elecciones Generales 2026 &#8211; Cierre del Padron Electoral"},"content":{"rendered":"\n<p>En seguimiento al proceso electoral &#8220;Elecciones Generales del Per\u00fa de 2026&#8221; que se llevar\u00e1 a cabo el domingo 12 de abril de 2026, para elegir al Presidente de la Rep\u00fablica, dos vicepresidentes, 190 congresistas de la Rep\u00fablica (60 senadores y 130 diputados) y 5 parlamentarios andinos para el per\u00edodo gubernamental 2026-2031, y en atenci\u00f3n a lo se\u00f1alado en el Art. 201 de la ley 26859, modificado por el art\u00edculo 2 de la ley <a><\/a>N\u00ba 30673, se pone en conocimiento que el Registro Nacional de Identificaci\u00f3n y Estado Civil (RENIEC) dispondr\u00e1 el cierre del padr\u00f3n electoral trescientos sesenta y cinco d\u00edas (365) calendarios a la fecha en que se realizar\u00e1 el proceso electoral, el cual contendr\u00e1 la informaci\u00f3n registrada por los ciudadanos en su DNI, antes de la fecha del cierre del padr\u00f3n.<\/p>\n\n\n\n<p>Sobre el particular, se recuerda a los ciudadanos peruanos residentes en los Pa\u00edses Bajos que tienen la oportunidad de actualizar su documento de identidad con la direcci\u00f3n de su domicilio actual hasta el mes de abril de 2025. Solo los ciudadanos que figuran en el Padr\u00f3n Electoral podr\u00e1n ejercer su derecho a voto en las mesas de votaci\u00f3n que se abrir\u00e1n en los Pa\u00edses Bajos.<\/p>\n\n\n\n<p>Fuente: <a href=\"https:\/\/www.facebook.com\/permalink.php?story_fbid=pfbid029iRrx38oxU9UHGr2RYpxhdbvBbbEczxQKycNxvdBkAeCRUYkD8HSxSZELZThKNH1l&amp;id=100080588592057\">Pagina Facebook del <strong>Consulado General del Per\u00fa en Amsterdam<\/strong><\/a><\/p>\n\n\n\n<figure class=\"wp-block-image size-large\"><img fetchpriority=\"high\" decoding=\"async\" width=\"1024\" height=\"1024\" src=\"https:\/\/peruanos.nl\/wp-content\/uploads\/2024\/07\/462625959_935507395270702_5062092694070435526_n-1024x1024.jpg\" alt=\"\" class=\"wp-image-1937\" srcset=\"https:\/\/peruanos.nl\/wp-content\/uploads\/2024\/07\/462625959_935507395270702_5062092694070435526_n-1024x1024.jpg 1024w, https:\/\/peruanos.nl\/wp-content\/uploads\/2024\/07\/462625959_935507395270702_5062092694070435526_n-300x300.jpg 300w, https:\/\/peruanos.nl\/wp-content\/uploads\/2024\/07\/462625959_935507395270702_5062092694070435526_n-150x150.jpg 150w, https:\/\/peruanos.nl\/wp-content\/uploads\/2024\/07\/462625959_935507395270702_5062092694070435526_n-768x769.jpg 768w, https:\/\/peruanos.nl\/wp-content\/uploads\/2024\/07\/462625959_935507395270702_5062092694070435526_n-600x601.jpg 600w, https:\/\/peruanos.nl\/wp-content\/uploads\/2024\/07\/462625959_935507395270702_5062092694070435526_n-100x100.jpg 100w, https:\/\/peruanos.nl\/wp-content\/uploads\/2024\/07\/462625959_935507395270702_5062092694070435526_n-75x75.jpg 75w, https:\/\/peruanos.nl\/wp-content\/uploads\/2024\/07\/462625959_935507395270702_5062092694070435526_n-350x350.jpg 350w, https:\/\/peruanos.nl\/wp-content\/uploads\/2024\/07\/462625959_935507395270702_5062092694070435526_n-750x751.jpg 750w, https:\/\/peruanos.nl\/wp-content\/uploads\/2024\/07\/462625959_935507395270702_5062092694070435526_n-1140x1141.jpg 1140w, https:\/\/peruanos.nl\/wp-content\/uploads\/2024\/07\/462625959_935507395270702_5062092694070435526_n.jpg 1193w\" sizes=\"(max-width: 1024px) 100vw, 1024px\" \/><\/figure>\n","protected":false},"excerpt":{"rendered":"<p>En seguimiento al proceso electoral &#8220;Elecciones Generales del Per\u00fa de 2026&#8221; que se llevar\u00e1 a cabo el domingo 12 de abril de 2026, para elegir al Presidente de la Rep\u00fablica, dos vicepresidentes, 190 congresistas de la Rep\u00fablica (60 senadores y 130 diputados) y 5 parlamentarios andinos para el per\u00edodo gubernamental 2026-2031, y en atenci\u00f3n a [&hellip;]<\/p>\n","protected":false},"author":1,"featured_media":1940,"comment_status":"open","ping_status":"open","sticky":false,"template":"","format":"standard","meta":{"jnews-multi-image_gallery":[],"jnews_single_post":{"source_name":"","source_url":"","via_name":"","via_url":"","override_template":"0","override":[{"template":"1","single_blog_custom":"","parallax":"1","fullscreen":"1","layout":"right-sidebar","sidebar":"default-sidebar","second_sidebar":"default-sidebar","sticky_sidebar":"1","share_position":"top","share_float_style":"share-monocrhome","show_share_counter":"1","show_view_counter":"1","show_featured":"1","show_post_meta":"1","show_post_author":"1","show_post_author_image":"1","show_post_date":"1","post_date_format":"default","post_date_format_custom":"Y\/m\/d","show_post_category":"1","show_post_reading_time":"0","post_reading_time_wpm":"300","show_zoom_button":"0","zoom_button_out_step":"2","zoom_button_in_step":"3","show_post_tag":"1","show_prev_next_post":"1","show_popup_post":"1","number_popup_post":"1","show_author_box":"0","show_post_related":"0","show_inline_post_related":"0","post_calculate_word_method":"str_word_count"}],"override_image_size":"0","image_override":[{"single_post_thumbnail_size":"crop-500","single_post_gallery_size":"crop-500"}],"trending_post":"0","trending_post_position":"meta","trending_post_label":"Trending","sponsored_post":"0","sponsored_post_label":"Sponsored by","sponsored_post_name":"","sponsored_post_url":"","sponsored_post_logo_enable":"0","sponsored_post_logo":"","sponsored_post_desc":"","format":"standard","video":"https:\/\/www.youtube.com\/watch?v=YdJc7-ZEuT0","disable_ad":"0"},"jnews_primary_category":{"id":""},"jnews_social_meta":[],"jnews_override_counter":{"view_counter_number":"0","share_counter_number":"0","like_counter_number":"0","dislike_counter_number":"0"},"footnotes":""},"categories":[178],"tags":[107],"class_list":["post-992","post","type-post","status-publish","format-standard","has-post-thumbnail","hentry","category-news","tag-peru"],"_links":{"self":[{"href":"https:\/\/peruanos.nl\/en\/wp-json\/wp\/v2\/posts\/992","targetHints":{"allow":["GET"]}}],"collection":[{"href":"https:\/\/peruanos.nl\/en\/wp-json\/wp\/v2\/posts"}],"about":[{"href":"https:\/\/peruanos.nl\/en\/wp-json\/wp\/v2\/types\/post"}],"author":[{"embeddable":true,"href":"https:\/\/peruanos.nl\/en\/wp-json\/wp\/v2\/users\/1"}],"replies":[{"embeddable":true,"href":"https:\/\/peruanos.nl\/en\/wp-json\/wp\/v2\/comments?post=992"}],"version-history":[{"count":2,"href":"https:\/\/peruanos.nl\/en\/wp-json\/wp\/v2\/posts\/992\/revisions"}],"predecessor-version":[{"id":2053,"href":"https:\/\/peruanos.nl\/en\/wp-json\/wp\/v2\/posts\/992\/revisions\/2053"}],"wp:featuredmedia":[{"embeddable":true,"href":"https:\/\/peruanos.nl\/en\/wp-json\/wp\/v2\/media\/1940"}],"wp:attachment":[{"href":"https:\/\/peruanos.nl\/en\/wp-json\/wp\/v2\/media?parent=992"}],"wp:term":[{"taxonomy":"category","embeddable":true,"href":"https:\/\/peruanos.nl\/en\/wp-json\/wp\/v2\/categories?post=992"},{"taxonomy":"post_tag","embeddable":true,"href":"https:\/\/peruanos.nl\/en\/wp-json\/wp\/v2\/tags?post=992"}],"curies":[{"name":"wp","href":"https:\/\/api.w.org\/{rel}","templated":true}]}}