{"id":987,"date":"2024-10-31T00:00:26","date_gmt":"2024-10-31T05:00:26","guid":{"rendered":"http:\/\/peruanos.nl\/2024\/08\/04\/we-asked-daves-about-dave-marcus-and-other-first-name-money-apps\/"},"modified":"2024-10-31T06:49:36","modified_gmt":"2024-10-31T11:49:36","slug":"dia-de-la-cancion-criolla-historia-artistas-y-orgullo-peruano","status":"publish","type":"post","link":"https:\/\/peruanos.nl\/en\/dia-de-la-cancion-criolla-historia-artistas-y-orgullo-peruano\/","title":{"rendered":"Day of the Creole Song: History, Artists, and Peruvian Pride"},"content":{"rendered":"\n<p>Every October 31, Peru celebrates one of the most vibrant and moving events on its cultural calendar: the Day of the Creole Song. This date, which coincides with the festivities of the Lord of Miracles, pays tribute to the country\u2019s rich musical tradition and offers a chance to relive the music that tells the stories of neighborhoods, streets, and everyday life in Lima and across Peru. Creole music is, at its core, the musical heart of a nation that embraces its mixed heritage, and the Day of the Creole Song is its ultimate celebration.<\/p>\n\n\n\n<p>In this article, we invite you to discover the origins, evolution, and most iconic exponents of this music, as you explore why Peruvians should feel so proud of their Creole legacy. Join us on this fascinating journey through the history and rhythms of Peruvian Creole music!<\/p>\n\n\n\n<h3 class=\"wp-block-heading\">The Origins of the Day of the Creole Song<\/h3>\n\n\n\n<p>On October 18, 1944, then-President of Peru, Manuel Prado Ugarteche, decided to establish a date to honor the Creole musicians and artists of the time. To coincide with the celebrations of the Lord of Miracles, a significant religious event in Lima, the Day of the Creole Song was created to celebrate the richness and diversity of this musical genre. Years later, in 1973, after the death of the iconic singer Lucha Reyes on October 31, the celebration was moved to this date in her honor, giving it a double meaning for Peruvians: music and devotion.<\/p>\n\n\n\n<figure class=\"wp-block-image size-full is-resized\"><img fetchpriority=\"high\" decoding=\"async\" width=\"500\" height=\"336\" src=\"https:\/\/peruanos.nl\/wp-content\/uploads\/2024\/08\/dia_de_la_cancion_peruana_inside_article_4.webp\" alt=\"\" class=\"wp-image-1439\" style=\"width:1170px;height:auto\" srcset=\"https:\/\/peruanos.nl\/wp-content\/uploads\/2024\/08\/dia_de_la_cancion_peruana_inside_article_4.webp 500w, https:\/\/peruanos.nl\/wp-content\/uploads\/2024\/08\/dia_de_la_cancion_peruana_inside_article_4-300x202.webp 300w\" sizes=\"(max-width: 500px) 100vw, 500px\" \/><\/figure>\n\n\n\n<h3 class=\"wp-block-heading\">Creole Music: A Unique and Mixed Fusion<\/h3>\n\n\n\n<p>Creole music is the result of a fascinating blend of cultures. Over the centuries, Peruvian musicians have fused various genres of European, Andean, and African origins. The Viennese waltz, Spanish jota, Spanish zarzuela, and traditional Andean and Afro-Peruvian rhythms gave rise to Creole music, a genre deeply rooted in Peru\u2019s mixed heritage and multiculturalism.<\/p>\n\n\n\n<p>Although its roots are in Lima\u2019s Barrios Altos and R\u00edmac neighborhoods, this genre quickly spread throughout the country, becoming a symbol of national identity. Over time, it became the music that accompanied celebrations, sorrows, love, and heartbreak in the daily life of Lima\u2019s streets.<\/p>\n\n\n\n<figure class=\"wp-block-image size-full is-resized\"><img decoding=\"async\" width=\"800\" height=\"537\" src=\"https:\/\/peruanos.nl\/wp-content\/uploads\/2024\/08\/dia_de_la_cancion_peruana_inside_article_3-1.webp\" alt=\"\" class=\"wp-image-1441\" style=\"width:1170px;height:auto\" srcset=\"https:\/\/peruanos.nl\/wp-content\/uploads\/2024\/08\/dia_de_la_cancion_peruana_inside_article_3-1.webp 800w, https:\/\/peruanos.nl\/wp-content\/uploads\/2024\/08\/dia_de_la_cancion_peruana_inside_article_3-1-600x403.webp 600w, https:\/\/peruanos.nl\/wp-content\/uploads\/2024\/08\/dia_de_la_cancion_peruana_inside_article_3-1-300x201.webp 300w, https:\/\/peruanos.nl\/wp-content\/uploads\/2024\/08\/dia_de_la_cancion_peruana_inside_article_3-1-768x516.webp 768w, https:\/\/peruanos.nl\/wp-content\/uploads\/2024\/08\/dia_de_la_cancion_peruana_inside_article_3-1-750x503.webp 750w\" sizes=\"(max-width: 800px) 100vw, 800px\" \/><\/figure>\n\n\n\n<h3 class=\"wp-block-heading\">Artists Who Defined Creole Music<\/h3>\n\n\n\n<p>Creole music has a long list of artists who defined an era and whose legacy lives on to this day. These artists not only composed songs but also became symbols of cultural pride and national identity:<\/p>\n\n\n\n<p>Los <strong>Embajadores Criollos<\/strong> and <strong>Los Morochucos<\/strong>: Iconic groups that marked the history of Creole music with their harmonies and skill on the Creole guitar, immortalizing songs that now form part of Peru\u2019s cultural heritage.<\/p>\n\n\n\n<p><strong>Felipe Pinglo Alva<\/strong>: Considered the father of the Creole waltz, his compositions such as &#8220;El Plebeyo&#8221; and &#8220;El Huerto de mi Amada&#8221; have become anthems of the genre. Pinglo portrayed in his songs the lives of the humble and marginalized, sensitively reflecting the stories of love, struggle, and pain of the people.<\/p>\n\n\n\n<p><strong>Carmencita Lara<\/strong>: With her unmistakable voice, Carmencita Lara immortalized songs like &#8220;Olv\u00eddala Amigo&#8221; and &#8220;Llora, Llora Coraz\u00f3n,&#8221; which blended Creole music with the lament of broken hearts. She was one of the most beloved figures in the genre.<\/p>\n\n\n\n<p><strong>Arturo &#8220;Zambo&#8221; Cavero <\/strong>and <strong>\u00d3scar Avil\u00e9s<\/strong>: Together, they formed one of the most legendary duos in Creole music. Songs like &#8220;Y se llama Per\u00fa&#8221; and &#8220;Contigo Per\u00fa&#8221; became authentic patriotic anthems that continue to move Peruvians.<\/p>\n\n\n\n<p><strong>Chabuca Granda<\/strong>: The creator of the unforgettable <strong>&#8220;La Flor de la Canela&#8221;<\/strong> and <strong>&#8220;Jos\u00e9 Antonio,&#8221;<\/strong> she elevated Creole music to poetic heights, gaining international recognition for her lyrics and unique style.<\/p>\n\n\n\n<p><strong>Augusto Polo Campos<\/strong>: Composer of great hits like <strong>&#8220;Contigo Per\u00fa&#8221;<\/strong> and <strong>&#8220;Regresa,&#8221;<\/strong> Augusto Polo Campos was another brilliant mind who contributed to the richness of Creole music.<\/p>\n\n\n\n<p><strong>Eva Ayll\u00f3n<\/strong>: Known as the &#8220;<strong>Queen of Land\u00f3<\/strong>,&#8221; Eva Ayll\u00f3n has been one of the most influential figures in the spread and preservation of Creole and Afro-Peruvian music, bringing her talent to international stages.<\/p>\n\n\n\n<figure class=\"wp-block-image size-full is-resized\"><img decoding=\"async\" width=\"833\" height=\"380\" src=\"https:\/\/peruanos.nl\/wp-content\/uploads\/2024\/08\/dia_cancion_criolla_inside_article_1.webp\" alt=\"\" class=\"wp-image-1434\" style=\"width:1170px;height:auto\" srcset=\"https:\/\/peruanos.nl\/wp-content\/uploads\/2024\/08\/dia_cancion_criolla_inside_article_1.webp 833w, https:\/\/peruanos.nl\/wp-content\/uploads\/2024\/08\/dia_cancion_criolla_inside_article_1-600x274.webp 600w, https:\/\/peruanos.nl\/wp-content\/uploads\/2024\/08\/dia_cancion_criolla_inside_article_1-300x137.webp 300w, https:\/\/peruanos.nl\/wp-content\/uploads\/2024\/08\/dia_cancion_criolla_inside_article_1-768x350.webp 768w, https:\/\/peruanos.nl\/wp-content\/uploads\/2024\/08\/dia_cancion_criolla_inside_article_1-750x342.webp 750w\" sizes=\"(max-width: 833px) 100vw, 833px\" \/><\/figure>\n\n\n\n<h3 class=\"wp-block-heading\">The Distinctive Style of the Creole Guitar<\/h3>\n\n\n\n<p>One particular aspect of Creole music is its distinctive use of the Creole guitar. Peruvian guitarists developed a unique style that blends complex arpeggios and strumming with a rhythmic sensitivity that accompanies the emotional lyrics of waltzes, marineras, or tonderos. This guitar has become the backbone of Creole music, offering the perfect accompaniment for voices that narrate stories of love, sorrow, and joy from the Peruvian people.<\/p>\n\n\n\n<blockquote class=\"wp-block-quote is-style-plain is-layout-flow wp-block-quote-is-layout-flow\">\n<blockquote class=\"wp-block-quote is-layout-flow wp-block-quote-is-layout-flow\">\n<p>Creole music is more than a genre; it is the voice of Peru. It reflects the cultural mix that defines the country, a sonic testimony to its history, struggles, and dreams.<\/p>\n<\/blockquote>\n<\/blockquote>\n\n\n\n<h3 class=\"wp-block-heading\">The Legacy of Lucha Reyes: The Heart of the Creole Song<\/h3>\n\n\n\n<p>On <strong>October 31, 1973<\/strong>, Creole music lost one of its most beloved figures: Lucha Reyes. Known as the &#8220;<strong>Golden Morenita,<\/strong>&#8221; Lucha Reyes was one of the most powerful voices in the genre. Her rendition of <strong>&#8220;Regresa&#8221;<\/strong> has become an immortal classic, still echoing in pe\u00f1as and in the hearts of Peruvians. After her death, it was decided that the Day of the Creole Song would be celebrated every October 31 as an eternal tribute to her legacy.<\/p>\n\n\n\n<figure class=\"wp-block-image size-full is-resized alignnone wp-image-947\"><img loading=\"lazy\" decoding=\"async\" width=\"800\" height=\"537\" src=\"https:\/\/peruanos.nl\/wp-content\/uploads\/2024\/08\/lucha_reyes_inside_article.webp\" alt=\"\" class=\"wp-image-1437\" style=\"width:1170px;height:auto\" srcset=\"https:\/\/peruanos.nl\/wp-content\/uploads\/2024\/08\/lucha_reyes_inside_article.webp 800w, https:\/\/peruanos.nl\/wp-content\/uploads\/2024\/08\/lucha_reyes_inside_article-600x403.webp 600w, https:\/\/peruanos.nl\/wp-content\/uploads\/2024\/08\/lucha_reyes_inside_article-300x201.webp 300w, https:\/\/peruanos.nl\/wp-content\/uploads\/2024\/08\/lucha_reyes_inside_article-768x516.webp 768w, https:\/\/peruanos.nl\/wp-content\/uploads\/2024\/08\/lucha_reyes_inside_article-750x503.webp 750w\" sizes=\"(max-width: 800px) 100vw, 800px\" \/><figcaption class=\"wp-element-caption\">Lucha Reyes on at live show at Chanel 5 | December 1972<\/figcaption><\/figure>\n\n\n\n<h3 class=\"wp-block-heading\">Why Peruvians Should Feel Proud of their Creole Music<\/h3>\n\n\n\n<p>Creole music is much more than a musical genre; it is the voice of Peru. It is a reflection of the cultural fusion that defines the country, a sound testimony of its history, its struggles and its dreams. Each waltz, each marinera, each tondero is a fragment of the national identity. This music has accompanied the people in their most difficult moments and also in their most joyful celebrations.<\/p>\n\n\n\n<p>Creole music is much more than a musical genre; it is the voice of Peru. It is a living representation of its culture, of its ability to integrate diverse influences and make them its own. It is music that tells stories of life, love, struggle, and resilience.<\/p>\n\n\n\n<h3 class=\"wp-block-heading\">Celebrate the Day of the Creole Song<\/h3>\n\n\n\n<p>The Day of the Creole Song is an opportunity to reconnect with the musical roots of Peru. We invite you to celebrate this day by listening to the genre\u2019s great exponents, visiting Creole celebrations and pe\u00f1as, or simply sharing a song with your loved ones.<\/p>\n\n\n\n<figure class=\"wp-block-image size-full is-resized alignnone wp-image-947\"><img loading=\"lazy\" decoding=\"async\" width=\"800\" height=\"537\" src=\"https:\/\/peruanos.nl\/wp-content\/uploads\/2024\/08\/dia_de_la_cancion_peruana_inside_article_2.webp\" alt=\"\" class=\"wp-image-1442\" style=\"width:1170px;height:auto\" srcset=\"https:\/\/peruanos.nl\/wp-content\/uploads\/2024\/08\/dia_de_la_cancion_peruana_inside_article_2.webp 800w, https:\/\/peruanos.nl\/wp-content\/uploads\/2024\/08\/dia_de_la_cancion_peruana_inside_article_2-600x403.webp 600w, https:\/\/peruanos.nl\/wp-content\/uploads\/2024\/08\/dia_de_la_cancion_peruana_inside_article_2-300x201.webp 300w, https:\/\/peruanos.nl\/wp-content\/uploads\/2024\/08\/dia_de_la_cancion_peruana_inside_article_2-768x516.webp 768w, https:\/\/peruanos.nl\/wp-content\/uploads\/2024\/08\/dia_de_la_cancion_peruana_inside_article_2-750x503.webp 750w\" sizes=\"(max-width: 800px) 100vw, 800px\" \/><figcaption class=\"wp-element-caption\">Arturo &#8220;Zambo&#8221; Cavero y \u00d3scar Avil\u00e9s | Photo de archivo: Revista Ovaci\u00f3n 12 marzo 1977<\/figcaption><\/figure>\n\n\n\n<p>We want to know your favorite Creole song. What memories does Creole music bring to you? Leave us a comment and share this article with others who also appreciate Peru\u2019s rich musical tradition.<\/p>\n\n\n\n<figure class=\"wp-block-embed is-type-video is-provider-youtube wp-block-embed-youtube wp-embed-aspect-16-9 wp-has-aspect-ratio\"><div class=\"wp-block-embed__wrapper\">\n<div class=\"jeg_video_container jeg_video_content\"><iframe title=\"Contigo Peru\u0301\" width=\"500\" height=\"281\" src=\"https:\/\/www.youtube.com\/embed\/sspHSzXlktc?start=96&#038;feature=oembed\" frameborder=\"0\" allow=\"accelerometer; autoplay; clipboard-write; encrypted-media; gyroscope; picture-in-picture; web-share\" referrerpolicy=\"strict-origin-when-cross-origin\" allowfullscreen><\/iframe><\/div>\n<\/div><\/figure>\n","protected":false},"excerpt":{"rendered":"<p>Every October 31, Peru celebrates one of the most vibrant and moving events on its cultural calendar: the Day of the Creole Song. This date, which coincides with the festivities of the Lord of Miracles, pays tribute to the country\u2019s rich musical tradition and offers a chance to relive the music that tells the stories [&hellip;]<\/p>\n","protected":false},"author":1,"featured_media":1431,"comment_status":"open","ping_status":"open","sticky":false,"template":"","format":"standard","meta":{"jnews-multi-image_gallery":[],"jnews_single_post":{"source_name":"","source_url":"","via_name":"","via_url":"","override_template":"0","override":[{"template":"1","single_blog_custom":"","parallax":"1","fullscreen":"1","layout":"right-sidebar","sidebar":"default-sidebar","second_sidebar":"default-sidebar","sticky_sidebar":"1","share_position":"top","share_float_style":"share-monocrhome","show_share_counter":"1","show_view_counter":"1","show_featured":"1","show_post_meta":"1","show_post_author":"1","show_post_author_image":"1","show_post_date":"1","post_date_format":"default","post_date_format_custom":"Y\/m\/d","show_post_category":"1","show_post_reading_time":"0","post_reading_time_wpm":"300","show_zoom_button":"0","zoom_button_out_step":"2","zoom_button_in_step":"3","show_post_tag":"1","show_prev_next_post":"1","show_popup_post":"1","number_popup_post":"1","show_author_box":"0","show_post_related":"0","show_inline_post_related":"0","post_calculate_word_method":"str_word_count"}],"override_image_size":"0","image_override":[{"single_post_thumbnail_size":"crop-500","single_post_gallery_size":"crop-500"}],"trending_post":"0","trending_post_position":"meta","trending_post_label":"Trending","sponsored_post":"0","sponsored_post_label":"Sponsored by","sponsored_post_name":"","sponsored_post_url":"","sponsored_post_logo_enable":"0","sponsored_post_logo":"","sponsored_post_desc":"","format":"standard","video":"https:\/\/www.youtube.com\/watch?v=YdJc7-ZEuT0","disable_ad":"0"},"jnews_primary_category":{"id":"1"},"jnews_social_meta":[],"jnews_override_counter":{"view_counter_number":"0","share_counter_number":"0","like_counter_number":"0","dislike_counter_number":"0"},"footnotes":""},"categories":[1,46],"tags":[130,132,131],"class_list":["post-987","post","type-post","status-publish","format-standard","has-post-thumbnail","hentry","category-culture","category-history","tag-dia-de-la-cancion-criolla","tag-musica-criolla","tag-vals-peruano"],"_links":{"self":[{"href":"https:\/\/peruanos.nl\/en\/wp-json\/wp\/v2\/posts\/987","targetHints":{"allow":["GET"]}}],"collection":[{"href":"https:\/\/peruanos.nl\/en\/wp-json\/wp\/v2\/posts"}],"about":[{"href":"https:\/\/peruanos.nl\/en\/wp-json\/wp\/v2\/types\/post"}],"author":[{"embeddable":true,"href":"https:\/\/peruanos.nl\/en\/wp-json\/wp\/v2\/users\/1"}],"replies":[{"embeddable":true,"href":"https:\/\/peruanos.nl\/en\/wp-json\/wp\/v2\/comments?post=987"}],"version-history":[{"count":18,"href":"https:\/\/peruanos.nl\/en\/wp-json\/wp\/v2\/posts\/987\/revisions"}],"predecessor-version":[{"id":2192,"href":"https:\/\/peruanos.nl\/en\/wp-json\/wp\/v2\/posts\/987\/revisions\/2192"}],"wp:featuredmedia":[{"embeddable":true,"href":"https:\/\/peruanos.nl\/en\/wp-json\/wp\/v2\/media\/1431"}],"wp:attachment":[{"href":"https:\/\/peruanos.nl\/en\/wp-json\/wp\/v2\/media?parent=987"}],"wp:term":[{"taxonomy":"category","embeddable":true,"href":"https:\/\/peruanos.nl\/en\/wp-json\/wp\/v2\/categories?post=987"},{"taxonomy":"post_tag","embeddable":true,"href":"https:\/\/peruanos.nl\/en\/wp-json\/wp\/v2\/tags?post=987"}],"curies":[{"name":"wp","href":"https:\/\/api.w.org\/{rel}","templated":true}]}}